{"id":11706,"date":"2020-07-23T13:39:19","date_gmt":"2020-07-23T13:39:19","guid":{"rendered":"https:\/\/www.greenpeace.org\/africa\/?p=11706"},"modified":"2021-12-01T12:42:46","modified_gmt":"2021-12-01T12:42:46","slug":"greenpeace-afrique-le-gouvernement-camerounais-vient-de-decider-de-massacrer-la-foret-debo","status":"publish","type":"post","link":"https:\/\/www.greenpeace.org\/africa\/fr\/communiques-de-presse\/11706\/greenpeace-afrique-le-gouvernement-camerounais-vient-de-decider-de-massacrer-la-foret-debo\/","title":{"rendered":"Greenpeace Afrique:  &#8220;Le gouvernement camerounais vient de d\u00e9cider de massacrer la for\u00eat d&#8217;Ebo&#8221;"},"content":{"rendered":"\n<p><strong>Yaound\u00e9, 23 juillet 2020 &#8211; Greenpeace Afrique et les communaut\u00e9s locales d\u00e9noncent une <\/strong><a href=\"https:\/\/drive.google.com\/drive\/u\/0\/folders\/1fje8kN1pvUutXN0lyRAzFgOTut6A4ju7\"><strong>d\u00e9cision<\/strong><\/a><strong> du gouvernement camerounais d&#8217;ouvrir 68 385 hectares de for\u00eat vierge \u00e0 l&#8217;exploitation foresti\u00e8re. Le sort d&#8217;une zone de 65 007 ha de la for\u00eat d&#8217;Ebo, \u00e9galement menac\u00e9e d&#8217;exploitation foresti\u00e8re, reste incertain et doit \u00e9galement \u00eatre pr\u00e9serv\u00e9 des tron\u00e7onneuses.<\/strong><\/p>\n\n<p>Le d\u00e9cret du 14 juillet visant \u00e0 exploiter une for\u00eat d&#8217;environ la moiti\u00e9 de la taille de Londres a ignor\u00e9 de mani\u00e8re flagrante les demandes des communaut\u00e9s locales et des ONG internationales d&#8217;honorer une d\u00e9cision du gouvernement de 2006 de d\u00e9clarer la zone parc national. [1] Cette d\u00e9cision a \u00e9galement fait fi des engagements internationaux du Cameroun ainsi qu\u2019elle passe outre la loi <a href=\"https:\/\/www.prc.cm\/en\/multimedia\/documents\/8402-law-n-2020-006-of-20-07-2020-gorillas\">promulgu\u00e9e<\/a> le 20 juillet autorisant la ratification de l\u2019Accord international sur la conservation des gorilles et leurs habitats.<\/p>\n\n<p>\u00ab La for\u00eat d\u2019Ebo abrite des primates en danger critique d\u2019extinction dont la condamnation \u00e0 mort a \u00e9t\u00e9 sign\u00e9e par le Premier ministre Joseph Dion Ngute avec l\u2019approbation de la Pr\u00e9sidence de la R\u00e9publique du Cameroun \u00bb, d\u00e9clare Sylvie Djacbou, charg\u00e9e de campagne for\u00eat chez Greenpeace Afrique. \u00ab Greenpeace demande \u00e0 nouveau d&#8217;annuler les plans d&#8217;exploitation industrielle dans la for\u00eat d&#8217;Ebo et de la d\u00e9signer comme zone de conservation communautaire \u00e0 la place \u00bb, a ajout\u00e9 Djacbou.<\/p>\n\n<p>\u00ab La grande majorit\u00e9 des Banen disent non \u00e0 cette grave injustice \u00bb, d\u00e9clare l\u2019un des chefs Banen, Victor Yetina de l&#8217;association Munen Retour aux Sources. \u00ab La for\u00eat d&#8217;Ebo repr\u00e9sente avant tout l&#8217;identit\u00e9 du peuple Banen et leur Collectif utilisera tous les moyens l\u00e9gaux pour l\u2019annulation de cette d\u00e9cision par le gouvernement \u00bb, a ajout\u00e9 le chef Yetina.<\/p>\n\n<p>Les informations obtenues par Greenpeace Afrique montrent que SEXTRANSBOIS, qui a prospect\u00e9 Ebo le mois dernier, pourrait \u00eatre le b\u00e9n\u00e9ficiaire de la nouvelle concession. L&#8217;entreprise semble \u00eatre contr\u00f4l\u00e9e par les m\u00eames entrepreneurs associ\u00e9s \u00e0 une nouvelle concession de palmiers \u00e0 huile dans la r\u00e9gion Sud, CAMVERT.<\/p>\n\n<p>\u00ab Le gouvernement camerounais, une nouvelle fois, a choisi des gains financiers \u00e0 court terme pour certaines \u00e9lites au d\u00e9triment des int\u00e9r\u00eats \u00e0 long terme des communaut\u00e9s locales et la protection de l&#8217;environnement\u00bb, poursuit Djacbou. \u00ab Cette provocation bafoue les droits de plus de 40 communaut\u00e9s, ruine un point chaud&nbsp; de biodiversit\u00e9 [2] et aggrave la crise climatique. \u00bb [3]<\/p>\n\n<p>FIN<\/p>\n\n<p><strong>Notes:&nbsp;<\/strong><\/p>\n\n<p>[1] Voir <a href=\"https:\/\/drive.google.com\/file\/d\/1wxHYIVNlKM3B1RXGG9PY6nmXrF77tmiA\/view?usp=sharing\">lettres du MINFOF<\/a> &#8211; Minist\u00e8re de la For\u00eat et de la Faune du Cameroun<\/p>\n\n<p>[2] Ebo abrite une population isol\u00e9e de gorilles de l&#8217;Ouest et d&#8217;importantes populations de chimpanz\u00e9s du Nig\u00e9ria &#8211; Cameroun, des singes, des \u00e9l\u00e9phants de for\u00eat, des perroquets gris et d&#8217;autres esp\u00e8ces menac\u00e9es d\u2019extinction de la Liste Rouge de l&#8217;UICN ainsi que 12 esp\u00e8ces d&#8217;arbres r\u00e9cemment d\u00e9crites comme nouvelles par la science. Voir: Whytock RC, Morgan BJ. 2010. The Avifauna of the Ebo forest, Cameroon. Malimbus, 32(1), 22-32, ainsi que Morgan BJ, Adeleke A, Bassey et al. 2011. Regional Action Plan for the Conservation of the Nigeria-Cameroon chimpanzee (Pan troglodytes ellioti) and IUCN\/SSC Primate Specialist Group and Zoological Society of San Diego;<\/p>\n\n<p>[3] &nbsp;La for\u00eat dispose d\u2019une capacit\u00e9 de capture de 35 millions de tonnes de carbone. Voir : Global Forest Watch (2020) <a href=\"http:\/\/bit.ly\/2Q1oTfF\">http:\/\/bit.ly\/2Q1oTfF<\/a>;&nbsp;<\/p>\n\n<p><strong>Les photos et vid\u00e9os de la for\u00eat d\u2019Ebo (Camera cach\u00e9e) :<\/strong><\/p>\n\n<p>Disponibles <a href=\"https:\/\/drive.google.com\/drive\/folders\/18R3QFrFtrq_LB5FpuTV5V_aU7Xg1ZzC-\">ici<\/a>, avec l&#8217;autorisation du San-Diego Global Zoo<\/p>\n\n<p><strong>Contact pour les interviews et plus d\u2019information:<\/strong><\/p>\n\n<ul class=\"wp-block-list\"><li>Chief Victor Yetina, Munen Retour aux Sources, +237-698120222, <a href=\"mailto:victoryetina@gmail.com\">victoryetina@gmail.com<\/a><\/li><li>Tal Harris, Greenpeace Africa International Communications Coordinator, +221-774643195, <a href=\"mailto:tal.harris@greenpeace.org\">tal.harris@greenpeace.org<\/a><\/li><li>Greenpeace Africa newsdesk: <a href=\"mailto:nafrica@greenpeace.org\">nafrica@greenpeace.org<\/a><\/li><\/ul>\n\t\t\t<section\n\t\t\tclass=\"boxout post-4756 \"\n\t\t\t\n\t\t>\n\t\t\t<a\n\t\t\t\tdata-ga-category=\"Take Action Boxout\"\n\t\t\t\tdata-ga-action=\"Image\"\n\t\t\t\tdata-ga-label=\"n\/a\"\n\t\t\t\tclass=\"cover-card-overlay\"\n\t\t\t\thref=\"https:\/\/www.greenpeace.org\/africa\/fr\/agir\/congobasinforest\/\" \n\t\t\t><\/a>\n\t\t\t\t\t\t\t<img\n\t\t\t\t\t\tsrc=\"https:\/\/www.greenpeace.org\/static\/planet4-africa-stateless\/2018\/11\/f2005b2a-gp0stoupc-1024x683.jpg\"\n\t\t\t\t\t\tsrcset=\"https:\/\/www.greenpeace.org\/static\/planet4-africa-stateless\/2018\/11\/f2005b2a-gp0stoupc-300x200.jpg 300w, https:\/\/www.greenpeace.org\/static\/planet4-africa-stateless\/2018\/11\/f2005b2a-gp0stoupc-768x512.jpg 768w, https:\/\/www.greenpeace.org\/static\/planet4-africa-stateless\/2018\/11\/f2005b2a-gp0stoupc-1024x683.jpg 1024w, https:\/\/www.greenpeace.org\/static\/planet4-africa-stateless\/2018\/11\/f2005b2a-gp0stoupc-510x340.jpg 510w, https:\/\/www.greenpeace.org\/static\/planet4-africa-stateless\/2018\/11\/f2005b2a-gp0stoupc.jpg 1200w\"\n\t\t\t\t\t\tsizes=\"(min-width: 1000px) 358px, (min-width: 780px) 313px, 88px\"\n\t\t\t\t\t\talt=\"Local Girl in Cameroon. \u00a9 John Novis\" title=\"Local Girl in Cameroon. \u00a9 John Novis\"\n\t\t\t\t\/>\n            \t\t\t<div class=\"boxout-content\">\n\t\t\t\t\t\t\t\t\t<a\n\t\t\t\t\t\tclass=\"boxout-heading medium\"\n\t\t\t\t\t\tdata-ga-category=\"Take Action Boxout\"\n\t\t\t\t\t\tdata-ga-action=\"Title\"\n\t\t\t\t\t\tdata-ga-label=\"n\/a\"\n\t\t\t\t\t\thref=\"https:\/\/www.greenpeace.org\/africa\/fr\/agir\/congobasinforest\/\"\n\t\t\t\t\t\t\n\t\t\t\t\t>\n\t\t\t\t\t\tLa for\u00eat du Bassin du Congo\n\t\t\t\t\t<\/a>\n\t\t\t\t\t\t\t\t                                    <a\n                        class=\"btn btn-primary\"\n                        data-ga-category=\"Take Action Boxout\"\n                        data-ga-action=\"Call to Action\"\n                        data-ga-label=\"n\/a\"\n                        href=\"https:\/\/www.greenpeace.org\/africa\/fr\/agir\/congobasinforest\/\"\n                        \n                    >\n                        \u00catre impliqu\u00e9\n                    <\/a>\n                \t\t\t<\/div>\n\t\t\t\t\t<\/section>\n\t","protected":false},"excerpt":{"rendered":"<p>Yaound\u00e9, 23 juillet 2020 &#8211; Greenpeace Afrique et les communaut\u00e9s locales d\u00e9noncent une d\u00e9cision du gouvernement camerounais d&rsquo;ouvrir 68 385 hectares de for\u00eat vierge \u00e0 l&rsquo;exploitation foresti\u00e8re. Le sort d&rsquo;une&hellip;<\/p>\n","protected":false},"author":27,"featured_media":11707,"comment_status":"open","ping_status":"open","sticky":false,"template":"","format":"standard","meta":{"_acf_changed":false,"ep_exclude_from_search":false,"p4_og_title":"","p4_og_description":"","p4_og_image":"","p4_og_image_id":"","p4_seo_canonical_url":"","p4_campaign_name":"not set","p4_local_project":"not set","p4_basket_name":"not set","p4_department":"","footnotes":""},"categories":[52],"tags":[54,56,61],"p4-page-type":[51],"class_list":["post-11706","post","type-post","status-publish","format-standard","has-post-thumbnail","hentry","category-proteger-lenvironnement","tag-forets","tag-cameroun","tag-biodiversite","p4-page-type-communiques-de-presse"],"acf":[],"_links":{"self":[{"href":"https:\/\/www.greenpeace.org\/africa\/fr\/wp-json\/wp\/v2\/posts\/11706","targetHints":{"allow":["GET"]}}],"collection":[{"href":"https:\/\/www.greenpeace.org\/africa\/fr\/wp-json\/wp\/v2\/posts"}],"about":[{"href":"https:\/\/www.greenpeace.org\/africa\/fr\/wp-json\/wp\/v2\/types\/post"}],"author":[{"embeddable":true,"href":"https:\/\/www.greenpeace.org\/africa\/fr\/wp-json\/wp\/v2\/users\/27"}],"replies":[{"embeddable":true,"href":"https:\/\/www.greenpeace.org\/africa\/fr\/wp-json\/wp\/v2\/comments?post=11706"}],"version-history":[{"count":3,"href":"https:\/\/www.greenpeace.org\/africa\/fr\/wp-json\/wp\/v2\/posts\/11706\/revisions"}],"predecessor-version":[{"id":49995,"href":"https:\/\/www.greenpeace.org\/africa\/fr\/wp-json\/wp\/v2\/posts\/11706\/revisions\/49995"}],"wp:featuredmedia":[{"embeddable":true,"href":"https:\/\/www.greenpeace.org\/africa\/fr\/wp-json\/wp\/v2\/media\/11707"}],"wp:attachment":[{"href":"https:\/\/www.greenpeace.org\/africa\/fr\/wp-json\/wp\/v2\/media?parent=11706"}],"wp:term":[{"taxonomy":"category","embeddable":true,"href":"https:\/\/www.greenpeace.org\/africa\/fr\/wp-json\/wp\/v2\/categories?post=11706"},{"taxonomy":"post_tag","embeddable":true,"href":"https:\/\/www.greenpeace.org\/africa\/fr\/wp-json\/wp\/v2\/tags?post=11706"},{"taxonomy":"p4-page-type","embeddable":true,"href":"https:\/\/www.greenpeace.org\/africa\/fr\/wp-json\/wp\/v2\/p4-page-type?post=11706"}],"curies":[{"name":"wp","href":"https:\/\/api.w.org\/{rel}","templated":true}]}}