{"id":12675,"date":"2020-11-20T13:56:45","date_gmt":"2020-11-20T13:56:45","guid":{"rendered":"https:\/\/www.greenpeace.org\/africa\/?p=12675"},"modified":"2021-12-01T12:41:25","modified_gmt":"2021-12-01T12:41:25","slug":"quand-le-desespoir-gagne-les-communautes-de-pecheurs-cest-lhecatombe-au-large-des-cotes-senegalaises-et-europeennes","status":"publish","type":"post","link":"https:\/\/www.greenpeace.org\/africa\/fr\/les-blogs\/12675\/quand-le-desespoir-gagne-les-communautes-de-pecheurs-cest-lhecatombe-au-large-des-cotes-senegalaises-et-europeennes\/","title":{"rendered":"Quand le d\u00e9sespoir gagne les communaut\u00e9s de p\u00eacheurs: C\u2019est l&#8217;h\u00e9catombe au large des c\u00f4tes s\u00e9n\u00e9galaises et europ\u00e9ennes."},"content":{"rendered":"\n<div class=\"wp-block-buttons aligncenter is-layout-flex wp-block-buttons-is-layout-flex\">\n<div class=\"wp-block-button is-style-cta\"><a class=\"wp-block-button__link\" href=\"https:\/\/www.greenpeace.org\/africa\/en\/act\/fish4families\/\">Notre survie d\u00e9pend de l&#8217;<strong>oc\u00e9an<\/strong>, unissons-nous pour le\u00a0<strong>prot\u00e9ger<\/strong><\/a><\/div>\n<\/div>\n\n<p><\/p>\n\n<p>Le 21 Novembre 2020 comm\u00e9morant la journ\u00e9e mondiale de la p\u00eache, les p\u00eacheurs du S\u00e9n\u00e9gal rendent hommage \u00e0 leurs coll\u00e8gues et concitoyens qui ont perdu la vie en mer en essayant de rallier l\u2019Europe \u00e0 bord de leurs pirogues. Le d\u00e9sespoir qui les anime et qui les pousse \u00e0 quitter leur propre pays est d\u00fb \u00e0 la raret\u00e9 des ressources principalement caus\u00e9e par l\u2019introduction de bateaux de p\u00eache \u00e9trangers.<\/p>\n\n<p>Au moment o\u00f9 Greenpeace publiait son rapport intitul\u00e9 \u201c<em>mal de mer<\/em>\u201d retra\u00e7ant le pillage des ressources halieutiques de l\u2019Afrique de l\u2019Ouest par des multinationales, le ph\u00e9nom\u00e8ne de l&#8217;\u00e9migration clandestine d\u00e9nomm\u00e9 \u201c<em>Bar\u00e7a ou Barsakh<\/em>\u201d (Barcelone ou la mort) a repris au S\u00e9n\u00e9gal avec des proportions inqui\u00e9tantes.<\/p>\n\n<p>En effet, \u00e0 travers la presse (cf. journal Kritik du lundi 12 octobre 2020) et les r\u00e9seaux sociaux, il est constat\u00e9 une recrudescence des convois de pirogues s\u00e9n\u00e9galaises vers l\u2019Espagne et l\u2019arriv\u00e9e massive de jeunes p\u00eacheurs s\u00e9n\u00e9galais \u00e0 T\u00e9n\u00e9rife (Espagne).<\/p>\n\n<p><img decoding=\"async\" src=\"https:\/\/lh4.googleusercontent.com\/xcwKytiPcTnn0Jel6YUBVODsv6oWgf0SNYZAbFTWDnhq4bQcpFyjav3CUrbo2hAIQZ6IXIafIYpr4r9X6oGZzQqw6jIU1RL4RH0P5uh_0Xw3u2dJHZcFa4tdM90byVVvmxMa_B8J\" style=\"width: 1000px;\"><\/p>\n\n<p>Le fait marquant de cette nouvelle vague d&#8217;\u00e9migration de jeunes s\u00e9n\u00e9galais vers l\u2019Espagne, c\u2019est que cette fois-ci, ce sont des p\u00eacheurs professionnels qui empruntent le chemin de l\u2019exil, contrairement aux premi\u00e8res vagues o\u00f9 les p\u00eacheurs \u00e9taient seulement des convoyeurs.<\/p>\n\n<p>Qu\u2019est-ce qui pousse les p\u00eacheurs s\u00e9n\u00e9galais \u00e0 tourner le dos \u00e0 leur oc\u00e9an r\u00e9put\u00e9 parmi les plus poissonneux au monde? Pourquoi ces p\u00eacheurs choisissent-ils d\u2019aller vers l\u2019inconnu au prix de leur vie?<\/p>\n\n<p>Les r\u00e9ponses \u00e0 ces questions se trouvent dans le rapport de Greenpeace susmentionn\u00e9 et se r\u00e9sument \u00e0 <strong>la mauvaise gestion des p\u00eacheries s\u00e9n\u00e9galaises<\/strong>.<\/p>\n\n<p>En effet, l\u2019introduction ill\u00e9gale et incontr\u00f4l\u00e9e de gros navires de p\u00eache industrielle, l\u2019absence de mesures de gestion appropri\u00e9es pour faire r\u00e9g\u00e9n\u00e9rer les ressources halieutiques, l\u2019implantation d\u2019usines de farine et d\u2019huile de poisson qui concurrencent les femmes transformatrices dans l\u2019acc\u00e8s aux petits p\u00e9lagiques sont autant d\u2019\u00e9l\u00e9ments qui ont conduit les p\u00eacheurs s\u00e9n\u00e9galais \u00e0 la pr\u00e9carit\u00e9 .&nbsp;<\/p>\n\n<p>La protection des m\u00e9tiers des p\u00eacheurs, des mareyeurs et des femmes transformatrices devrait \u00eatre la priorit\u00e9 du gouvernement du S\u00e9n\u00e9gal afin que la p\u00eache puisse continuer \u00e0 jouer son r\u00f4le de cr\u00e9ation de richesses, de pourvoyeur d\u2019emplois et de contribution \u00e0 la s\u00e9curit\u00e9 alimentaire des populations du S\u00e9n\u00e9gal et de la sous-r\u00e9gion.<\/p>\n\n<p>Durant ces derni\u00e8res semaines, c&#8217;est une catastrophe humaine qui est en train de se produire dans l\u2019espace maritime du S\u00e9n\u00e9gal. En effet, selon <a href=\"https:\/\/www.rfi.fr\/fr\/afrique\/20201110-inqui%C3%A9tude-s%C3%A9n%C3%A9gal-multiplication-drames-migrants\">diff\u00e9rents m\u00e9dias et organisations de la soci\u00e9t\u00e9 civile<\/a>, pas moins de 480 individus ont perdu la vie en essayant de rallier les c\u00f4tes espagnoles (\u00eeles canaries) \u00e0 bord de pirogues de p\u00eache artisanale.<\/p>\n\n<p>Si des mesures rigoureuses ne sont pas prises et mises en \u0153uvre par les autorit\u00e9s, d\u2019autres couches de la population issues des communaut\u00e9s de p\u00eache (p\u00eacheurs, mareyeurs et femmes transformatrices) risquent de tourner le dos \u00e0 leurs m\u00e9tiers \u00e0 cause du d\u00e9sespoir et de la raret\u00e9 de la ressource .<\/p>\n\n<p>Greenpeace s\u2019indigne face \u00e0 cette situation qui pouvait \u00eatre \u00e9vit\u00e9e si des mesures de gestion durable des ressources halieutiques avaient \u00e9t\u00e9 prises en impliquant toutes les parties prenantes. En effet, dans les processus de n\u00e9gociation des accords de p\u00eache ou de d\u00e9livrance de licences de p\u00eache,&nbsp; les grandes puissances (UE et Chine) ainsi que le gouvernement s\u00e9n\u00e9galais n&#8217;impliquent pas les communaut\u00e9s de p\u00eacheurs comme stipul\u00e9 dans la l\u00e9gislation.. Ainsi, les int\u00e9r\u00eats des communaut\u00e9s de p\u00eacheurs s\u00e9n\u00e9galais sont sacrifi\u00e9s au profit des industries de p\u00eache d\u2019origine chinoise ou europ\u00e9enne.<\/p>\n\n<p>Le mal pouvait \u00eatre \u00e9vit\u00e9 si ces populations de p\u00eacheurs pouvaient \u00e9galement b\u00e9n\u00e9ficier de ces privil\u00e8ges mais la triste r\u00e9alit\u00e9 et que tous ces p\u00eacheurs qui ont pris les pirogues pour rallier l\u2019Europe au p\u00e9ril de leur vie, sont bloqu\u00e9s dans des camps, en attente d\u2019\u00eatre rapatri\u00e9s dans leur pays d\u2019origine o\u00f9 ils vont retrouver ces m\u00eames navires \u00e9trangers responsables de leur appauvrissement, piller leurs ressources et. <strong><em>Ah oui, l&#8217;UE veut le poisson ouest-african mais pas ses migrants !!!<\/em><\/strong><\/p>\n\n<p><img decoding=\"async\" src=\"https:\/\/lh5.googleusercontent.com\/ORmH-m6NSzCW9nDKRcq6GpE_AMZcFPMySB_tuQ2txBrYu23z-yaYn20AsVl2wl5WBx9cohUsv1gV4j_DXr9Kn2gOkmNgR28fiW-BmGMCJjNyswrHymUWouAkMqmK3DtheNCn4-Hf\" style=\"width: 1000px;\"><\/p>\n\n<p>Greenpeace s\u2019incline devant la m\u00e9moire de ces jeunes fils du S\u00e9n\u00e9gal, pr\u00e9sente ses condol\u00e9ances aux familles des disparus et demande aux autorit\u00e9s s\u00e9n\u00e9galaises de mener des enqu\u00eates afin de situer les responsabilit\u00e9s sur les circonstances ayant entra\u00een\u00e9 la mort de jeunes p\u00eacheurs.<\/p>\n\n<p>Soutenons-les \u00e0 travers cette p\u00e9tition dans la lutte qu\u2019ils m\u00e8nent pour plus de transparence dans la gestion des ressources halieutiques ainsi que l\u2019arr\u00eat de l\u2019octroi des licences de p\u00eache industrielle pour le bien \u00eatre des communaut\u00e9s.<\/p>\n\n<div class=\"wp-block-buttons aligncenter is-layout-flex wp-block-buttons-is-layout-flex\">\n<div class=\"wp-block-button is-style-cta\"><a class=\"wp-block-button__link\" href=\"https:\/\/www.greenpeace.org\/africa\/en\/act\/fish4families\/\">Notre survie d\u00e9pend de l&#8217;<strong>oc\u00e9an<\/strong>, unissons-nous pour le\u00a0<strong>prot\u00e9ger<\/strong><\/a><\/div>\n<\/div>\n\n<p><\/p>\n\t\t\t<section\n\t\t\tclass=\"boxout post-4763 \"\n\t\t\t\n\t\t>\n\t\t\t<a\n\t\t\t\tdata-ga-category=\"Take Action Boxout\"\n\t\t\t\tdata-ga-action=\"Image\"\n\t\t\t\tdata-ga-label=\"n\/a\"\n\t\t\t\tclass=\"cover-card-overlay\"\n\t\t\t\thref=\"https:\/\/www.greenpeace.org\/africa\/fr\/agir\/ocean-sanctuaries\/\" \n\t\t\t><\/a>\n\t\t\t\t\t\t\t<img\n\t\t\t\t\t\tsrc=\"https:\/\/www.greenpeace.org\/static\/planet4-africa-stateless\/2018\/11\/e1996db7-gp0n2f-1024x684.jpg\"\n\t\t\t\t\t\tsrcset=\"https:\/\/www.greenpeace.org\/static\/planet4-africa-stateless\/2018\/11\/e1996db7-gp0n2f-300x201.jpg 300w, https:\/\/www.greenpeace.org\/static\/planet4-africa-stateless\/2018\/11\/e1996db7-gp0n2f-768x513.jpg 768w, https:\/\/www.greenpeace.org\/static\/planet4-africa-stateless\/2018\/11\/e1996db7-gp0n2f-1024x684.jpg 1024w, https:\/\/www.greenpeace.org\/static\/planet4-africa-stateless\/2018\/11\/e1996db7-gp0n2f-510x340.jpg 510w, https:\/\/www.greenpeace.org\/static\/planet4-africa-stateless\/2018\/11\/e1996db7-gp0n2f.jpg 1200w\"\n\t\t\t\t\t\tsizes=\"(min-width: 1000px) 358px, (min-width: 780px) 313px, 88px\"\n\t\t\t\t\t\talt=\"Penguins at the Chilean base Presidente Frei. \u00a9 Steve Morgan\" title=\"Penguins at the Chilean base Presidente Frei. \u00a9 Steve Morgan\"\n\t\t\t\t\/>\n            \t\t\t<div class=\"boxout-content\">\n\t\t\t\t\t\t\t\t\t<a\n\t\t\t\t\t\tclass=\"boxout-heading medium\"\n\t\t\t\t\t\tdata-ga-category=\"Take Action Boxout\"\n\t\t\t\t\t\tdata-ga-action=\"Title\"\n\t\t\t\t\t\tdata-ga-label=\"n\/a\"\n\t\t\t\t\t\thref=\"https:\/\/www.greenpeace.org\/africa\/fr\/agir\/ocean-sanctuaries\/\"\n\t\t\t\t\t\t\n\t\t\t\t\t>\n\t\t\t\t\t\tLes Sanctuaires Oc\u00e9aniques\n\t\t\t\t\t<\/a>\n\t\t\t\t\t\t\t\t                                    <a\n                        class=\"btn btn-primary\"\n                        data-ga-category=\"Take Action Boxout\"\n                        data-ga-action=\"Call to Action\"\n                        data-ga-label=\"n\/a\"\n                        href=\"https:\/\/www.greenpeace.org\/africa\/fr\/agir\/ocean-sanctuaries\/\"\n                        \n                    >\n                        \u00catre impliqu\u00e9\n                    <\/a>\n                \t\t\t<\/div>\n\t\t\t\t\t<\/section>\n\t","protected":false},"excerpt":{"rendered":"<p>Le 21 Novembre 2020 comm\u00e9morant la journ\u00e9e mondiale de la p\u00eache, les p\u00eacheurs du S\u00e9n\u00e9gal rendent hommage \u00e0 leurs coll\u00e8gues et concitoyens qui ont perdu la vie en mer en&hellip;<\/p>\n","protected":false},"author":23,"featured_media":12683,"comment_status":"open","ping_status":"open","sticky":false,"template":"","format":"standard","meta":{"_acf_changed":false,"ep_exclude_from_search":false,"p4_og_title":"","p4_og_description":"","p4_og_image":"","p4_og_image_id":"","p4_seo_canonical_url":"","p4_campaign_name":"not set","p4_local_project":"not set","p4_basket_name":"not set","p4_department":"","footnotes":""},"categories":[17],"tags":[67,77,96],"p4-page-type":[104],"class_list":["post-12675","post","type-post","status-publish","format-standard","has-post-thumbnail","hentry","category-non-classifiee","tag-justicesociale","tag-senegal-fr","tag-oceans-fr","p4-page-type-les-blogs"],"acf":[],"_links":{"self":[{"href":"https:\/\/www.greenpeace.org\/africa\/fr\/wp-json\/wp\/v2\/posts\/12675","targetHints":{"allow":["GET"]}}],"collection":[{"href":"https:\/\/www.greenpeace.org\/africa\/fr\/wp-json\/wp\/v2\/posts"}],"about":[{"href":"https:\/\/www.greenpeace.org\/africa\/fr\/wp-json\/wp\/v2\/types\/post"}],"author":[{"embeddable":true,"href":"https:\/\/www.greenpeace.org\/africa\/fr\/wp-json\/wp\/v2\/users\/23"}],"replies":[{"embeddable":true,"href":"https:\/\/www.greenpeace.org\/africa\/fr\/wp-json\/wp\/v2\/comments?post=12675"}],"version-history":[{"count":9,"href":"https:\/\/www.greenpeace.org\/africa\/fr\/wp-json\/wp\/v2\/posts\/12675\/revisions"}],"predecessor-version":[{"id":49924,"href":"https:\/\/www.greenpeace.org\/africa\/fr\/wp-json\/wp\/v2\/posts\/12675\/revisions\/49924"}],"wp:featuredmedia":[{"embeddable":true,"href":"https:\/\/www.greenpeace.org\/africa\/fr\/wp-json\/wp\/v2\/media\/12683"}],"wp:attachment":[{"href":"https:\/\/www.greenpeace.org\/africa\/fr\/wp-json\/wp\/v2\/media?parent=12675"}],"wp:term":[{"taxonomy":"category","embeddable":true,"href":"https:\/\/www.greenpeace.org\/africa\/fr\/wp-json\/wp\/v2\/categories?post=12675"},{"taxonomy":"post_tag","embeddable":true,"href":"https:\/\/www.greenpeace.org\/africa\/fr\/wp-json\/wp\/v2\/tags?post=12675"},{"taxonomy":"p4-page-type","embeddable":true,"href":"https:\/\/www.greenpeace.org\/africa\/fr\/wp-json\/wp\/v2\/p4-page-type?post=12675"}],"curies":[{"name":"wp","href":"https:\/\/api.w.org\/{rel}","templated":true}]}}