{"id":12866,"date":"2020-12-03T14:50:41","date_gmt":"2020-12-03T14:50:41","guid":{"rendered":"https:\/\/www.greenpeace.org\/africa\/?p=12866"},"modified":"2020-12-03T15:16:25","modified_gmt":"2020-12-03T15:16:25","slug":"declaration-de-greenpeace-afrique-sur-la-revue-independante-du-wwf-relative-aux-violations-des-droits-humains","status":"publish","type":"post","link":"https:\/\/www.greenpeace.org\/africa\/fr\/communiques-de-presse\/12866\/declaration-de-greenpeace-afrique-sur-la-revue-independante-du-wwf-relative-aux-violations-des-droits-humains\/","title":{"rendered":"D\u00e9claration de Greenpeace Afrique sur la revue ind\u00e9pendante du WWF relative aux violations des droits humains"},"content":{"rendered":"\n<p>Les violations et abus des droits humains sont inacceptables en toutes circonstances. Le <a href=\"https:\/\/wwfint.awsassets.panda.org\/downloads\/independent_review___independent_panel_of_experts__final_report_24_nov_2020.pdf\">rapport du Panel ind\u00e9pendant<\/a> indique clairement que \u00ab le WWF n&#8217;a pas respect\u00e9 ses engagements en mati\u00e8re de droits humains \u00bb.<\/p>\n\n<p>Le WWF doit assumer pleinement sa responsabilit\u00e9 pour les abus commis par des gardes ou des \u00ab \u00e9cogardes \u00bb travaillant dans les aires prot\u00e9g\u00e9es que le WWF g\u00e8re ou co-g\u00e8re. En plus de donner suite \u00e0 toutes les recommandations du Comit\u00e9 d\u2019examen, Greenpeace attend du WWF qu\u2019il pr\u00e9sente des excuses compl\u00e8tes aux survivants et s&#8217;assure que ces derniers re\u00e7oivent les r\u00e9parations ad\u00e9quates.<\/p>\n\n<p>Plus fondamentalement, le WWF et d&#8217;autres organisations de conservation, ainsi que leurs bailleurs de fonds, doivent prendre acte des d\u00e9g\u00e2ts caus\u00e9s par le mod\u00e8le colonial de \u00ab <a href=\"https:\/\/www.greenpeace.org\/international\/story\/45497\/indigenous-people-biodiversity-fortress-conservation-power-shift\/\">conservation forteresse<\/a> \u00bb qui restreint l&#8217;acc\u00e8s aux terres coutumi\u00e8res et ancestrales, et conduit au harc\u00e8lement, aux abus, aux expulsions et \u00e0 des meurtres de populations autochtones et des membres des communaut\u00e9s locales.<\/p>\n\n<p>La protection de la nature doit reposer sur la reconnaissance juridique des droits des peuples sur leurs terres coutumi\u00e8res et ancestrales. Les peuples autochtones et les communaut\u00e9s locales, qui sont parmi les moins responsables de la crise mondiale d\u2019extinction, doivent \u00eatre reconnus comme des leaders exemplaires en mati\u00e8re de d\u00e9fense de la nature contre l&#8217;exploitation industrielle et criminelle. La pratique coloniale actuelle consistant \u00e0 faire d\u2019eux des dommages collat\u00e9raux des initiatives de conservation doit cesser.<\/p>\n\n<p>Ir\u00e8ne Wabiwa Betoko, chef de projet international \u00e0 Greenpeace Afrique pour les for\u00eats du bassin du Congo: Il n&#8217;y a plus d&#8217;excuses pour le mod\u00e8le dommageable de la conservation forteresse. Les \u00e9cogardes financ\u00e9s, \u00e9quip\u00e9s par le WWF et avec lesquels le WWF a collabor\u00e9 ont commis des crimes. L&#8217;enqu\u00eate du WWF ne doit pas seulement aboutir \u00e0 des excuses et des r\u00e9parations aux victimes, mais \u00e0 une sortie totale du mod\u00e8le colonial de conservation forteresse qui op\u00e8re au d\u00e9triment des vies humaines.<\/p>\n","protected":false},"excerpt":{"rendered":"<p>Les violations et abus des droits humains sont inacceptables en toutes circonstances. Le rapport du Panel ind\u00e9pendant indique clairement que \u00ab le WWF n&#8217;a pas respect\u00e9 ses engagements en mati\u00e8re de droits humains \u00bb.<\/p>\n","protected":false},"author":29,"featured_media":12881,"comment_status":"open","ping_status":"open","sticky":false,"template":"","format":"standard","meta":{"_acf_changed":false,"ep_exclude_from_search":false,"p4_og_title":"","p4_og_description":"","p4_og_image":"","p4_og_image_id":"","p4_seo_canonical_url":"","p4_campaign_name":"not set","p4_local_project":"not set","p4_basket_name":"not set","p4_department":"","footnotes":""},"categories":[57],"tags":[42],"p4-page-type":[51],"class_list":["post-12866","post","type-post","status-publish","format-standard","has-post-thumbnail","hentry","category-inspirer-le-mouvement","tag-greenpeaceafrique","p4-page-type-communiques-de-presse"],"acf":[],"_links":{"self":[{"href":"https:\/\/www.greenpeace.org\/africa\/fr\/wp-json\/wp\/v2\/posts\/12866","targetHints":{"allow":["GET"]}}],"collection":[{"href":"https:\/\/www.greenpeace.org\/africa\/fr\/wp-json\/wp\/v2\/posts"}],"about":[{"href":"https:\/\/www.greenpeace.org\/africa\/fr\/wp-json\/wp\/v2\/types\/post"}],"author":[{"embeddable":true,"href":"https:\/\/www.greenpeace.org\/africa\/fr\/wp-json\/wp\/v2\/users\/29"}],"replies":[{"embeddable":true,"href":"https:\/\/www.greenpeace.org\/africa\/fr\/wp-json\/wp\/v2\/comments?post=12866"}],"version-history":[{"count":1,"href":"https:\/\/www.greenpeace.org\/africa\/fr\/wp-json\/wp\/v2\/posts\/12866\/revisions"}],"predecessor-version":[{"id":12867,"href":"https:\/\/www.greenpeace.org\/africa\/fr\/wp-json\/wp\/v2\/posts\/12866\/revisions\/12867"}],"wp:featuredmedia":[{"embeddable":true,"href":"https:\/\/www.greenpeace.org\/africa\/fr\/wp-json\/wp\/v2\/media\/12881"}],"wp:attachment":[{"href":"https:\/\/www.greenpeace.org\/africa\/fr\/wp-json\/wp\/v2\/media?parent=12866"}],"wp:term":[{"taxonomy":"category","embeddable":true,"href":"https:\/\/www.greenpeace.org\/africa\/fr\/wp-json\/wp\/v2\/categories?post=12866"},{"taxonomy":"post_tag","embeddable":true,"href":"https:\/\/www.greenpeace.org\/africa\/fr\/wp-json\/wp\/v2\/tags?post=12866"},{"taxonomy":"p4-page-type","embeddable":true,"href":"https:\/\/www.greenpeace.org\/africa\/fr\/wp-json\/wp\/v2\/p4-page-type?post=12866"}],"curies":[{"name":"wp","href":"https:\/\/api.w.org\/{rel}","templated":true}]}}