{"id":12909,"date":"2020-12-17T07:56:52","date_gmt":"2020-12-17T07:56:52","guid":{"rendered":"https:\/\/www.greenpeace.org\/africa\/?p=12909"},"modified":"2021-12-01T12:41:15","modified_gmt":"2021-12-01T12:41:15","slug":"linitiative-pour-la-foret-de-lafrique-centrale-le-pire-est-a-craindre-pour-la-prochaine-decennie","status":"publish","type":"post","link":"https:\/\/www.greenpeace.org\/africa\/fr\/les-blogs\/12909\/linitiative-pour-la-foret-de-lafrique-centrale-le-pire-est-a-craindre-pour-la-prochaine-decennie\/","title":{"rendered":"L\u2019Initiative pour la for\u00eat de l\u2019Afrique centrale : le pire est \u00e0 craindre pour la prochaine d\u00e9cennie"},"content":{"rendered":"\n<p>Kinshasa, 10 d\u00e9cembre 2020 &#8211; L\u2019Accord de partenariat de l\u2019<a href=\"https:\/\/www.cafi.org\/\">Initiative pour la for\u00eat de l\u2019Afrique centrale<\/a> (CAFI) avec la RDC sign\u00e9 en 2016 arrive \u00e0 terme \u00e0 la fin du mois de d\u00e9cembre. Toutes les <a href=\"https:\/\/www.greenpeace.org\/africa\/en\/publications\/9210\/cafi-response-to-illegal-award-of-drc-logging-concessions\/\">craintes<\/a> d\u2019il y a quatre ans se sont confirm\u00e9es : les r\u00e9sultats de CAFI ont \u00e9t\u00e9 catastrophiques &#8211; malgr\u00e9 les 156 millions de dollars d\u00e9caiss\u00e9s.&nbsp;<\/p>\n\n<p>\u00ab Le financement de CAFI en RDC a \u00e9chou\u00e9 \u00e0 plusieurs reprises \u00e0 induire un respect m\u00eame minimal de la gouvernance foresti\u00e8re.&nbsp; Au contraire, il semble avoir encourag\u00e9 des pratiques ill\u00e9gales au plus haut niveau de l\u2019Etat. Rappelons qu&#8217;un d\u00e9caissement de 41,2 millions de dollars au Fonds national REDD en octobre 2017 a \u00e9t\u00e9 suivi par une attribution de titres ill\u00e9gaux en 2018 d\u2019une ampleur sans pr\u00e9c\u00e9dent dans l&#8217;histoire moderne de l&#8217;exploitation foresti\u00e8re congolaise \u00bb, a d\u00e9clar\u00e9 Ir\u00e8ne Wabiwa, cheffe de projet for\u00eats du bassin du Congo \u00e0 Greenpeace Afrique.<\/p>\n\n<p>L\u2019enveloppe de la nouvelle lettre d\u2019intention de 2021 \u00e0 2030 devrait <a href=\"http:\/\/www.environews-rdc.org\/2020\/10\/20\/foret-le-fonaredd-consulte-les-parties-prenantes-pour-preparer-le-nouveau-partenariat-rdc-cafi-2021-2030\/\">atteindre le 1 milliard de dollars<\/a>.<\/p>\n\n<p>Vu le refus de CAFI de r\u00e9pondre aux <a href=\"https:\/\/www.greenpeace.org\/africa\/en\/publications\/9210\/cafi-response-to-illegal-award-of-drc-logging-concessions\/\">lettres<\/a> de Greenpeace Afrique ainsi que l\u2019<a href=\"https:\/\/www.greenpeace.org\/africa\/en\/press\/7781\/greenpeace-africa-on-congo-brazzaville-cafi-agreement-peatlands-must-be-a-no-go-zone-for-all-industrial-activity\/\">accord<\/a> qu\u2019elle a sign\u00e9 l\u2019ann\u00e9e derni\u00e8re avec la R\u00e9publique du Congo, ce n\u2019est gu\u00e8re surprenant qu\u2019elle cherche \u00e0 renouveler son accord avec Kinshasa sans tirer les le\u00e7ons, et aussi rapidement que possible.&nbsp;<\/p>\n\n<p>\u00ab Au regard du&nbsp; pillage des for\u00eats ininterrompu que nous constatons sur le terrain, les abus continus des droits des communaut\u00e9s locales et autochtones, ainsi que la largesse de CAFI, la signature d\u2019une nouvelle lettre d&#8217;intention ne doit \u00eatre envisag\u00e9e et une halte imm\u00e9diate aux d\u00e9caissements s\u2019impose \u00bb, d\u00e9clare Ir\u00e8ne Wabiwa.<\/p>\n\n<p>Pour une protection effective de la deuxi\u00e8me plus grande for\u00eat tropicale au monde, Greenpeace Afrique estime qu&#8217;il est absolument n\u00e9cessaire de transformer le moratoire existant sur l\u2019octroi des nouveaux titres forestiers en une protection permanente. Au lieu de se pr\u00e9cipiter pour la signature d\u2019une nouvelle lettre d&#8217;Intention, le&nbsp; gouvernement congolais et CAFI doivent plut\u00f4t se focaliser sur des m\u00e9canismes qui,&nbsp; \u00e0 priori, visent la protection des for\u00eats en RDC.<\/p>\n\n<p>&nbsp;\u00ab Au lieu de faciliter la lev\u00e9e du moratoire sur l\u2019attribution de nouveaux titres forestiers industriels via la mise en place de toute une s\u00e9rie de conditions habilitantes, CAFI doit faire en sorte que l\u2019\u00e9tablissement d\u2019un moratoire permanent soit inscrit dans tout nouvel accord. L\u2019annulation des blocs <a href=\"https:\/\/www.greenpeace.org\/africa\/fr\/communiques-de-presse\/6529\/greenpeace-afrique-demande-au-president-de-la-rdc-dannuler-le-contrat-petrolier-dans-le-parc-national-de-la-salonga-et-les-tourbieres-de-la-cuvette-centrale-en-rdc\/\">p\u00e9troliers<\/a> dans les parcs nationaux et dans les tourbi\u00e8res de la Cuvette centrale doit \u00e9galement \u00eatre un pr\u00e9alable \u00e0 la signature d\u2019un nouvel accord \u00bb, a d\u00e9clar\u00e9 Mme Wabiwa.<\/p>\n\n<p>Alors que le Ministre de l\u2019Environnement et D\u00e9veloppement Durable fait la course \u00e0 la montre pour bricoler un document de politique foresti\u00e8re avant l&#8217;\u00e9ventuelle formation d\u2019un nouveau gouvernement, CAFI reste muette sur <a href=\"https:\/\/actualite.cd\/2020\/09\/30\/rdc-les-organisations-ocean-et-codelt-saisissent-le-conseil-detat-pour-obtenir\">l\u2019action en justice<\/a> entreprise par la soci\u00e9t\u00e9 civile contre son autorisation, il y a un an, de la cession de deux millions d\u2019hectares du territoire national par un entrepreneur chinois \u00e0 une flop\u00e9e de soci\u00e9t\u00e9s <a href=\"https:\/\/www.gtcrr-rdc.org\/wp-content\/uploads\/2020\/03\/Note-de-Position-GTCRR_9_Concessions-foresti%C3%A8res_attribu%C3%A9es_par_MEDD_Claude-Nyamugabu-VFin_-sign%C3%A9e-le13-08-2020.pdf\">\u00e9crans<\/a>.&nbsp;&nbsp;<\/p>\n\n<p>FIN<\/p>\n\n<p>Pour plus d\u2019information:&nbsp;<\/p>\n\n<p>Ir\u00e8ne Wabiwa &#8211; Cheffe de projet international, campagne pour les for\u00eats du bassin du Congo a.i., Greenpeace Afrique<\/p>\n\n<p>Email : <a href=\"mailto:iwabiwa@greenpeace.org\">iwabiwa@greenpeace.org<\/a>&nbsp;&nbsp;&nbsp;<\/p>\n\n<p>T\u00e9l : +243 976756102<\/p>\n\t\t\t<section\n\t\t\tclass=\"boxout post-4756 \"\n\t\t\t\n\t\t>\n\t\t\t<a\n\t\t\t\tdata-ga-category=\"Take Action Boxout\"\n\t\t\t\tdata-ga-action=\"Image\"\n\t\t\t\tdata-ga-label=\"n\/a\"\n\t\t\t\tclass=\"cover-card-overlay\"\n\t\t\t\thref=\"https:\/\/www.greenpeace.org\/africa\/fr\/agir\/congobasinforest\/\" \n\t\t\t><\/a>\n\t\t\t\t\t\t\t<img\n\t\t\t\t\t\tsrc=\"https:\/\/www.greenpeace.org\/static\/planet4-africa-stateless\/2018\/11\/f2005b2a-gp0stoupc-1024x683.jpg\"\n\t\t\t\t\t\tsrcset=\"https:\/\/www.greenpeace.org\/static\/planet4-africa-stateless\/2018\/11\/f2005b2a-gp0stoupc-300x200.jpg 300w, https:\/\/www.greenpeace.org\/static\/planet4-africa-stateless\/2018\/11\/f2005b2a-gp0stoupc-768x512.jpg 768w, https:\/\/www.greenpeace.org\/static\/planet4-africa-stateless\/2018\/11\/f2005b2a-gp0stoupc-1024x683.jpg 1024w, https:\/\/www.greenpeace.org\/static\/planet4-africa-stateless\/2018\/11\/f2005b2a-gp0stoupc-510x340.jpg 510w, https:\/\/www.greenpeace.org\/static\/planet4-africa-stateless\/2018\/11\/f2005b2a-gp0stoupc.jpg 1200w\"\n\t\t\t\t\t\tsizes=\"(min-width: 1000px) 358px, (min-width: 780px) 313px, 88px\"\n\t\t\t\t\t\talt=\"Local Girl in Cameroon. \u00a9 John Novis\" title=\"Local Girl in Cameroon. \u00a9 John Novis\"\n\t\t\t\t\/>\n            \t\t\t<div class=\"boxout-content\">\n\t\t\t\t\t\t\t\t\t<a\n\t\t\t\t\t\tclass=\"boxout-heading medium\"\n\t\t\t\t\t\tdata-ga-category=\"Take Action Boxout\"\n\t\t\t\t\t\tdata-ga-action=\"Title\"\n\t\t\t\t\t\tdata-ga-label=\"n\/a\"\n\t\t\t\t\t\thref=\"https:\/\/www.greenpeace.org\/africa\/fr\/agir\/congobasinforest\/\"\n\t\t\t\t\t\t\n\t\t\t\t\t>\n\t\t\t\t\t\tLa for\u00eat du Bassin du Congo\n\t\t\t\t\t<\/a>\n\t\t\t\t\t\t\t\t                                    <a\n                        class=\"btn btn-primary\"\n                        data-ga-category=\"Take Action Boxout\"\n                        data-ga-action=\"Call to Action\"\n                        data-ga-label=\"n\/a\"\n                        href=\"https:\/\/www.greenpeace.org\/africa\/fr\/agir\/congobasinforest\/\"\n                        \n                    >\n                        \u00catre impliqu\u00e9\n                    <\/a>\n                \t\t\t<\/div>\n\t\t\t\t\t<\/section>\n\t","protected":false},"excerpt":{"rendered":"<p>Kinshasa, 10 d\u00e9cembre 2020 &#8211; L\u2019Accord de partenariat de l\u2019Initiative pour la for\u00eat de l\u2019Afrique centrale (CAFI) avec la RDC sign\u00e9 en 2016 arrive \u00e0 terme \u00e0 la fin du&hellip;<\/p>\n","protected":false},"author":23,"featured_media":9061,"comment_status":"open","ping_status":"open","sticky":false,"template":"","format":"standard","meta":{"_acf_changed":false,"ep_exclude_from_search":false,"p4_og_title":"","p4_og_description":"","p4_og_image":"","p4_og_image_id":"","p4_seo_canonical_url":"","p4_campaign_name":"not set","p4_local_project":"not set","p4_basket_name":"not set","p4_department":"","footnotes":""},"categories":[17],"tags":[54,111],"p4-page-type":[104],"class_list":["post-12909","post","type-post","status-publish","format-standard","has-post-thumbnail","hentry","category-non-classifiee","tag-forets","tag-drc-fr","p4-page-type-les-blogs"],"acf":[],"_links":{"self":[{"href":"https:\/\/www.greenpeace.org\/africa\/fr\/wp-json\/wp\/v2\/posts\/12909","targetHints":{"allow":["GET"]}}],"collection":[{"href":"https:\/\/www.greenpeace.org\/africa\/fr\/wp-json\/wp\/v2\/posts"}],"about":[{"href":"https:\/\/www.greenpeace.org\/africa\/fr\/wp-json\/wp\/v2\/types\/post"}],"author":[{"embeddable":true,"href":"https:\/\/www.greenpeace.org\/africa\/fr\/wp-json\/wp\/v2\/users\/23"}],"replies":[{"embeddable":true,"href":"https:\/\/www.greenpeace.org\/africa\/fr\/wp-json\/wp\/v2\/comments?post=12909"}],"version-history":[{"count":2,"href":"https:\/\/www.greenpeace.org\/africa\/fr\/wp-json\/wp\/v2\/posts\/12909\/revisions"}],"predecessor-version":[{"id":49917,"href":"https:\/\/www.greenpeace.org\/africa\/fr\/wp-json\/wp\/v2\/posts\/12909\/revisions\/49917"}],"wp:featuredmedia":[{"embeddable":true,"href":"https:\/\/www.greenpeace.org\/africa\/fr\/wp-json\/wp\/v2\/media\/9061"}],"wp:attachment":[{"href":"https:\/\/www.greenpeace.org\/africa\/fr\/wp-json\/wp\/v2\/media?parent=12909"}],"wp:term":[{"taxonomy":"category","embeddable":true,"href":"https:\/\/www.greenpeace.org\/africa\/fr\/wp-json\/wp\/v2\/categories?post=12909"},{"taxonomy":"post_tag","embeddable":true,"href":"https:\/\/www.greenpeace.org\/africa\/fr\/wp-json\/wp\/v2\/tags?post=12909"},{"taxonomy":"p4-page-type","embeddable":true,"href":"https:\/\/www.greenpeace.org\/africa\/fr\/wp-json\/wp\/v2\/p4-page-type?post=12909"}],"curies":[{"name":"wp","href":"https:\/\/api.w.org\/{rel}","templated":true}]}}