{"id":13110,"date":"2021-02-17T14:13:47","date_gmt":"2021-02-17T14:13:47","guid":{"rendered":"https:\/\/www.greenpeace.org\/africa\/?p=13110"},"modified":"2021-12-01T12:40:48","modified_gmt":"2021-12-01T12:40:48","slug":"senegal-lurgence-dinterroger-les-politiques-environnementales-face-aux-catastrophes-naturelles","status":"publish","type":"post","link":"https:\/\/www.greenpeace.org\/africa\/fr\/les-blogs\/13110\/senegal-lurgence-dinterroger-les-politiques-environnementales-face-aux-catastrophes-naturelles\/","title":{"rendered":"S\u00e9n\u00e9gal: L&#8217;urgence d&#8217;interroger les politiques environnementales face aux catastrophes naturelles."},"content":{"rendered":"\n<div class=\"wp-block-buttons aligncenter is-layout-flex wp-block-buttons-is-layout-flex\">\n<div class=\"wp-block-button is-style-cta\"><a class=\"wp-block-button__link\" href=\"https:\/\/www.greenpeace.org\/africa\/fr\/explorer\/environnement\/\">Prot\u00e9ger l\u2019environnement<\/a><\/div>\n<\/div>\n\n<figure class=\"wp-block-image size-large  caption-style-medium caption-alignment-center\"><img loading=\"lazy\" decoding=\"async\" width=\"1024\" height=\"682\" src=\"https:\/\/www.greenpeace.org\/static\/planet4-africa-stateless\/2021\/02\/1e752a7f-gp0478j-1024x682.jpg\" title=\"Local People in Senegal. \u00a9 Cl\u00e9ment  Tardif \/ Greenpeace\" alt=\"Local People in Senegal. \u00a9 Cl\u00e9ment  Tardif \/ Greenpeace\" class=\"wp-image-13113\" srcset=\"https:\/\/www.greenpeace.org\/static\/planet4-africa-stateless\/2021\/02\/1e752a7f-gp0478j-1024x682.jpg 1024w, https:\/\/www.greenpeace.org\/static\/planet4-africa-stateless\/2021\/02\/1e752a7f-gp0478j-300x200.jpg 300w, https:\/\/www.greenpeace.org\/static\/planet4-africa-stateless\/2021\/02\/1e752a7f-gp0478j-768x511.jpg 768w, https:\/\/www.greenpeace.org\/static\/planet4-africa-stateless\/2021\/02\/1e752a7f-gp0478j-510x340.jpg 510w, https:\/\/www.greenpeace.org\/static\/planet4-africa-stateless\/2021\/02\/1e752a7f-gp0478j.jpg 1199w\" sizes=\"auto, (max-width: 1024px) 100vw, 1024px\" \/><figcaption>People walk by smoke houses used for the curing of fish, near the fishing port of Kafountine, Casamance.<div class=\"credit icon-left\"> \u00a9 Cl\u00e9ment  Tardif \/ Greenpeace<\/div><\/figcaption><\/figure>\n\n<p><strong>Fin 2020 et d\u00e9but 2021, le S\u00e9n\u00e9gal a connu une s\u00e9rie d\u2019incidents environnementaux dont certains ont fr\u00f4l\u00e9 la catastrophe<\/strong>. Du nitrate d\u2019ammonium stock\u00e9 au port de Dakar, \u00e0 la mort d&#8217;environ 750 p\u00e9licans blancs au parc de Djoudj, en passant par la maladie dite \u201cmyst\u00e9rieuse\u201d des p\u00eacheurs et l\u2019explosion du puits gazier \u00e0 Ngadiaga, il y a eu de\u00a0 faits qui am\u00e8nent \u00e0 se poser les questions suivantes: n\u2019est-il pas urgent pour l\u2019Etat s\u00e9n\u00e9galais d&#8217;interroger les politiques environnementales face aux catastrophes naturelles? Quel dispositif s\u00e9curitaire et de pr\u00e9vention sont\u00a0 r\u00e9ellement mis en application au S\u00e9n\u00e9gal pour parer \u00e0 ces \u00e9ventuels dangers qui pourraient d\u00e9couler de ces forces de la nature?\u00a0<\/p>\n\n<h2 class=\"wp-block-heading\"><strong>N<\/strong><a href=\"https:\/\/fr.wikipedia.org\/wiki\/Nitrate_d%27ammonium\"><strong>itrate d&#8217;ammonium<\/strong><\/a><strong> au port de Dakar: quel dispositif s\u00e9curitaire?\u00a0<\/strong><\/h2>\n\n<p>27 ao\u00fbt 2020. La quantit\u00e9 de nitrate d\u2019ammonium (le nitrate d&#8217;ammonium est irritant et toxique pour l&#8217;\u00eatre humain et expose \u00e0 un risque d&#8217;incendie et d&#8217;explosion en cas de confinement avec exposition \u00e0 des temp\u00e9ratures \u00e9lev\u00e9es) qui a transit\u00e9 par le Port Autonome de Dakar vers le Mali a plut\u00f4t augment\u00e9 ces derni\u00e8res ann\u00e9es. En effet, le Secr\u00e9taire g\u00e9n\u00e9ral du minist\u00e8re des Transports et de la Mobilit\u00e9 urbaine du Mali, M. Marc Dabou, dans des propos relay\u00e9s par le journal s\u00e9n\u00e9galais \u00ab Le T\u00e9moin \u00bb affirme que la quantit\u00e9 de nitrate est pass\u00e9e de 18 000 tonnes en 2018 a 21 000 tonnes en 2019 et \u20263050 tonnes courant 2020.&nbsp;<\/p>\n\n<p><strong><em>Nitrate d\u2019ammonium, cela ne vous dit-il rien ?<\/em><\/strong>&nbsp;<\/p>\n\n<p>Utilis\u00e9 pour fabriquer de l\u2019engrais ou des explosifs, ce produit tr\u00e8s&nbsp; dangereux est \u00e0 l\u2019origine des deux explosions successives au port de Beyrouth (Liban)&nbsp; en <a href=\"https:\/\/fr.wikipedia.org\/wiki\/Ao%C3%BBt_2020\">ao\u00fbt<\/a> <a href=\"https:\/\/fr.wikipedia.org\/wiki\/2020\">2020<\/a>. Le bilan de cette d\u00e9tonation fait \u00e9tat de 204 morts, plus de 6 500 bless\u00e9s, et neuf disparus, avec de nombreux d\u00e9g\u00e2ts mat\u00e9riels estim\u00e9s \u00e0 plusieurs milliards de dollars.<\/p>\n\n<p>Cette catastrophe a suscit\u00e9 de l&#8217;\u00e9moi dans le monde et au S\u00e9n\u00e9gal. Ainsi, le gouvernement s\u00e9n\u00e9galais a par\u00e9 au plus press\u00e9, en mettant en demeure le propri\u00e9taire de la cargaison des 3050 tonnes de nitrate d\u2019ammonium, de le transporter dare-dare vers sa destination finale.<\/p>\n\n<p>En conseil des ministres le 19 ao\u00fbt 2020, le pr\u00e9sident s\u00e9n\u00e9galais Macky Sall a&nbsp; demand\u00e9 aux ministres de l\u2019Int\u00e9rieur et de l\u2019Environnement de mettre en \u0153uvre un <em>\u00ab plan national de recensement, d\u2019audit et de s\u00e9curisation des d\u00e9p\u00f4ts de produits chimiques dangereux \u00bb, <\/em>peut-on lire sur le site \u00ab <a href=\"https:\/\/www.lemonde.fr\/afrique\/article\/2020\/08\/27\/au-senegal-dakar-a-peur-de-ses-3-000-tonnes-de-nitrate-d-ammonium_6050124_3212.html#:~:text=ces%20lourdes%20portes%20du%20port,les%20entrep%C3%B4ts%20maliens%20du%20port\">Le Monde Afrique<\/a> \u00bb. Ces mesures prises par le gouvernement ne rassurent pourtant pas. Qu\u2019en est-il de leur application? Ne faut-il pas d\u2019ores et d\u00e9j\u00e0, pr\u00e9voir et mettre en place, au niveau du port, un dispositif de prise en charge de ce type de cargaisons, garantissant un maximum de s\u00e9curit\u00e9 pour tous ?<\/p>\n\n<div class=\"wp-block-image  caption-style-medium caption-alignment-center\"><figure class=\"aligncenter\"><img decoding=\"async\" src=\"https:\/\/lh5.googleusercontent.com\/2ZmYVkLPcm9Pv6jiSZGkvMnin7KvWA5y-9DB0rdmPUJd9QI50N5taZAIXNDcAbwmgpllUaXUA7N1VujRnbzzQCdta1M6AsvMC-lMYQbx1t0644Invw1Rmc_LHkEg_fp2Me0QmIsh\" alt=\"\"\/><figcaption>Port autonome de Dakar (image d&#8217;illustration)\u00a0<br>\u00a9 Sylvain Cherkaoui pour <a href=\"https:\/\/www.jeuneafrique.com\/1031930\/societe\/senegal-des-stocks-massifs-de-nitrate-dammonium-dans-le-port-de-dakar-suscitent-linquietude\/\">Jeune Afrique<\/a><\/figcaption><\/figure><\/div>\n\n<h2 class=\"wp-block-heading\"><strong>Politique environnementale, quid de la \u201cmaladie myst\u00e9rieuse&#8221; des p\u00eacheurs s\u00e9n\u00e9galais?\u00a0<\/strong><\/h2>\n\n<p>12 novembre 2020. Le quartier de Thiaroye-sur-mer dans la banlieue de Dakar, se r\u00e9veille sous le choc : une maladie myst\u00e9rieuse affecte ses fils revenus de mer, avec des l\u00e9sions dermatologiques sur le visage, les membres et m\u00eame parfois sur les parties intimes ; sans compter que les yeux des personnes affect\u00e9es sont larmoyants.<\/p>\n\n<p>Comme une tra\u00een\u00e9e de poudre, la maladie myst\u00e9rieuse s\u2019\u00e9tend aux p\u00eacheurs partis en mer de Joal, Kayar, Rufisque, Y\u00e8ne, Fass Boye. Et la rumeur d\u2019enfler, incriminant tour \u00e0 tour, un navire espagnol qui aurait rejet\u00e9 une substance toxique en mer, les filets de p\u00eache\u2026<\/p>\n\n<p>300 cas ont \u00e9t\u00e9 d\u00e9tect\u00e9s et c\u00f4t\u00e9 autorit\u00e9s, plus de deux mois apr\u00e8s, il n\u2019y a pas de certitude. La direction de l\u2019<a href=\"https:\/\/www.scidev.net\/afrique-sub-saharienne\/environment\/\">Environnement<\/a> et des \u00e9tablissements class\u00e9s s\u2019est adjoint les services du Centre r\u00e9gional de <a href=\"https:\/\/www.scidev.net\/afrique-sub-saharienne\/enterprise\/rd\/\">recherche<\/a> en \u00e9cotoxicologie et s\u00e9curit\u00e9 environnementale, du centre antipoison ainsi que du centre de recherches sur les produits halieutiques \u00e0 Nantes, pour faire les analyses et croiser les r\u00e9sultats.<\/p>\n\n<p>En conf\u00e9rence de presse le 7 janvier 2021, le ministre de la Sant\u00e9 et de l\u2019Action sociale, Abdoulaye Diouf Sarr affirmait: \u00ab <em>Jusqu\u2019ici, l\u2019origine de la maladie demeure inconnue, mais la piste algale est une piste qui peut \u00eatre s\u00e9rieuse si l\u2019on se r\u00e9f\u00e8re aux r\u00e9sultats des premi\u00e8res analyses effectu\u00e9es sur les algues pr\u00e9lev\u00e9es<\/em><em> \u00bb<\/em>.<\/p>\n\n<p>Th\u00e8se toutefois contredite par Bassirou Ndiaye, environnementaliste dans les colonnes du quotidien \u00ab La Tribune \u00bb : \u00ab <em>Il n\u2019y a pas d\u2019algues en mer. Les algues \u00e9chouent. Les p\u00eacheurs artisanaux p\u00eachent en surface. Ce sont les bateaux europ\u00e9ens qui p\u00eachent en profondeur. L\u2019infection n\u2019est pas li\u00e9e aux algues. Elle est toxique. Ind\u00e9niablement, c\u2019est une contamination toxique<\/em> \u00bb.<\/p>\n\n<p>Toujours est-il que des cas de \u00ab rechute \u00bb ou de \u00ab re-contamination \u00bb selon les autorit\u00e9s m\u00e9dicales ont \u00e9t\u00e9 recens\u00e9s, nous amenant \u00e0 nous interroger. \u00ab N\u2019y avait-il pas lieu d\u2019isoler les p\u00eacheurs m\u00eame gu\u00e9ris, les emp\u00eachant de retourner en mer, en attendant les r\u00e9sultats ? Trois mois, c\u2019est bien long pour trouver un coupable et si la maladie avait eu des formes plus s\u00e9v\u00e8res ?&nbsp;<\/p>\n\n<div class=\"wp-block-image  caption-style-medium caption-alignment-center\"><figure class=\"aligncenter\"><img decoding=\"async\" src=\"https:\/\/lh4.googleusercontent.com\/DFP_NDsAYFZKEuQgu732wMHkZWIBZy6AAWcI2sgBHkSpNgpn2c1Omdd3mkGULLIIqhUgcDwV0zg_UZmMKi_sk3Y2XXV9BzsxtVkbil30lNOED32Tdg7heOTO_xDNXJs9TU39I8ha\" alt=\"\"\/><figcaption>Des p\u00eacheurs s\u00e9n\u00e9galais touch\u00e9s par une myst\u00e9rieuse maladie de la peau, le 20 novembre \u00e0 Dakar.<br><a href=\"https:\/\/www.rtl.fr\/actu\/international\/senegal-une-mysterieuse-maladie-de-la-peau-atteint-des-centaines-de-pecheurs-7800926718\">RTL<\/a><br>Cr\u00e9dit : JOHN WESSELS \/ AFP<\/figcaption><\/figure><\/div>\n\n<h2 class=\"wp-block-heading\"><strong>L\u2019explosion du puits de gaz naturel \u00e0 Ngadiaga et \u00e9mission de gaz carbonique (CO<sub>2<\/sub><\/strong><strong>).<\/strong><\/h2>\n\n<p>19 d\u00e9cembre 2020. Un incendie s\u2019est d\u00e9clar\u00e9 au niveau d\u2019un puits de gaz naturel \u00e0 Ngadiaga, dans la r\u00e9gion de Thi\u00e8s, sur un site exploit\u00e9 conjointement par la soci\u00e9t\u00e9 nationale Petrosen du S\u00e9n\u00e9gal et l\u2019entreprise am\u00e9ricaine Fortesa depuis les ann\u00e9es 2000. Au pic de son exploitation, environ 150 000 m<sup>3<\/sup> de gaz sortaient quotidiennement du gisement pour r\u00e9pondre aux besoins \u00e9nerg\u00e9tiques des turbines de la Soci\u00e9t\u00e9 Nationale d\u2019Electricit\u00e9 du S\u00e9n\u00e9gal (SENELEC) et de la Soci\u00e9t\u00e9 commerciale du ciment (SOCOCIM).&nbsp;<\/p>\n\n<p>Depuis, la production a chut\u00e9. Actuellement selon Petrosen entre 30 000 et 35 000 m<sup>3<\/sup> de gaz y sont produits et vendus cette fois uniquement \u00e0 la Soci\u00e9t\u00e9 commerciale du Ciment (Sococim). Mais les entreprises ont d\u00e9couvert un<em> \u201cautre niveau o\u00f9 il y avait du gaz. C\u2019est lors de la transaction pour prendre le gaz qu\u2019il y a eu cet incident<\/em>\u201d, a expliqu\u00e9 la ministre du P\u00e9trole et des \u00c9nergies, Mme Sophie Gladima. Se voulant rassurante, la ministre d\u00e9clare sur le plateau de la RTS, la cha\u00eene publique s\u00e9n\u00e9galaise: <em>\u00ab Il n\u2019y a pas de risques d\u2019explosion. C\u2019est juste la flamme qui sort. C\u2019est comme un chalumeau<\/em><em> <\/em>\u00bb.<\/p>\n\n<p>Mme Gladima ne croyait pas si bien dire puisque selon Mame Samba Gadiaga porte-parole du Collectif pour le d\u00e9veloppement de Ngadiaga, \u00ab (\u2026)<em> nous avons eu tr\u00e8s peur. L\u2019explosion \u00e9tait tr\u00e8s forte. Beaucoup de villageois ont d\u00fb fuir pour passer la nuit dans les villages environnants. Ils craignaient que le feu s\u2019\u00e9tende aux autres puits de gaz. La flamme du feu \u00e9tait si forte qu\u2019elle a br\u00fbl\u00e9 les manguiers et les champs qui \u00e9taient pr\u00e8s du site. Quelques maisons qui sont proches du site ont aussi \u00e9t\u00e9 \u00e9vacu\u00e9es. Les flammes d\u00e9gagent une fum\u00e9e qui pollue et recouvre le village. On peut m\u00eame le voir \u00e0 cinq ou dix kilom\u00e8tres. L\u2019\u00c9tat nous avait laiss\u00e9 croire que l\u2019exploitation des r\u00e9serves de gaz n\u2019\u00e9tait pas dangereuse pour nous. Mais aujourd\u2019hui, les faits contredisent cela \u00bb.<\/em><\/p>\n\n<p>Dans les colonnes du quotidien \u00ab Source A \u00bb, le Docteur en \u00e9nerg\u00e9tique et chercheur dans une multinationale du p\u00e9trole, Amadou Ciss\u00e9, affirme que \u00ab <em>vu le contexte actuel, si rien n&#8217;est fait, le puits va continuer de br\u00fbler jusqu&#8217;\u00e0 ce qu&#8217;il n&#8217;y ait plus de gaz. Il y a une forte \u00e9mission de <\/em><strong>CO<\/strong><strong><sub>2<\/sub><\/strong><em> dans l&#8217;environnement, \u00e0 cause de la fum\u00e9e noire tr\u00e8s forte que l&#8217;on aper\u00e7oit<\/em> \u00bb. Soutenant que \u00ab <em>la fum\u00e9e renferme des imbr\u00fbl\u00e9s et des particules fines qui se dissipent dans l&#8217;air. Le fait d&#8217;inhaler ces particules est, en soi, tr\u00e8s nocif pour la sant\u00e9<\/em> \u00bb.<\/p>\n\n<p>Combien d\u2019ann\u00e9es faudra t-il pour que les grandes compagnies mini\u00e8res et les autorit\u00e9s du pays se penchent sur le sort des populations et sur la n\u00e9cessit\u00e9 de mettre en place des m\u00e9canismes pour pr\u00e9venir et g\u00e9rer les catastrophes environnementales li\u00e9es \u00e0 l\u2019exploitation du gaz?&nbsp;<\/p>\n\n<figure class=\"wp-block-image  caption-style-medium caption-alignment-center\"><img decoding=\"async\" src=\"https:\/\/lh5.googleusercontent.com\/u0VEgq-mrgS3X31tZQLCLXXGpixuuBvOfLm3AmLIr0dHmOh61uglHu87Ga6vIaU9dNJtGp5gPiTcDqRS3aWTDVvIBg3GO3s_CESW0hLRwrGQ557yR_WNHFnVgYNBMAcVMxepYOfd\" alt=\"\"\/><figcaption><a href=\"https:\/\/www.rfi.fr\/fr\/afrique\/20210122-s%C3%A9n%C3%A9gal-le-puits-de-gaz-de-ngadiaga-br%C3%BBle-toujours\"><strong>RFI<\/strong><\/a><strong>: <\/strong>Un feu s\u2019est d\u00e9clar\u00e9 sur le site le 19 d\u00e9cembre dernier et br\u00fble depuis. (image d&#8217;illustration)\u00a0\u00a0<br>Credit: AFP &#8211; MARWAN IBRAHIM<\/figcaption><\/figure>\n\n<h2 class=\"wp-block-heading\"><strong>Le parc de Djoudj: 750 p\u00e9licans morts de la grippe H5N1.<\/strong><\/h2>\n\n<p>Le 23 Janvier 2021. Situ\u00e9 \u00e0 une soixantaine de kilom\u00e8tres au nord de Saint-Louis, le parc national des oiseaux du Djoudj (PNOD) est la troisi\u00e8me r\u00e9serve ornithologique du monde. Djoudj est un site exceptionnel qui s&#8217;\u00e9tend sur 16 000 hectares dans le delta du S\u00e9n\u00e9gal. Cette cuvette est l&#8217;une des rares contr\u00e9es vertes du <a href=\"https:\/\/fr.wikipedia.org\/wiki\/Sahel_africain\">Sahel<\/a>.<\/p>\n\n<p>Ce petit coin de paradis pour oiseaux migrateurs a fait la \u00ab Une \u00bb de l\u2019actualit\u00e9 au S\u00e9n\u00e9gal. \u00ab <em>Ce 23 janvier 2021, \u00e0 la suite d&#8217;une patrouille effectu\u00e9e par les agents du Parc national des oiseaux de Djoudj, il a \u00e9t\u00e9 constat\u00e9 une mortalit\u00e9 de 750 p\u00e9licans blancs dont 740 jeunes et 10 adultes <\/em>\u00bb, annonce un communiqu\u00e9 re\u00e7u du Service communication du minist\u00e8re de l&#8217;Environnement et du D\u00e9veloppement durable, repris par <a href=\"https:\/\/www.sudonline.sn\/la-presence-de-la-grippe-aviaire-confirmee_a_50618.html\">Sudonline<\/a>.<\/p>\n\n<p>Acc\u00e8s du parc au public interdit, renforcement de la surveillance, suspension des promenades en pirogue, telles sont, entre autres, les premi\u00e8res mesures conservatoires prises.&nbsp;&nbsp;&nbsp;<\/p>\n\n<p>Selon ledit communiqu\u00e9, \u00ab <em>durant la p\u00e9riode de migration et de forte concentration des oiseaux d&#8217;eau au Parc national des oiseaux de Djoudj, il arrive que des cas de mortalit\u00e9s soient signal\u00e9s chez les populations de p\u00e9licans, notamment parmi les juv\u00e9niles <\/em>\u00bb.<\/p>\n\n<p>Toujours est-il qu\u2019apr\u00e8s investigation, le ministre de l\u2019Environnement et du D\u00e9veloppement durable, Abdou Karim Sall confirme : \u00ab <em>ll s\u2019agit de l\u2019Influenza aviaire de type A, qui est un sous-type de la grippe H5N1, commun\u00e9ment appel\u00e9e grippe aviaire (\u2026)<\/em>\u00bb.<\/p>\n\n<p>Entre un environnement sous r\u00e9gional propice \u00e0 une \u00e9pid\u00e9mie de grippe aviaire et le ph\u00e9nom\u00e8ne tout \u00e0 fait pr\u00e9visible de migration des oiseaux d\u2019eau, n\u2019y avait-il pas une possibilit\u00e9 d\u2019anticiper sur ce drame avec une batterie de mesures de pr\u00e9vention sachant que la grippe aviaire avait \u00e9t\u00e9 signal\u00e9e au S\u00e9n\u00e9gal depuis le <a href=\"https:\/\/www.voaafrique.com\/a\/la-grippe-aviaire-h5n1-signal%C3%A9e-dans-une-ville-s%C3%A9n%C3%A9galaise\/5729831.html\">8 janvier 2021<\/a>?&nbsp;<\/p>\n\n<figure class=\"wp-block-image size-large  caption-style-medium caption-alignment-center\"><img loading=\"lazy\" decoding=\"async\" width=\"1024\" height=\"684\" src=\"https:\/\/www.greenpeace.org\/static\/planet4-africa-stateless\/2021\/02\/03edaa95-gp0strlye-1024x684.jpg\" title=\"Pelican in Senegal. \u00a9 Cl\u00e9ment  Tardif \/ Greenpeace\" alt=\"Pelican in Senegal. \u00a9 Cl\u00e9ment  Tardif \/ Greenpeace\" class=\"wp-image-13117\" srcset=\"https:\/\/www.greenpeace.org\/static\/planet4-africa-stateless\/2021\/02\/03edaa95-gp0strlye-1024x684.jpg 1024w, https:\/\/www.greenpeace.org\/static\/planet4-africa-stateless\/2021\/02\/03edaa95-gp0strlye-300x200.jpg 300w, https:\/\/www.greenpeace.org\/static\/planet4-africa-stateless\/2021\/02\/03edaa95-gp0strlye-768x513.jpg 768w, https:\/\/www.greenpeace.org\/static\/planet4-africa-stateless\/2021\/02\/03edaa95-gp0strlye-510x340.jpg 510w, https:\/\/www.greenpeace.org\/static\/planet4-africa-stateless\/2021\/02\/03edaa95-gp0strlye.jpg 1200w\" sizes=\"auto, (max-width: 1024px) 100vw, 1024px\" \/><figcaption>Pelican near Mar Lodj fishing village, Fatick region, Senegal.<div class=\"credit icon-left\"> \u00a9 Cl\u00e9ment  Tardif \/ Greenpeace<\/div><\/figcaption><\/figure>\n\n<p>Quatre faits de soci\u00e9t\u00e9, quatre th\u00e9matiques qui ont toutes une seule et unique convergence d\u2019effets : la n\u00e9gligence ou l\u2019absence de culture environnementale dans la conduite des politiques et des projets.<\/p>\n\n<p>Comme si dans le domaine de l\u2019environnement au S\u00e9n\u00e9gal, gouverner, c\u2019est peut-\u00eatre tout sauf pr\u00e9voir.&nbsp;<\/p>\n\n<div class=\"wp-block-buttons aligncenter is-layout-flex wp-block-buttons-is-layout-flex\">\n<div class=\"wp-block-button is-style-cta\"><a class=\"wp-block-button__link\" href=\"https:\/\/www.greenpeace.org\/africa\/fr\/explorer\/environnement\/\">Prot\u00e9ger l\u2019environnement<\/a><\/div>\n<\/div>\n\n<p><strong>Auteur:<\/strong><\/p>\n\n<p><strong>Cheikh Bamba Ndao<\/strong><\/p>\n\t\t\t<section\n\t\t\tclass=\"boxout post-4757 \"\n\t\t\t\n\t\t>\n\t\t\t<a\n\t\t\t\tdata-ga-category=\"Take Action Boxout\"\n\t\t\t\tdata-ga-action=\"Image\"\n\t\t\t\tdata-ga-label=\"n\/a\"\n\t\t\t\tclass=\"cover-card-overlay\"\n\t\t\t\thref=\"https:\/\/www.greenpeace.org\/africa\/fr\/agir\/westafricanoceans\/\" \n\t\t\t><\/a>\n\t\t\t\t\t\t\t<img\n\t\t\t\t\t\tsrc=\"https:\/\/www.greenpeace.org\/static\/planet4-africa-stateless\/2018\/11\/aba2550b-oceans-1024x682.jpg\"\n\t\t\t\t\t\tsrcset=\"https:\/\/www.greenpeace.org\/static\/planet4-africa-stateless\/2018\/11\/aba2550b-oceans-300x200.jpg 300w, https:\/\/www.greenpeace.org\/static\/planet4-africa-stateless\/2018\/11\/aba2550b-oceans-768x511.jpg 768w, https:\/\/www.greenpeace.org\/static\/planet4-africa-stateless\/2018\/11\/aba2550b-oceans-1024x682.jpg 1024w, https:\/\/www.greenpeace.org\/static\/planet4-africa-stateless\/2018\/11\/aba2550b-oceans-510x340.jpg 510w, https:\/\/www.greenpeace.org\/static\/planet4-africa-stateless\/2018\/11\/aba2550b-oceans.jpg 1199w\"\n\t\t\t\t\t\tsizes=\"(min-width: 1000px) 358px, (min-width: 780px) 313px, 88px\"\n\t\t\t\t\t\talt=\"\" title=\"\"\n\t\t\t\t\/>\n            \t\t\t<div class=\"boxout-content\">\n\t\t\t\t\t\t\t\t\t<a\n\t\t\t\t\t\tclass=\"boxout-heading medium\"\n\t\t\t\t\t\tdata-ga-category=\"Take Action Boxout\"\n\t\t\t\t\t\tdata-ga-action=\"Title\"\n\t\t\t\t\t\tdata-ga-label=\"n\/a\"\n\t\t\t\t\t\thref=\"https:\/\/www.greenpeace.org\/africa\/fr\/agir\/westafricanoceans\/\"\n\t\t\t\t\t\t\n\t\t\t\t\t>\n\t\t\t\t\t\tLes oc\u00e9ans de l&#8217;Afrique de l&#8217;Ouest\n\t\t\t\t\t<\/a>\n\t\t\t\t\t\t\t\t                                    <a\n                        class=\"btn btn-primary\"\n                        data-ga-category=\"Take Action Boxout\"\n                        data-ga-action=\"Call to Action\"\n                        data-ga-label=\"n\/a\"\n                        href=\"https:\/\/www.greenpeace.org\/africa\/fr\/agir\/westafricanoceans\/\"\n                        \n                    >\n                        \u00catre impliqu\u00e9\n                    <\/a>\n                \t\t\t<\/div>\n\t\t\t\t\t<\/section>\n\t","protected":false},"excerpt":{"rendered":"<p>Fin 2020 et d\u00e9but 2021, le S\u00e9n\u00e9gal a connu une s\u00e9rie d\u2019incidents environnementaux dont certains ont fr\u00f4l\u00e9 la catastrophe<\/p>\n","protected":false},"author":28,"featured_media":13113,"comment_status":"open","ping_status":"open","sticky":false,"template":"","format":"standard","meta":{"_acf_changed":false,"ep_exclude_from_search":false,"p4_og_title":"","p4_og_description":"","p4_og_image":"","p4_og_image_id":"","p4_seo_canonical_url":"","p4_campaign_name":"not set","p4_local_project":"not set","p4_basket_name":"not set","p4_department":"","footnotes":""},"categories":[17],"tags":[77,96],"p4-page-type":[104],"class_list":["post-13110","post","type-post","status-publish","format-standard","has-post-thumbnail","hentry","category-non-classifiee","tag-senegal-fr","tag-oceans-fr","p4-page-type-les-blogs"],"acf":[],"_links":{"self":[{"href":"https:\/\/www.greenpeace.org\/africa\/fr\/wp-json\/wp\/v2\/posts\/13110","targetHints":{"allow":["GET"]}}],"collection":[{"href":"https:\/\/www.greenpeace.org\/africa\/fr\/wp-json\/wp\/v2\/posts"}],"about":[{"href":"https:\/\/www.greenpeace.org\/africa\/fr\/wp-json\/wp\/v2\/types\/post"}],"author":[{"embeddable":true,"href":"https:\/\/www.greenpeace.org\/africa\/fr\/wp-json\/wp\/v2\/users\/28"}],"replies":[{"embeddable":true,"href":"https:\/\/www.greenpeace.org\/africa\/fr\/wp-json\/wp\/v2\/comments?post=13110"}],"version-history":[{"count":2,"href":"https:\/\/www.greenpeace.org\/africa\/fr\/wp-json\/wp\/v2\/posts\/13110\/revisions"}],"predecessor-version":[{"id":49898,"href":"https:\/\/www.greenpeace.org\/africa\/fr\/wp-json\/wp\/v2\/posts\/13110\/revisions\/49898"}],"wp:featuredmedia":[{"embeddable":true,"href":"https:\/\/www.greenpeace.org\/africa\/fr\/wp-json\/wp\/v2\/media\/13113"}],"wp:attachment":[{"href":"https:\/\/www.greenpeace.org\/africa\/fr\/wp-json\/wp\/v2\/media?parent=13110"}],"wp:term":[{"taxonomy":"category","embeddable":true,"href":"https:\/\/www.greenpeace.org\/africa\/fr\/wp-json\/wp\/v2\/categories?post=13110"},{"taxonomy":"post_tag","embeddable":true,"href":"https:\/\/www.greenpeace.org\/africa\/fr\/wp-json\/wp\/v2\/tags?post=13110"},{"taxonomy":"p4-page-type","embeddable":true,"href":"https:\/\/www.greenpeace.org\/africa\/fr\/wp-json\/wp\/v2\/p4-page-type?post=13110"}],"curies":[{"name":"wp","href":"https:\/\/api.w.org\/{rel}","templated":true}]}}