{"id":13570,"date":"2021-04-22T14:07:57","date_gmt":"2021-04-22T14:07:57","guid":{"rendered":"https:\/\/www.greenpeace.org\/africa\/?p=13570"},"modified":"2021-12-01T12:39:44","modified_gmt":"2021-12-01T12:39:44","slug":"atlas-du-plastique","status":"publish","type":"post","link":"https:\/\/www.greenpeace.org\/africa\/fr\/les-blogs\/13570\/atlas-du-plastique\/","title":{"rendered":"Atlas du Plastique"},"content":{"rendered":"\n<figure class=\"wp-block-embed is-type-video is-provider-youtube wp-block-embed-youtube wp-embed-aspect-16-9 wp-has-aspect-ratio\"><div class=\"wp-block-embed__wrapper\">\n<lite-youtube style=\"background-image: url('https:\/\/i.ytimg.com\/vi\/cNlKijCTyFM\/hqdefault.jpg');\" videoid=\"cNlKijCTyFM\" params=\"rel=0\"><\/lite-youtube>\n<\/div><\/figure>\n\n<p>L\u2019Atlas du Plastique est la nouvelle \u00e9dition qui vient compl\u00e9ter la s\u00e9rie d\u2019Atlas th\u00e9matiques de la Fondation Politique Verte, en collaboration avec Break Free From Plastic et La Fabrique Ecologique. La publication apporte des r\u00e9ponses \u00e0 toutes nos questions sur le plastique, en revenant sur les faits tangibles, les donn\u00e9es et les chiffres qui montrent l\u2019ampleur de la crise du plastique et d\u00e9montrent l\u2019urgence d\u2019y apporter rapidement des solutions, \u00e0 tous les niveaux.<\/p>\n\n<p>L\u2019Atlas du Plastique entend rendre cette \u00ab pand\u00e9mie mondiale \u00bb plus compr\u00e9hensible au public francophone \u2013 qu\u2019il s\u2019agisse de l\u2019Europe, fortement consommatrice de mati\u00e8re plastique, ou <strong>de l\u2019Af\u00adrique, continent pionnier des interdictions de sacs plastiques, mais \u00e9galement nouveau terrain de jeu des multinationales du plastique<\/strong>.<\/p>\n\n<p>Dans cette version pour le S\u00e9n\u00e9gal, l\u2019Atlas du Plastique comprend \u00e9galement deux contributions d\u2019experts s\u00e9n\u00e9galais dont l\u2019une, par <strong>Ibrahima Ciss\u00e9, <\/strong>met en perspective la probl\u00e9matique du plastique \u00e0 l\u2019\u00e9chelle continentale en<strong> \u00ab Afrique : des efforts d\u2019interdiction, une harmonisation urgente \u00bb<\/strong> et dont l\u2019autre, par <strong>Moustapha Nga\u00efdo<\/strong>, retrace le cadre juridique et institutionnel de la<strong> \u00ab Gouvernance des sachets plastiques au S\u00e9n\u00e9gal \u00bb.<\/strong><\/p>\n\n<p>La pollution plastique demeure l&#8217;une des probl\u00e9matiques \u00e9cologiques les plus importantes au S\u00e9n\u00e9gal o\u00f9 la hbs lan\u00e7ait en 2019, \u00ab <strong><em>Andandoo wa\u00f1\u00f1i plastik \u00bb<\/em><\/strong> avec ses partenaires et ami.e.s de la soci\u00e9t\u00e9 civile, afin de participer aux luttes contre le p\u00e9ril plastique mais \u00e9galement \u00e0 la dynamique de l\u2019application voire d\u2019\u00e9volution de la loi 2015-09 notamment aupr\u00e8s de parlementaires de l\u2019Assembl\u00e9e nationale du S\u00e9n\u00e9gal. Cette \u00e9dition de l&#8217;Atlas du Plastique vient s&#8217;ajouter \u00e0 la panoplie d&#8217;outils r\u00e9f\u00e9rences en mati\u00e8re de sensibilisation et plaidoyer contre cette \u00ab pand\u00e9mie mondiale \u00bb pour le think-tank et ses partenaires.<\/p>\n\n<div class=\"wp-block-image\"><figure class=\"aligncenter size-large\"><img loading=\"lazy\" decoding=\"async\" width=\"391\" height=\"564\" src=\"https:\/\/www.greenpeace.org\/static\/planet4-africa-stateless\/2021\/04\/f507bf90-picture1.png\" alt=\"\" class=\"wp-image-13571\" srcset=\"https:\/\/www.greenpeace.org\/static\/planet4-africa-stateless\/2021\/04\/f507bf90-picture1.png 391w, https:\/\/www.greenpeace.org\/static\/planet4-africa-stateless\/2021\/04\/f507bf90-picture1-208x300.png 208w, https:\/\/www.greenpeace.org\/static\/planet4-africa-stateless\/2021\/04\/f507bf90-picture1-236x340.png 236w\" sizes=\"auto, (max-width: 391px) 100vw, 391px\" \/><figcaption>licence: CC-BY-NC-ND 4.0<\/figcaption><\/figure><\/div>\n\t\t\t<section\n\t\t\tclass=\"boxout post-12941 \"\n\t\t\t\n\t\t>\n\t\t\t<a\n\t\t\t\tdata-ga-category=\"Take Action Boxout\"\n\t\t\t\tdata-ga-action=\"Image\"\n\t\t\t\tdata-ga-label=\"n\/a\"\n\t\t\t\tclass=\"cover-card-overlay\"\n\t\t\t\thref=\"https:\/\/www.greenpeace.org\/africa\/fr\/agir\/plastiques\/\" \n\t\t\t><\/a>\n\t\t\t\t\t\t\t<img\n\t\t\t\t\t\tsrc=\"https:\/\/www.greenpeace.org\/static\/planet4-africa-stateless\/2023\/11\/c465cdbc-gp0sty5ff_low_res_with_credit_line.jpg\"\n\t\t\t\t\t\tsrcset=\"https:\/\/www.greenpeace.org\/static\/planet4-africa-stateless\/2023\/11\/c465cdbc-gp0sty5ff_low_res_with_credit_line-300x200.jpg 300w, https:\/\/www.greenpeace.org\/static\/planet4-africa-stateless\/2023\/11\/c465cdbc-gp0sty5ff_low_res_with_credit_line-768x512.jpg 768w, https:\/\/www.greenpeace.org\/static\/planet4-africa-stateless\/2023\/11\/c465cdbc-gp0sty5ff_low_res_with_credit_line-510x340.jpg 510w, https:\/\/www.greenpeace.org\/static\/planet4-africa-stateless\/2023\/11\/c465cdbc-gp0sty5ff_low_res_with_credit_line.jpg 800w\"\n\t\t\t\t\t\tsizes=\"(min-width: 1000px) 358px, (min-width: 780px) 313px, 88px\"\n\t\t\t\t\t\talt=\"\" title=\"\"\n\t\t\t\t\/>\n            \t\t\t<div class=\"boxout-content\">\n\t\t\t\t\t\t\t\t\t<a\n\t\t\t\t\t\tclass=\"boxout-heading medium\"\n\t\t\t\t\t\tdata-ga-category=\"Take Action Boxout\"\n\t\t\t\t\t\tdata-ga-action=\"Title\"\n\t\t\t\t\t\tdata-ga-label=\"n\/a\"\n\t\t\t\t\t\thref=\"https:\/\/www.greenpeace.org\/africa\/fr\/agir\/plastiques\/\"\n\t\t\t\t\t\t\n\t\t\t\t\t>\n\t\t\t\t\t\t#Plastiques\n\t\t\t\t\t<\/a>\n\t\t\t\t\t\t\t\t                                    <a\n                        class=\"btn btn-primary\"\n                        data-ga-category=\"Take Action Boxout\"\n                        data-ga-action=\"Call to Action\"\n                        data-ga-label=\"n\/a\"\n                        href=\"https:\/\/www.greenpeace.org\/africa\/fr\/agir\/plastiques\/\"\n                        \n                    >\n                        \u00catre impliqu\u00e9\n                    <\/a>\n                \t\t\t<\/div>\n\t\t\t\t\t<\/section>\n\t","protected":false},"excerpt":{"rendered":"<p>L\u2019Atlas du Plastique est la nouvelle \u00e9dition qui vient compl\u00e9ter la s\u00e9rie d\u2019Atlas th\u00e9matiques de la Fondation Politique Verte, en collaboration avec Break Free From Plastic et La Fabrique Ecologique. La publication apporte des r\u00e9ponses \u00e0 toutes nos questions sur le plastique, en revenant sur les faits tangibles, les donn\u00e9es et les chiffres qui montrent l\u2019ampleur de la crise du plastique et d\u00e9montrent l\u2019urgence d\u2019y apporter rapidement des solutions, \u00e0 tous les niveaux.<\/p>\n","protected":false},"author":40,"featured_media":13571,"comment_status":"open","ping_status":"open","sticky":false,"template":"","format":"standard","meta":{"_acf_changed":false,"ep_exclude_from_search":false,"p4_og_title":"","p4_og_description":"","p4_og_image":"","p4_og_image_id":"","p4_seo_canonical_url":"","p4_campaign_name":"not set","p4_local_project":"not set","p4_basket_name":"not set","p4_department":"","footnotes":""},"categories":[57,52],"tags":[41,42,62],"p4-page-type":[104],"class_list":["post-13570","post","type-post","status-publish","format-standard","has-post-thumbnail","hentry","category-inspirer-le-mouvement","category-proteger-lenvironnement","tag-decouvrir","tag-greenpeaceafrique","tag-plastiques","p4-page-type-les-blogs"],"acf":[],"_links":{"self":[{"href":"https:\/\/www.greenpeace.org\/africa\/fr\/wp-json\/wp\/v2\/posts\/13570","targetHints":{"allow":["GET"]}}],"collection":[{"href":"https:\/\/www.greenpeace.org\/africa\/fr\/wp-json\/wp\/v2\/posts"}],"about":[{"href":"https:\/\/www.greenpeace.org\/africa\/fr\/wp-json\/wp\/v2\/types\/post"}],"author":[{"embeddable":true,"href":"https:\/\/www.greenpeace.org\/africa\/fr\/wp-json\/wp\/v2\/users\/40"}],"replies":[{"embeddable":true,"href":"https:\/\/www.greenpeace.org\/africa\/fr\/wp-json\/wp\/v2\/comments?post=13570"}],"version-history":[{"count":3,"href":"https:\/\/www.greenpeace.org\/africa\/fr\/wp-json\/wp\/v2\/posts\/13570\/revisions"}],"predecessor-version":[{"id":49843,"href":"https:\/\/www.greenpeace.org\/africa\/fr\/wp-json\/wp\/v2\/posts\/13570\/revisions\/49843"}],"wp:featuredmedia":[{"embeddable":true,"href":"https:\/\/www.greenpeace.org\/africa\/fr\/wp-json\/wp\/v2\/media\/13571"}],"wp:attachment":[{"href":"https:\/\/www.greenpeace.org\/africa\/fr\/wp-json\/wp\/v2\/media?parent=13570"}],"wp:term":[{"taxonomy":"category","embeddable":true,"href":"https:\/\/www.greenpeace.org\/africa\/fr\/wp-json\/wp\/v2\/categories?post=13570"},{"taxonomy":"post_tag","embeddable":true,"href":"https:\/\/www.greenpeace.org\/africa\/fr\/wp-json\/wp\/v2\/tags?post=13570"},{"taxonomy":"p4-page-type","embeddable":true,"href":"https:\/\/www.greenpeace.org\/africa\/fr\/wp-json\/wp\/v2\/p4-page-type?post=13570"}],"curies":[{"name":"wp","href":"https:\/\/api.w.org\/{rel}","templated":true}]}}