{"id":13691,"date":"2021-05-21T13:00:17","date_gmt":"2021-05-21T13:00:17","guid":{"rendered":"https:\/\/www.greenpeace.org\/africa\/?p=13691"},"modified":"2021-12-01T12:39:30","modified_gmt":"2021-12-01T12:39:30","slug":"journee-internationale-de-la-biodiversite-la-voix-des-communautes-locales-et-peuples-autochtones-compte","status":"publish","type":"post","link":"https:\/\/www.greenpeace.org\/africa\/fr\/communiques-de-presse\/13691\/journee-internationale-de-la-biodiversite-la-voix-des-communautes-locales-et-peuples-autochtones-compte\/","title":{"rendered":"Journ\u00e9e internationale de la biodiversit\u00e9 : la voix des communaut\u00e9s locales et peuples autochtones compte"},"content":{"rendered":"\n<div class=\"wp-block-buttons aligncenter is-layout-flex wp-block-buttons-is-layout-flex\">\n<div class=\"wp-block-button is-style-cta\"><a class=\"wp-block-button__link\" href=\"https:\/\/act.greenpeace.org\/page\/68371\/petition\/1?_ga=2.151714489.1257336093.1621599094-784775858.1611142126\">VOUS AUSSI, FAITES PARTIE DE LA SOLUTION. AGISSEZ MAINTENANT.<\/a><\/div>\n<\/div>\n\n<p><strong>Yaound\u00e9\/ Kinshasa <\/strong><strong><\/strong><strong>21 mai 2021- <\/strong><em>Alors que monde entier c\u00e9l\u00e8bre la biodiversit\u00e9 le 22 mai sur le th\u00e8me \u201cNous faisons partie de la solution&#8221;, les communaut\u00e9s locales, peuples autochtones et Greenpeace Afrique appellent les dirigeants et d\u00e9cideurs \u00e0 assurer le respect de leurs droits. Ils&nbsp; souhaitent \u00eatre davantage impliqu\u00e9s dans l\u2019\u00e9laboration des politiques en faveur de la pr\u00e9servation de la biodiversit\u00e9.&nbsp;&nbsp;<\/em><\/p>\n\n<p>Le lien entre la biodiversit\u00e9 et les populations, qu\u2019elles soient autochtones ou locales, est fondamental et vital. Ngendu Abolingondo Ars\u00e8ne, membre du Comit\u00e9 local de gestion de la concession foresti\u00e8re de la communaut\u00e9 locale (CFCL) des villages Mombilo, situ\u00e9s dans le territoire de Lisala, en R\u00e9publique D\u00e9mocratique du Congo le confirme lorsqu\u2019il&nbsp; d\u00e9clare que \u201c <strong><em>Notre unique espace vital, c\u2019est cette for\u00eat. Nous sommes sur la d\u00e9fensive car notre survie d\u00e9pend de la for\u00eat<\/em><\/strong>.\u201d&nbsp; Non loin, au Sud Cameroun,\u201d Vieux\u201d, un jeune autochtone Bagyeli quant \u00e0 lui ne cache pas sa peur. Depuis bient\u00f4t un an, une entreprise Camvert a entrepris de raser 60 000 hectares de for\u00eat pour y planter des palmiers \u00e0 huile. Comme plusieurs autres membres des communaut\u00e9s qui subissent, malgr\u00e9 elles, ce projet, \u201cVieux\u201d craint pour sa vie et celle de ses fr\u00e8res qui trouvent souvent gu\u00e9rison gr\u00e2ce aux arbres de cette&nbsp; for\u00eat.&nbsp; \u201c <strong><em>Voici Camvert&nbsp; qui est en train de venir nous d\u00e9truire la pharmacie traditionnelle. Cet arbre est&nbsp; utilis\u00e9 pour les soins pr\u00e9nataux des femmes. La for\u00eat ci est toute notre richesse. <\/em><\/strong>\u201d Dans la m\u00eame localit\u00e9, Alain Mehenga, pr\u00e9sident d\u2019une association de tourisme \u00e0 Ebodje soup\u00e7onne une disparition imminente des tortues marines, qui&nbsp; fascine pourtant&nbsp; plusieurs touristes de la localit\u00e9.&nbsp; \u201c<strong><em>Nous vivons sur une plage d\u2019environ 40 kilom\u00e8tres, et cette plage est le site de ponte des tortues marines. Si Camvert occupe l\u2019est d\u2019Ebodje, leurs d\u00e9chets ne permettront plus aux tortues de se reproduire, ce qui serait une perte pour la biodiversit\u00e9<\/em><\/strong>.\u201d<\/p>\n\n<p>Ainsi, d\u00e9truire la for\u00eat et la biodiversit\u00e9 repr\u00e9sente une menace pour l&#8217;\u00e9cosyst\u00e8me mondial et local, mais \u00e9galement pour les populations qui vivent et d\u00e9pendent aussi bien sur les plans \u00e9conomique, culturel que social.<\/p>\n\n<p>\u201c<strong><em>Une protection efficace doit aller de pair avec la reconnaissance des terres et des droits coutumiers des communaut\u00e9s locales et des populations autochtones, avec un soutien efficace de l&#8217;\u00c9ta<\/em><\/strong>t\u201d, affirme Ir\u00e8ne Wabiwa Betoko, Cheffe de Projet internationale de la Campagne for\u00eat de Greenpeace Afrique. De plus, &#8220;<strong><em>La protection d&#8217;au moins 30 % de la plan\u00e8te d&#8217;ici \u00e0 2030 ne peut \u00eatre un pas important pour le redressement plan\u00e9taire, que si et seulement si les mod\u00e8les actuels de conservation, qui ont montr\u00e9 leurs limites, sont \u00e9cart\u00e9s au profit de garanties concr\u00e8tes de protection effective des droits des communaut\u00e9s locales et peuples autochtones sur leurs terres et la for\u00eat.&#8221;<\/em><\/strong> ajoute Ir\u00e8ne Wabiwa.&nbsp;<\/p>\n\n<div class=\"wp-block-buttons aligncenter is-layout-flex wp-block-buttons-is-layout-flex\">\n<div class=\"wp-block-button is-style-cta\"><a class=\"wp-block-button__link\" href=\"https:\/\/act.greenpeace.org\/page\/68371\/petition\/1?_ga=2.151714489.1257336093.1621599094-784775858.1611142126\">VOUS AUSSI, FAITES PARTIE DE LA SOLUTION. AGISSEZ MAINTENANT.<\/a><\/div>\n<\/div>\n\n<h3 class=\"wp-block-heading\"><strong>CONTACTS<\/strong><\/h3>\n\n<p>Newsdesk Greenpeace Afrique <a href=\"mailto:newsdesk.africa@greenpeace.org\">newsdesk.africa@greenpeace.org<\/a><\/p>\n\n<p><strong>Luchelle Feukeng<\/strong><br>Charg\u00e9e de la Communication, Greenpeace Afrique<br>Email : <a href=\"mailto:lfeukeng@greenpeace.org\">lfeukeng@greenpeace.org<\/a>&nbsp;&nbsp;<br>T\u00e9l\u00e9phone:&nbsp; : +237 656 46 35 45 (WhatsApp)&nbsp;<\/p>\n\n<p><strong>Irene Wabiwa Betoko<\/strong>\u00a0<br>Interim International Project Lead, Congo Basin Campaign, Greenpeace Afrique,<br>Email: \u00a0 <a href=\"mailto:iwabiwa@greenpeace.org\">iwabiwa@greenpeace.org<\/a>\u00a0T\u00e9l\u00e9phone: +243 976 756 102<\/p>\n\t\t\t<section\n\t\t\tclass=\"boxout post-4756 \"\n\t\t\t\n\t\t>\n\t\t\t<a\n\t\t\t\tdata-ga-category=\"Take Action Boxout\"\n\t\t\t\tdata-ga-action=\"Image\"\n\t\t\t\tdata-ga-label=\"n\/a\"\n\t\t\t\tclass=\"cover-card-overlay\"\n\t\t\t\thref=\"https:\/\/www.greenpeace.org\/africa\/fr\/agir\/congobasinforest\/\" \n\t\t\t><\/a>\n\t\t\t\t\t\t\t<img\n\t\t\t\t\t\tsrc=\"https:\/\/www.greenpeace.org\/static\/planet4-africa-stateless\/2018\/11\/f2005b2a-gp0stoupc-1024x683.jpg\"\n\t\t\t\t\t\tsrcset=\"https:\/\/www.greenpeace.org\/static\/planet4-africa-stateless\/2018\/11\/f2005b2a-gp0stoupc-300x200.jpg 300w, https:\/\/www.greenpeace.org\/static\/planet4-africa-stateless\/2018\/11\/f2005b2a-gp0stoupc-768x512.jpg 768w, https:\/\/www.greenpeace.org\/static\/planet4-africa-stateless\/2018\/11\/f2005b2a-gp0stoupc-1024x683.jpg 1024w, https:\/\/www.greenpeace.org\/static\/planet4-africa-stateless\/2018\/11\/f2005b2a-gp0stoupc-510x340.jpg 510w, https:\/\/www.greenpeace.org\/static\/planet4-africa-stateless\/2018\/11\/f2005b2a-gp0stoupc.jpg 1200w\"\n\t\t\t\t\t\tsizes=\"(min-width: 1000px) 358px, (min-width: 780px) 313px, 88px\"\n\t\t\t\t\t\talt=\"Local Girl in Cameroon. \u00a9 John Novis\" title=\"Local Girl in Cameroon. \u00a9 John Novis\"\n\t\t\t\t\/>\n            \t\t\t<div class=\"boxout-content\">\n\t\t\t\t\t\t\t\t\t<a\n\t\t\t\t\t\tclass=\"boxout-heading medium\"\n\t\t\t\t\t\tdata-ga-category=\"Take Action Boxout\"\n\t\t\t\t\t\tdata-ga-action=\"Title\"\n\t\t\t\t\t\tdata-ga-label=\"n\/a\"\n\t\t\t\t\t\thref=\"https:\/\/www.greenpeace.org\/africa\/fr\/agir\/congobasinforest\/\"\n\t\t\t\t\t\t\n\t\t\t\t\t>\n\t\t\t\t\t\tLa for\u00eat du Bassin du Congo\n\t\t\t\t\t<\/a>\n\t\t\t\t\t\t\t\t                                    <a\n                        class=\"btn btn-primary\"\n                        data-ga-category=\"Take Action Boxout\"\n                        data-ga-action=\"Call to Action\"\n                        data-ga-label=\"n\/a\"\n                        href=\"https:\/\/www.greenpeace.org\/africa\/fr\/agir\/congobasinforest\/\"\n                        \n                    >\n                        \u00catre impliqu\u00e9\n                    <\/a>\n                \t\t\t<\/div>\n\t\t\t\t\t<\/section>\n\t","protected":false},"excerpt":{"rendered":"<p>Yaound\u00e9\/ Kinshasa 21 mai 2021- Alors que monde entier c\u00e9l\u00e8bre la biodiversit\u00e9 le 22 mai sur le th\u00e8me \u201cNous faisons partie de la solution&#8221;, les communaut\u00e9s locales, peuples autochtones et&hellip;<\/p>\n","protected":false},"author":29,"featured_media":13692,"comment_status":"open","ping_status":"open","sticky":false,"template":"","format":"standard","meta":{"_acf_changed":false,"ep_exclude_from_search":false,"p4_og_title":"","p4_og_description":"","p4_og_image":"","p4_og_image_id":"","p4_seo_canonical_url":"","p4_campaign_name":"not set","p4_local_project":"not set","p4_basket_name":"not set","p4_department":"","footnotes":""},"categories":[57,52],"tags":[42,54,111],"p4-page-type":[51],"class_list":["post-13691","post","type-post","status-publish","format-standard","has-post-thumbnail","hentry","category-inspirer-le-mouvement","category-proteger-lenvironnement","tag-greenpeaceafrique","tag-forets","tag-drc-fr","p4-page-type-communiques-de-presse"],"acf":[],"_links":{"self":[{"href":"https:\/\/www.greenpeace.org\/africa\/fr\/wp-json\/wp\/v2\/posts\/13691","targetHints":{"allow":["GET"]}}],"collection":[{"href":"https:\/\/www.greenpeace.org\/africa\/fr\/wp-json\/wp\/v2\/posts"}],"about":[{"href":"https:\/\/www.greenpeace.org\/africa\/fr\/wp-json\/wp\/v2\/types\/post"}],"author":[{"embeddable":true,"href":"https:\/\/www.greenpeace.org\/africa\/fr\/wp-json\/wp\/v2\/users\/29"}],"replies":[{"embeddable":true,"href":"https:\/\/www.greenpeace.org\/africa\/fr\/wp-json\/wp\/v2\/comments?post=13691"}],"version-history":[{"count":4,"href":"https:\/\/www.greenpeace.org\/africa\/fr\/wp-json\/wp\/v2\/posts\/13691\/revisions"}],"predecessor-version":[{"id":49831,"href":"https:\/\/www.greenpeace.org\/africa\/fr\/wp-json\/wp\/v2\/posts\/13691\/revisions\/49831"}],"wp:featuredmedia":[{"embeddable":true,"href":"https:\/\/www.greenpeace.org\/africa\/fr\/wp-json\/wp\/v2\/media\/13692"}],"wp:attachment":[{"href":"https:\/\/www.greenpeace.org\/africa\/fr\/wp-json\/wp\/v2\/media?parent=13691"}],"wp:term":[{"taxonomy":"category","embeddable":true,"href":"https:\/\/www.greenpeace.org\/africa\/fr\/wp-json\/wp\/v2\/categories?post=13691"},{"taxonomy":"post_tag","embeddable":true,"href":"https:\/\/www.greenpeace.org\/africa\/fr\/wp-json\/wp\/v2\/tags?post=13691"},{"taxonomy":"p4-page-type","embeddable":true,"href":"https:\/\/www.greenpeace.org\/africa\/fr\/wp-json\/wp\/v2\/p4-page-type?post=13691"}],"curies":[{"name":"wp","href":"https:\/\/api.w.org\/{rel}","templated":true}]}}