{"id":2172,"date":"2016-08-19T18:54:00","date_gmt":"2016-08-19T18:54:00","guid":{"rendered":"https:\/\/www.greenpeace.org\/africa\/non-classifiee\/2172\/les-photos-qui-ont-donne-envie-a-des-millions-de-personnes-dagir\/"},"modified":"2019-11-06T08:23:27","modified_gmt":"2019-11-06T08:23:27","slug":"les-photos-qui-ont-donne-envie-a-des-millions-de-personnes-dagir","status":"publish","type":"post","link":"https:\/\/www.greenpeace.org\/africa\/fr\/les-blogs\/2172\/les-photos-qui-ont-donne-envie-a-des-millions-de-personnes-dagir\/","title":{"rendered":"Les photos qui ont donn\u00e9 envie \u00e0 des millions de personnes d\u2019agir"},"content":{"rendered":"<div class=\"post-content\">\n<div>\n<p><strong>A l\u2019occasion de la Journ\u00e9e mondiale de la photographie, Greenpeace c\u00e9l\u00e8bre les vertus de la photographie, qui suscite l\u2019action et montre la diversit\u00e9 de notre organisation.\u00a0<\/strong><\/p>\n<p>Il est tr\u00e8s difficile de s\u00e9lectionner 10\u00a0images parmi les plus de 18.000\u00a0photos prises par Greenpeace au cours des 12\u00a0derniers mois, mais cela m\u2019a donn\u00e9 l\u2019occasion de revenir sur le travail extraordinaire accompli dans le monde entier.<\/p>\n<p>Je n\u2019ai pas choisi les plus belles images, mais celles qui repr\u00e9sentent la diversit\u00e9 de notre mouvement. Celles-ci t\u00e9moignent du courage des uns et des autres, de leur volont\u00e9 de combattre pour un avenir meilleur et du pouvoir de chacun d\u2019entre nous. Elles d\u00e9finissent le r\u00f4le de la photographie au service du militantisme. Elles ont le pouvoir de transmettre leur \u00e9nergie et leur \u00e9motion \u00e0 ceux qui les regardent, de raconter une histoire ou un \u00e9v\u00e9nement qui ne peut \u00eatre d\u00e9crit avec des mots.<\/p>\n<p>Nous avons des photos de communaut\u00e9s autochtones d\u2019Amazonie, des r\u00e9cifs coralliens d\u2019Australie, des feux de for\u00eat en Indon\u00e9sie et de manifestations de grands-parents qui ont voulu montrer l\u2019exemple au Japon. C\u2019est aussi durant ces 12 derniers mois que les dirigeants de notre plan\u00e8te ont enfin convenu de prendre des mesures pour contr\u00f4ler les changements climatiques apr\u00e8s que des milliers de personnes sont descendues en rue dans des villes des quatre coins du monde pour s\u2019affranchir des combustibles fossiles.<\/p>\n<p><img decoding=\"async\" src=\"https:\/\/www.greenpeace.org\/static\/planet4-africa-stateless\/2018\/10\/6558dbd6-6558dbd6-129669_226593.jpg\" alt=\"\" \/><\/p>\n<p>Le peuple munduruku vit depuis des g\u00e9n\u00e9rations dans le Sawr\u00e9 Muybu, au c\u0153ur de la for\u00eat amazonienne. Le gouvernement br\u00e9silien envisage de construire dans le bassin du Rio Tapaj\u00f3s une s\u00e9rie de barrages qui menaceraient gravement le mode de vie des Mundurukus.\u00a0<a href=\"http:\/\/www.greenpeace.org\/belgium\/fr\/vous-informer\/forets\/blog\/victoire-le-mega-barrage-du-rio-tapajos-ne-se\/blog\/57196\/\">Gr\u00e2ce \u00e0 votre soutien notamment, l\u2019un de ces projets a \u00e9t\u00e9 annul\u00e9<\/a>.<\/p>\n<p><img decoding=\"async\" src=\"https:\/\/www.greenpeace.org\/static\/planet4-africa-stateless\/2018\/10\/23efc372-23efc372-129668_226591.jpg\" alt=\"\" \/><\/p>\n<p>Les gens se donnent la main sur une plage de Molyvos, \u00e0 Lesbos, pour y demander un passage en toute s\u00e9curit\u00e9 afin que personne n\u2019y perde plus la vie. Cette activit\u00e9 a \u00e9t\u00e9 organis\u00e9e de mani\u00e8re solidaire avec d\u2019autres manifestations dans toute l\u2019Europe, alors que des milliers de citoyens d\u2019une centaine de villes d\u00e9filaient pour d\u00e9fendre les droits des r\u00e9fugi\u00e9s.<\/p>\n<p><img decoding=\"async\" src=\"https:\/\/www.greenpeace.org\/static\/planet4-africa-stateless\/2018\/10\/f99678a2-f99678a2-129667_226589.jpg\" alt=\"\" \/><\/p>\n<p>Alors que la conf\u00e9rence de Paris sur le climat entamait sa derni\u00e8re ligne droite, des activistes de Greenpeace ont dessin\u00e9 un soleil symbolique tout autour d\u2019un monument parisien de renomm\u00e9e mondiale, l\u2019Arc de Triomphe, en peignant les rues en jaune pour faire appara\u00eetre l\u2019image d\u2019un gigantesque soleil rayonnant.<\/p>\n<p><img decoding=\"async\" src=\"https:\/\/www.greenpeace.org\/static\/planet4-africa-stateless\/2018\/10\/8b3029e1-8b3029e1-129665_226585.jpg\" alt=\"\" \/><\/p>\n<p>Des images tourn\u00e9es par un drone ont r\u00e9v\u00e9l\u00e9 l\u2019impact des feux de for\u00eat r\u00e9p\u00e9t\u00e9s \u00e0 proximit\u00e9 de la concession de palmiers \u00e0 huile de PT Bumi Sawit Sejahtera (IOI) dans le Kalimantan occidental, en Indon\u00e9sie. Les plantations destin\u00e9es \u00e0 la production d\u2019huile de palme figurent parmi les principaux facteurs de d\u00e9forestation et de drainage des tourbi\u00e8res \u2013 une pratique qui peut provoquer des feux de for\u00eat.<\/p>\n<p><img decoding=\"async\" src=\"https:\/\/www.greenpeace.org\/static\/planet4-africa-stateless\/2018\/10\/a48ec3c7-a48ec3c7-129664_226583.jpg\" alt=\"\" \/><\/p>\n<p>Vue a\u00e9rienne d\u2019un DCP (dispositif de concentration de poissons), de nuit. L\u2019Esperanza, un navire de Greenpeace, a sillonn\u00e9 l\u2019oc\u00e9an Indien pour documenter les pratiques de p\u00eache destructrices et pour s\u2019y opposer de fa\u00e7on pacifique.<\/p>\n<p><img decoding=\"async\" src=\"https:\/\/www.greenpeace.org\/static\/planet4-africa-stateless\/2018\/10\/06253a2a-06253a2a-129663_226581.jpg\" alt=\"\" \/><\/p>\n<p>Les thons blancs sont entass\u00e9s et pes\u00e9s avant d\u2019\u00eatre achemin\u00e9s pour \u00eatre transform\u00e9s en thon en bo\u00eete. En 2015, le Rainbow Rainbow, un autre navire de Greenpeace, a pass\u00e9 un mois dans l\u2019oc\u00e9an Pacifique pour mettre en lumi\u00e8re la p\u00eache ill\u00e9gale et clandestine. Des liens ont \u00e9t\u00e9 \u00e9tablis entre la p\u00eache au thon et la p\u00eache aux ailerons de requins, la surp\u00eache et des violations des droits de l\u2019homme.<\/p>\n<p><img decoding=\"async\" src=\"https:\/\/www.greenpeace.org\/static\/planet4-africa-stateless\/2018\/10\/082fe846-082fe846-129662_226579.jpg\" alt=\"\" \/><\/p>\n<p>La Grande Barri\u00e8re de corail, en Australie, traverse le pire \u00e9pisode de blanchissement jamais enregistr\u00e9 : des \u00e9tudes r\u00e9v\u00e8lent que 93 pour cent du r\u00e9cif sont touch\u00e9s. Le blanchissement des coraux s\u2019explique par le r\u00e9chauffement de la temp\u00e9rature de l\u2019eau provoqu\u00e9 par El Ni\u00f1o. En outre, des cyclones dont la violence et la fr\u00e9quence augmenteront elles aussi avec le r\u00e9chauffement climatique ont endommag\u00e9 plusieurs parties du r\u00e9cif corallien.<\/p>\n<p><img decoding=\"async\" src=\"https:\/\/www.greenpeace.org\/static\/planet4-africa-stateless\/2018\/10\/b10b66f2-b10b66f2-129661_226577.jpg\" alt=\"\" \/><\/p>\n<p>La vaste majorit\u00e9 de la population locale s\u2019oppose \u00e0 l\u2019expansion des bases militaires install\u00e9es sur l\u2019\u00eele japonaise d\u2019Okinawa. Cette photo prise en 2015 lors d\u2019une manifestation montre la police qui \u00e9loigne des manifestants \u00e2g\u00e9s de l\u2019entr\u00e9e du Camp Schwab. Nombre de ces manifestants sont des personnes \u00e2g\u00e9es qui tentent de bloquer l\u2019entr\u00e9e en faisant un rempart de leurs corps.<\/p>\n<p><img decoding=\"async\" src=\"https:\/\/www.greenpeace.org\/static\/planet4-africa-stateless\/2018\/10\/7e039c71-7e039c71-129660_226575.jpg\" alt=\"\" \/><\/p>\n<p>Une manifestante arbore un chapeau de fermier portant l\u2019inscription \u201cBreak Free\u201d (\u201cFinissons-en\u2009!\u201d) lors d\u2019une manifestation organis\u00e9e devant l\u2019ambassade du Japon \u00e0 Djakarta, en Indon\u00e9sie. Des milliers de personnes sont descendues dans la rue dans une ambiance carnavalesque pour presser le gouvernement de mettre fin \u00e0 la d\u00e9pendance de l\u2019Indon\u00e9sie envers le charbon. Cette manifestation \u00e9tait organis\u00e9e par WALHI, Greenpeace et JATAM.<\/p>\n<p><img decoding=\"async\" src=\"https:\/\/www.greenpeace.org\/static\/planet4-africa-stateless\/2018\/10\/8e5455b3-8e5455b3-129659_226573.jpg\" alt=\"\" \/><\/p>\n<p>Le c\u00e9l\u00e8bre compositeur et pianiste italien Ludovico Einaudi joue l\u2019une de ses compositions personnelles sur une plate-forme flottante dans l\u2019oc\u00e9an Arctique, face au glacier de Wahlenbergbreen (dans l\u2019archipel du Svalbard, en Norv\u00e8ge). Ce morceau, \u00c9l\u00e9gie pour l\u2019Arctique, lui a \u00e9t\u00e9 inspir\u00e9 par les huit millions de personnes de par le monde qui ont fait entendre leur voix pour appeler \u00e0 la protection de l\u2019Arctique.<\/p>\n<p>Sudhanshu Malhotra, de Greenpeace Asie de l\u2019Est, est R\u00e9dacteur multim\u00e9dia pour la r\u00e9gion Asie-Pacifique<\/p>\n<\/div>\n<\/div>\n","protected":false},"excerpt":{"rendered":"<p>A l\u2019occasion de la Journ\u00e9e mondiale de la photographie, Greenpeace c\u00e9l\u00e8bre les vertus de la photographie, qui suscite l\u2019action et montre la diversit\u00e9 de notre organisation.\u00a0<\/p>\n","protected":false},"author":22,"featured_media":2173,"comment_status":"open","ping_status":"open","sticky":false,"template":"","format":"standard","meta":{"_acf_changed":false,"ep_exclude_from_search":false,"p4_og_title":"","p4_og_description":"","p4_og_image":"","p4_og_image_id":"","p4_seo_canonical_url":"","p4_campaign_name":"","p4_local_project":"","p4_basket_name":"","p4_department":"","footnotes":""},"categories":[17],"tags":[42],"p4-page-type":[104],"class_list":["post-2172","post","type-post","status-publish","format-standard","has-post-thumbnail","hentry","category-non-classifiee","tag-greenpeaceafrique","p4-page-type-les-blogs"],"acf":[],"_links":{"self":[{"href":"https:\/\/www.greenpeace.org\/africa\/fr\/wp-json\/wp\/v2\/posts\/2172","targetHints":{"allow":["GET"]}}],"collection":[{"href":"https:\/\/www.greenpeace.org\/africa\/fr\/wp-json\/wp\/v2\/posts"}],"about":[{"href":"https:\/\/www.greenpeace.org\/africa\/fr\/wp-json\/wp\/v2\/types\/post"}],"author":[{"embeddable":true,"href":"https:\/\/www.greenpeace.org\/africa\/fr\/wp-json\/wp\/v2\/users\/22"}],"replies":[{"embeddable":true,"href":"https:\/\/www.greenpeace.org\/africa\/fr\/wp-json\/wp\/v2\/comments?post=2172"}],"version-history":[{"count":3,"href":"https:\/\/www.greenpeace.org\/africa\/fr\/wp-json\/wp\/v2\/posts\/2172\/revisions"}],"predecessor-version":[{"id":5775,"href":"https:\/\/www.greenpeace.org\/africa\/fr\/wp-json\/wp\/v2\/posts\/2172\/revisions\/5775"}],"wp:featuredmedia":[{"embeddable":true,"href":"https:\/\/www.greenpeace.org\/africa\/fr\/wp-json\/wp\/v2\/media\/2173"}],"wp:attachment":[{"href":"https:\/\/www.greenpeace.org\/africa\/fr\/wp-json\/wp\/v2\/media?parent=2172"}],"wp:term":[{"taxonomy":"category","embeddable":true,"href":"https:\/\/www.greenpeace.org\/africa\/fr\/wp-json\/wp\/v2\/categories?post=2172"},{"taxonomy":"post_tag","embeddable":true,"href":"https:\/\/www.greenpeace.org\/africa\/fr\/wp-json\/wp\/v2\/tags?post=2172"},{"taxonomy":"p4-page-type","embeddable":true,"href":"https:\/\/www.greenpeace.org\/africa\/fr\/wp-json\/wp\/v2\/p4-page-type?post=2172"}],"curies":[{"name":"wp","href":"https:\/\/api.w.org\/{rel}","templated":true}]}}