{"id":2287,"date":"2016-09-15T14:46:00","date_gmt":"2016-09-15T14:46:00","guid":{"rendered":"https:\/\/www.greenpeace.org\/africa\/non-classifiee\/2287\/45-ans-de-pouvoir-citoyen\/"},"modified":"2019-11-06T08:23:25","modified_gmt":"2019-11-06T08:23:25","slug":"45-ans-de-pouvoir-citoyen","status":"publish","type":"post","link":"https:\/\/www.greenpeace.org\/africa\/fr\/les-blogs\/2287\/45-ans-de-pouvoir-citoyen\/","title":{"rendered":"45 ans de pouvoir citoyen"},"content":{"rendered":"<div class=\"post-content\">\n<div>\n<p class=\"normal\"><strong>Apr\u00e8s quarante-cinq ans, d\u2019innombrables campagnes et succ\u00e8s, Greenpeace reste fid\u00e8le \u00e0 son identit\u00e9\u00a0: ce sont les humains qui font partie de l\u2019aventure. Les hommes sont au c\u0153ur de notre identit\u00e9 et nous avons besoin de vous pour cr\u00e9er le monde durable et en paix auquel nous aspirons.<\/strong><\/p>\n<p class=\"normal\">L\u2019<a href=\"http:\/\/www.greenpeace.org\/africa\/fr\/presentation\/Notre-histoire\/\" target=\"_blank\" rel=\"noopener noreferrer\">histoire de Greenpeace<\/a> commence avec une poign\u00e9e d\u2019hommes et de femmes dans la ville portuaire de Vancouver, sur la c\u00f4te pacifique du Canada. Ces hommes et ces femmes ont donn\u00e9 leur temps, leur \u00e9nergie, leur cr\u00e9ativit\u00e9 pour s\u2019attaquer courageusement \u00e0 quelque chose plus grand qu\u2019eux. En 1971, ce petit groupe a uni ses efforts pour protester contre les essais nucl\u00e9aires pr\u00e9vus sur l\u2019ile d\u2019Amchitka, au large des c\u00f4tes de l\u2019Alaska.<\/p>\n<p class=\"normal\">Apr\u00e8s avoir collect\u00e9 des fonds et s\u00e9curis\u00e9 un bateau, le <em>Phyllis Cormack<\/em>, rebaptis\u00e9 le <em>Greenpeace<\/em>, le petit groupe de militants mettait les voiles pour Amchitka. Malheureusement, les autorit\u00e9s am\u00e9ricaines intercept\u00e8rent le bateau et l\u2019\u00e9quipage dut rentrer.<\/p>\n<p class=\"normal\">Bien que ceci soit une version simplifi\u00e9e de l\u2019histoire, elle marque le d\u00e9but d\u2019un voyage d\u2019une bien plus grande envergure. Les efforts tenaces de ce petit groupe de militants partis confronter l\u2019adversit\u00e9 ont contribu\u00e9 \u00e0 sensibiliser le public sur ces enjeux, et l\u2019opposition contre les essais nucl\u00e9aires s\u2019est accrue.<\/p>\n<p class=\"normal\"><img decoding=\"async\" src=\"https:\/\/www.greenpeace.org\/static\/planet4-africa-stateless\/2018\/10\/b05f0dd1-b05f0dd1-130406_228435.jpg\" alt=\"fondateurs greenpeaceh\" \/><\/p>\n<p class=\"normal\">Leur histoire\u00a0d\u00e9montre\u00a0que,\u00a0m\u00eame de un petit nombre de personnes peut rassembler autour d\u2019un but commun des communaut\u00e9s enti\u00e8res,\u00a0d\u2019une mani\u00e8re qu\u2019elles\u00a0n\u2019auraient pas cru possible.<\/p>\n<p class=\"normal\">Depuis ce jour-l\u00e0, en 1971, le r\u00e9seau de Greenpeace a connu un grand nombre de <a href=\"http:\/\/www.greenpeace.org\/africa\/fr\/presentation\/Nos-succes\/\" target=\"_blank\" rel=\"noopener noreferrer\">victoires<\/a>, mais aussi, des d\u00e9faites. Aujourd\u2019hui, \u00e0 l\u2019heure de notre quarante-cinqui\u00e8me anniversaire, nous c\u00e9l\u00e9brons ces victoires et nous continuons \u00e0 apprendre de nos erreurs, toujours.<\/p>\n<p class=\"normal\">Nous souhaitons remercier les personnes qui ont pris part au mouvement depuis le tout d\u00e9but ; ceux et celles qui ont pass\u00e9 presque toute une vie \u00e0 travailler sans rel\u00e2che pour prot\u00e9ger notre plan\u00e8te.<\/p>\n<p class=\"normal\">Sans les <a href=\"http:\/\/www.greenpeace.org\/africa\/fr\/Benevoles\/\" target=\"_blank\" rel=\"noopener noreferrer\">militants et les cyber-activistes<\/a>, les \u00e9quipages des navires et les militants, les b\u00e9n\u00e9voles, les scientifiques, les avocats, les lobbyistes politiques et les chercheurs, Greenpeace n\u2019est qu\u2019un mot. Greenpeace est faite de personnes anim\u00e9es par la m\u00eame id\u00e9e, par nos sympathisants, nos donateurs et nos alli\u00e9s.<\/p>\n<p class=\"normal\"><img decoding=\"async\" style=\"float: left; margin: 5px;\" src=\"https:\/\/www.greenpeace.org\/static\/planet4-africa-stateless\/2018\/10\/2beb0a5a-2beb0a5a-130407_228437.jpg\" alt=\"kayaktivistes\" width=\"200\" \/><\/p>\n<p class=\"normal\">Greenpeace, c\u2019est plus de 36.000 b\u00e9n\u00e9voles actifs \u00e0 travers le monde qui partagent leurs comp\u00e9tences, leur \u00e9nergie et offrent leur temps pour s\u2019organiser dans leurs communaut\u00e9s locales \u2013 ces personnes font de Greenpeace ce qu\u2019elle est.<\/p>\n<p class=\"normal\">Nous c\u00e9l\u00e9brons toutes ces personnes qui sont une v\u00e9ritable force positive : nous sommes confront\u00e9s \u00e0 d\u2019importants probl\u00e8mes environnementaux qui menacent de modifier radicalement la plan\u00e8te et la vie qui y habite. L\u2019espoir, que nous pouvons collectivement changer le cours des \u00e9v\u00e8nements, est in\u00e9branlable et n\u00e9cessaire.<\/p>\n<p class=\"normal\"><a href=\"http:\/\/www.greenpeace.org\/africa\/fr\/Benevoles\/\" target=\"_blank\" rel=\"noopener noreferrer\">Le changement climatique<\/a> est sans doute un des plus grands enjeux mondial de notre temps. <a href=\"http:\/\/www.greenpeace.org\/africa\/fr\/notre-action\/changement-climatique\/COP21-les-news\/\" target=\"_blank\" rel=\"noopener noreferrer\">L\u2019Accord de Paris <\/a>est une \u00e9tape majeure pour amorcer et mener une action internationale ambitieuse afin de limiter le r\u00e9chauffement \u00e0 1.5C et nous orienter vers 100% d\u2019\u00e9nergies renouvelables, sures et s\u00e9curitaires, pour tous. Greenpeace travaille \u00e0 faire passer le monde d\u2019une \u00e9conomie bas\u00e9e sur les combustibles fossiles, \u00e0 un monde qui b\u00e2tit ses fondations sur les \u00e9nergies propres et renouvelables, et dont les avantages reviennent aux populations locales. Pour ce faire, nous devons transf\u00e9rer le pouvoir, aujourd\u2019hui aux mains des industries de combustibles fossiles.<\/p>\n<p class=\"normal\">L\u2019acidification des <a href=\"http:\/\/www.greenpeace.org\/africa\/fr\/notre-action\/changement-climatique\/COP21-les-news\/\" target=\"_blank\" rel=\"noopener noreferrer\">oc\u00e9ans <\/a>est un effet direct de l\u2019absorption par les oc\u00e9ans des exc\u00e8s de dioxyde de carbone (CO2) qui affecte d\u00e9j\u00e0 la vie marine. Greenpeace souhaite la cr\u00e9ation de davantage d\u2019aires marines prot\u00e9g\u00e9es et moins de p\u00eache ill\u00e9gale. Greenpeace travaille en collaboration avec un groupe d\u2019organisations qui r\u00e9alise d\u00e9j\u00e0 des progr\u00e8s dans la lutte pour la propret\u00e9 des oc\u00e9ans, et emp\u00eacher que nos oc\u00e9ans ne deviennent une d\u00e9charge de plastiques g\u00e9ante.<\/p>\n<p class=\"normal\">Les progr\u00e8s pour conserver <a href=\"http:\/\/www.greenpeace.org\/africa\/fr\/notre-action\/Protegeons-les-forets\/\" target=\"_blank\" rel=\"noopener noreferrer\">les for\u00eats <\/a>anciennes et tropicales, en collaboration avec les communaut\u00e9s et les groupes locaux, sont aujourd\u2019hui critiques. Ce travail vise \u00e0 la fois \u00e0 pr\u00e9server la biodiversit\u00e9 unique \u00e0 ces grandes for\u00eats et \u00e0 prot\u00e9ger le climat en raison du r\u00f4le des for\u00eats dans l\u2019\u00e9quilibre de nos syst\u00e8mes environnementaux mondiaux.<\/p>\n<p class=\"normal\">\u00a0Greenpeace m\u00e8ne campagne pour que nous <a href=\"http:\/\/www.greenpeace.org\/africa\/fr\/notre-action\/Agriculture-Ecologique\/\" target=\"_blank\" rel=\"noopener noreferrer\">cultivions notre nourriture <\/a>de mani\u00e8re \u00e0 ne pas impacter n\u00e9gativement ni la plan\u00e8te ni les populations, mais aussi, pour une agriculture qui contribue \u00e0 faire face aux changements climatiques. Nous travaillons \u00e9galement vers un avenir sans produits toxiques o\u00f9 les produits chimiques dangereux ne sont plus ni produits, utilis\u00e9s et rejet\u00e9s dans notre environnement.<\/p>\n<p class=\"normal\">Aujourd\u2019hui, nous continuons \u00e0 lutter vigoureusement contre <a href=\"http:\/\/www.greenpeace.org\/africa\/fr\/notre-action\/changement-climatique\/Non-au-Nucleaire\/\" target=\"_blank\" rel=\"noopener noreferrer\">l\u2019\u00e9nergie nucl\u00e9aire<\/a>. Bien que les essais nucl\u00e9aires \u00e0 grande \u00e9chelle aient ralenti, les \u00c9tats dot\u00e9s d\u2019armes nucl\u00e9aires continuent \u00e0 les poss\u00e9der, les d\u00e9velopper et les moderniser. Nous militons pour un trait\u00e9 de l\u2019ONU interdisant les armes nucl\u00e9aires.<\/p>\n<p><iframe loading=\"lazy\" src=\"https:\/\/www.youtube.com\/embed\/RXco96Txcjw\" width=\"560\" height=\"315\"><\/iframe><\/p>\n<p class=\"normal\">\u00a0La sant\u00e9 de la plan\u00e8te d\u00e9pend de la sant\u00e9 de l\u2019ensemble de ses composantes. Ces enjeux interconnect\u00e9s sont complexes et les solutions peuvent parfois paraitre hors de port\u00e9e. Aujourd\u2019hui, comme il y a quarante-cinq ans \u00e0 Vancouver, nous aurons besoin que tous, nous donnions notre voix aux probl\u00e8mes environnementaux qui nous touchent et que nous prenions des mesures pour trouver des solutions.<\/p>\n<p class=\"normal\">\u00a0Martin Luther King, Jr a d\u00e9clar\u00e9\u00a0:\u00a0\u00ab Le progr\u00e8s humain n\u2019est ni automatique ni in\u00e9vitable. Chaque pas vers l\u2019objectif de la justice exige des sacrifices, des souffrances, une lutte \u2013 Les efforts infatigables de la sollicitude passionn\u00e9e d\u2019individus d\u00e9vou\u00e9s\u00a0\u00bb.<\/p>\n<p class=\"normal\"><img decoding=\"async\" src=\"https:\/\/www.greenpeace.org\/static\/planet4-africa-stateless\/2018\/10\/c4c860b3-c4c860b3-130409_228441.jpg\" alt=\"eolienne\" \/><\/p>\n<p class=\"normal\">Aujourd\u2019hui, il y a une grande urgence \u00e0 prot\u00e9ger nos communaut\u00e9s et notre plan\u00e8te. Le pouvoir du peuple est plus que jamais n\u00e9cessaire. Nous avons besoin de personnes qui participent \u00e0 des actions directes non-violentes, qui t\u00e9moignent, qui exposent des crimes environnementaux, qui enqu\u00eatent et mettent en \u00e9vidence des probl\u00e8mes environnementaux et qui apportent des solutions.<\/p>\n<p class=\"normal\">\u00a0De plus en plus de gens sont pr\u00eats \u00e0 r\u00eaver grand pour que notre vision d\u2019un monde durable et en paix se r\u00e9alise. \u00ab Un autre monde est non seulement possible, il est en chemin. Les journ\u00e9es tranquilles, je peux l\u2019entendre respirer. \u00bb- Arundhati Roy<\/p>\n<p class=\"normal\">\u00a0Joyeux anniversaire Greenpeace !<\/p>\n<p class=\"normal\"><em>Article original paru dans le <a href=\"http:\/\/www.huffingtonpost.com\/bunny-mcdiarmid\/forty-five-years-of-peopl_b_11991314.html\" target=\"_blank\" rel=\"noopener noreferrer\">Huffington Post<\/a>.\u00a0<\/em><\/p>\n<\/div>\n<\/div>\n","protected":false},"excerpt":{"rendered":"<p>Apr\u00e8s quarante-cinq ans, d&#8217;innombrables campagnes et succ\u00e8s, Greenpeace reste fid\u00e8le \u00e0 son identit\u00e9\u00a0: ce sont les humains qui font partie de l\u2019aventure. Les hommes sont au c\u0153ur de notre identit\u00e9 et nous avons besoin de vous pour cr\u00e9er le monde durable et en paix auquel nous aspirons.<\/p>\n","protected":false},"author":22,"featured_media":2288,"comment_status":"open","ping_status":"open","sticky":false,"template":"","format":"standard","meta":{"_acf_changed":false,"ep_exclude_from_search":false,"p4_og_title":"","p4_og_description":"","p4_og_image":"","p4_og_image_id":"","p4_seo_canonical_url":"","p4_campaign_name":"","p4_local_project":"","p4_basket_name":"","p4_department":"","footnotes":""},"categories":[17],"tags":[42,63],"p4-page-type":[104],"class_list":["post-2287","post","type-post","status-publish","format-standard","has-post-thumbnail","hentry","category-non-classifiee","tag-greenpeaceafrique","tag-activisme","p4-page-type-les-blogs"],"acf":[],"_links":{"self":[{"href":"https:\/\/www.greenpeace.org\/africa\/fr\/wp-json\/wp\/v2\/posts\/2287","targetHints":{"allow":["GET"]}}],"collection":[{"href":"https:\/\/www.greenpeace.org\/africa\/fr\/wp-json\/wp\/v2\/posts"}],"about":[{"href":"https:\/\/www.greenpeace.org\/africa\/fr\/wp-json\/wp\/v2\/types\/post"}],"author":[{"embeddable":true,"href":"https:\/\/www.greenpeace.org\/africa\/fr\/wp-json\/wp\/v2\/users\/22"}],"replies":[{"embeddable":true,"href":"https:\/\/www.greenpeace.org\/africa\/fr\/wp-json\/wp\/v2\/comments?post=2287"}],"version-history":[{"count":3,"href":"https:\/\/www.greenpeace.org\/africa\/fr\/wp-json\/wp\/v2\/posts\/2287\/revisions"}],"predecessor-version":[{"id":8365,"href":"https:\/\/www.greenpeace.org\/africa\/fr\/wp-json\/wp\/v2\/posts\/2287\/revisions\/8365"}],"wp:featuredmedia":[{"embeddable":true,"href":"https:\/\/www.greenpeace.org\/africa\/fr\/wp-json\/wp\/v2\/media\/2288"}],"wp:attachment":[{"href":"https:\/\/www.greenpeace.org\/africa\/fr\/wp-json\/wp\/v2\/media?parent=2287"}],"wp:term":[{"taxonomy":"category","embeddable":true,"href":"https:\/\/www.greenpeace.org\/africa\/fr\/wp-json\/wp\/v2\/categories?post=2287"},{"taxonomy":"post_tag","embeddable":true,"href":"https:\/\/www.greenpeace.org\/africa\/fr\/wp-json\/wp\/v2\/tags?post=2287"},{"taxonomy":"p4-page-type","embeddable":true,"href":"https:\/\/www.greenpeace.org\/africa\/fr\/wp-json\/wp\/v2\/p4-page-type?post=2287"}],"curies":[{"name":"wp","href":"https:\/\/api.w.org\/{rel}","templated":true}]}}