{"id":2309,"date":"2017-04-18T18:09:00","date_gmt":"2017-04-18T18:09:00","guid":{"rendered":"https:\/\/www.greenpeace.org\/africa\/non-classifiee\/2309\/un-leadership-regional-pour-une-peche-durable-en-afrique-de-louest\/"},"modified":"2019-11-06T08:23:09","modified_gmt":"2019-11-06T08:23:09","slug":"un-leadership-regional-pour-une-peche-durable-en-afrique-de-louest","status":"publish","type":"post","link":"https:\/\/www.greenpeace.org\/africa\/fr\/les-blogs\/2309\/un-leadership-regional-pour-une-peche-durable-en-afrique-de-louest\/","title":{"rendered":"Un leadership r\u00e9gional pour une p\u00eache durable en Afrique de l\u2019ouest"},"content":{"rendered":"<div class=\"post-content\">\n<div><strong>Depuis fin f\u00e9vrier, l\u2019Esperanza,<a href=\"http:\/\/www.greenpeace.org\/africa\/fr\/Actualities\/Blogs-de-Greenpeace-Afrique\/les-navires-de-greenpeace-les-combattants-de-\/blog\/58724\/\"> un des trois navires de la flotte de Greenpeace<\/a>, sillonne les eaux de six \u00a0pays membres de la Commission Sous-R\u00e9gionale des P\u00eaches (CSRP) dans le cadre d\u2019une exp\u00e9dition d\u00e9nomm\u00e9e<a href=\"http:\/\/bit.ly\/2mhZXTO\"> Espoir en Afrique de l\u2019Ouest<\/a>.<\/strong><\/p>\n<p>Il y a quelques semaines, l\u2019\u00e9quipage quittait \u00a0le port de Bissau pour de nouvelles aventures, d\u2019abord en Guin\u00e9e Conakry puis en Sierra Leone. Mais avant, nous avions \u00a0re\u00e7u un invit\u00e9 de marque en la personne du<a href=\"http:\/\/www.greenpeace.org\/africa\/fr\/Presse\/Le-president-de-la-Guinee-Bissau-Jose-Mario-Vaz-rend-visite-au-bateau-de-Greenpeace-apres-larrestation-de-navires-de-peche-illegaux\/\"> Pr\u00e9sident Jos\u00e9 Mario Vaz de la R\u00e9publique de Guin\u00e9e \u2013 Bissau<\/a>.<\/p>\n<p><img loading=\"lazy\" decoding=\"async\" class=\"\" src=\"https:\/\/www.greenpeace.org\/static\/planet4-africa-stateless\/2018\/10\/b9b8c4f6-b9b8c4f6-135253_240646.jpg\" alt=\"Pr\u00e9sident Guin\u00e9e Bissau \u00e0 bord Esperanza\" width=\"689\" height=\"459\" \/><\/p>\n<p>Ce fut un moment plein d\u2019\u00e9motions au cours duquel nous lui avons pr\u00e9sent\u00e9 les r\u00e9sultats de l\u2019op\u00e9ration conjointe que nous avons men\u00e9e avec le FISCAP, le D\u00e9partement de la surveillance des p\u00eaches de la Guin\u00e9e \u2013 Bissau.<br \/>\nC\u2019est un homme profond\u00e9ment pr\u00e9occup\u00e9 par la situation qui r\u00e8gne dans les eaux de son pays que j\u2019ai vu. Son objectif : \u00abfaire en sorte que les populations bissau-guin\u00e9ennes puissent \u00eatre les premi\u00e8res b\u00e9n\u00e9ficiaires des ressources dont regorgent leurs eaux.<\/p>\n<p>Inform\u00e9 de notre pr\u00e9sence dans le pays et de nos intentions d\u2019appuyer la Guin\u00e9e-Bissau dans sa lutte contre le pillage ill\u00e9gal de ses ressources marines, le Pr\u00e9sident Vaz d\u00e9cida de nous recevoir. Une r\u00e9union \u00e9clair, dans une salle de la pr\u00e9sidence, \u00e0 l\u2019issue de laquelle il ordonna \u00e0 ses ministres de la d\u00e9fense et des p\u00eaches de prendre les dispositions n\u00e9cessaires pour accompagner Greenpeace dans cette noble mission dont les r\u00e9sultats ont \u00e9t\u00e9 plus que satisfaisants : 8 navires de p\u00eache identifi\u00e9s en situation de p\u00eache INN dont 4 arraisonn\u00e9s, en seulement 4 jours de patrouille !<\/p>\n<p><img loading=\"lazy\" decoding=\"async\" class=\"\" src=\"https:\/\/www.greenpeace.org\/static\/planet4-africa-stateless\/2018\/10\/d5247892-d5247892-135254_240644.jpg\" alt=\"d\u00e9couverte et saisie conjointe Greenpeace Guin\u00e9e Bissau\" width=\"689\" height=\"459\" \/><\/p>\n<div>Ces actions, d\u00e9crites plus haut, ne sont pas les seules \u00e0 mettre au compte du pr\u00e9sident Vaz dans son engagement \u00e0 mettre de l\u2019ordre dans le secteur de la p\u00eache bissau-guin\u00e9enne. Sa visite, au mois de janvier, des locaux du FISCAP en disait long. A travers cette visite, il a voulu manifester son soutien total aux agents de ce d\u00e9partement qui a pour mission de surveiller les activit\u00e9s de p\u00eache dans les eaux du pays, entre autres. Aussi, et le plus important, pour s\u2019enqu\u00e9rir de leurs besoins pressants. Car, il le sait bien : comme partout dans la r\u00e9gion, les pertes occasionn\u00e9es par la p\u00eache INN, dans son pays, sont inacceptables et les moyens pour en faire face manquent.<\/p>\n<p>R\u00e9cemment, un projet d\u2019augmentation des amendes pour les activit\u00e9s de p\u00eache INN a \u00e9t\u00e9 adopt\u00e9, sous sa supervision, et sera incessamment mis en \u0153uvre.<br \/>\nEn mati\u00e8re de leadership r\u00e9gional pour des p\u00eacheries durables en Afrique de l\u2018Ouest, le pr\u00e9sident Vaz n\u2019est pas seul.<a href=\"http:\/\/www.greenpeace.org\/africa\/fr\/Presse\/Des-ailerons-de-requins-trouves-a-bord-de-navires-de-peche-etrangers-au-cours-dune-patrouille-conjointe-Greenpeace---Guinee\/\"> La Guin\u00e9e<\/a>, port\u00e9e par son actuel ministre des P\u00eaches et de l\u2019Aquaculture, Andr\u00e9 Loua, sort petit \u00e0 petit la t\u00eate de l\u2019eau en multipliant les r\u00e9formes pour assainir ce secteur. <a href=\"https:\/\/mosaiqueguinee.com\/2016\/07\/13\/exclusif-peche-illicite-la-guinee-retiree-de-la-liste-noire-de-lunion-europeenne-officiel\/\">La pression de l\u2018Union europ\u00e9enne sur l\u2019Etat guin\u00e9en<\/a>, suite \u00e0 son identification comme non-coop\u00e9rant dans la lutte contre la p\u00eache INN, a, \u00e0 coup s\u00fbr, jou\u00e9 un r\u00f4le d\u00e9cisif.<\/p>\n<div><img loading=\"lazy\" decoding=\"async\" class=\"\" src=\"https:\/\/www.greenpeace.org\/static\/planet4-africa-stateless\/2018\/10\/a38c6a73-a38c6a73-135255_240642.jpg\" alt=\"Visite ministre p\u00eache guin\u00e9e conakry \u00e0 bord Esperanza\" width=\"695\" height=\"463\" \/><\/p>\n<p>Certaines r\u00e9formes d\u00e9j\u00e0 mises en \u0153uvre ainsi que d\u2019autres en cours d\u2019adoption vont positivement changer la fa\u00e7on dont les activit\u00e9s de p\u00eache sont g\u00e9r\u00e9es dans ce pays. Baisse drastique du nombre de navires op\u00e9rant dans la Zone \u00e9conomique exclusive (ZEE) de la Guin\u00e9e, autonomisation du VMS (Syst\u00e8me de suivi des navires par satellite), <a href=\"http:\/\/www.greenpeace.org\/africa\/fr\/Presse\/Des-ailerons-de-requins-trouves-a-bord-de-navires-de-peche-etrangers-au-cours-dune-patrouille-conjointe-Greenpeace---Guinee\/\">\u00a0interdiction formelle d\u2019ailerons de requin<\/a> \u00e0 bord des navires de p\u00eache\u2026 Selon le ministre des p\u00eaches en personne,<a href=\"http:\/\/www.greenpeace.org\/africa\/fr\/Presse\/Greenpeace-nouveaux-cas-mauvaises-pratiques-peche-Afrique-Ouest\/\"> l\u2019AIS (syst\u00e8me d\u2019identification automatique)<\/a> sera d\u00e9sormais obligatoire pour tout navire de p\u00eache op\u00e9rant dans les eaux guin\u00e9ennes \u00e0 partir de 2018. Une premi\u00e8re, dans la r\u00e9gion, qui va consid\u00e9rablement contribuer \u00e0 la \u00a0lutte contre la p\u00eache INN dont les impacts sont \u00e9normes.<\/p>\n<p>Seulement, \u00e0 eux seuls, le pr\u00e9sident Vaz et le gouvernement de la R\u00e9publique de Guin\u00e9e n\u2019arriveront pas \u00e0 changer le cours des choses dans les p\u00eacheries ouest-africaines.<a href=\"http:\/\/bit.ly\/2lb39vj\"> Leurs actions ont besoin d\u2019avoir une dimension r\u00e9gionale<\/a> et faire tache d\u2019huile pour qu\u2019enfin soit mise en \u0153uvre une v\u00e9ritable coop\u00e9ration sous-r\u00e9gionale franche et effective qui aboutira \u00e0 une gestion r\u00e9gionale des p\u00eacheries.<br \/>\nSeule une telle coop\u00e9ration pourra venir \u00e0 bout de tous les d\u00e9fis qui interpellent, aujourd\u2019hui, les p\u00eacheries ouest-africaines. Car, au-del\u00e0 de la p\u00eache INN, les questions de surcapacit\u00e9 et de gestion des stocks partag\u00e9s se posent \u00e9galement avec acuit\u00e9.<br \/>\nAujourd\u2019hui, comme plus que jamais, l\u2019Afrique de l\u2019Ouest a besoin d\u2019un leadership r\u00e9gional capable de catalyser les r\u00e9flexions et les actions n\u00e9cessaires pour une gestion communautaire de leurs ressources marines.<br \/>\nVivement que les maillots de leader endoss\u00e9s par le pr\u00e9sident Vaz et le gouvernement de la R\u00e9publique de Guin\u00e9e interpellent leurs pairs\u2026 \u00a0Apr\u00e8s le Cap Vert, la Mauritanie, la Guin\u00e9e Bissau et la Guin\u00e9e Conakry, l\u2019Esperanza doit encore se rendre au Sierra Leone et au S\u00e9n\u00e9gal. Qui sera le prochain \u00e0 les rejoindre ?<em>Blog \u00e9crit par Ahmed Diame, Charg\u00e9 de campagne oc\u00e9ans, actuellement \u00e0 bord de l\u2019Esperanza.<\/em><\/div>\n<\/div>\n<p>\n<strong>&gt;&gt; Pour plus d\u2019information sur notre campagne, rendez vous sur\u00a0<a class=\"zoom\" href=\"http:\/\/www.greenpeaceafrica.org\/espoirenafriquedelouest\" target=\"_blank\" rel=\"noopener noreferrer\">notre page d\u00e9di\u00e9e<\/a>.<\/strong><\/p>\n<p><strong>&gt;&gt; Donnez de la voix pour nos oc\u00e9ans,\u00a0<a class=\"zoom\" href=\"http:\/\/bit.ly\/2lb39vj\" target=\"_blank\" rel=\"noopener noreferrer\">signez notre p\u00e9tition<\/a>\u00a0contre la surp\u00eache !<\/strong><\/p>\n<\/div>\n<\/div>\n","protected":false},"excerpt":{"rendered":"<p>Depuis fin f\u00e9vrier, l\u2019Esperanza, un des trois navires de la flotte de Greenpeace, sillonne les eaux de six \u00a0pays membres de la Commission Sous-R\u00e9gionale des P\u00eaches (CSRP) dans le cadre d\u2019une exp\u00e9dition d\u00e9nomm\u00e9e Espoir en Afrique de l\u2019Ouest.<\/p>\n","protected":false},"author":22,"featured_media":2312,"comment_status":"open","ping_status":"open","sticky":false,"template":"","format":"standard","meta":{"_acf_changed":false,"ep_exclude_from_search":false,"p4_og_title":"","p4_og_description":"","p4_og_image":"","p4_og_image_id":"","p4_seo_canonical_url":"","p4_campaign_name":"","p4_local_project":"","p4_basket_name":"","p4_department":"","footnotes":""},"categories":[52],"tags":[96],"p4-page-type":[104],"class_list":["post-2309","post","type-post","status-publish","format-standard","has-post-thumbnail","hentry","category-proteger-lenvironnement","tag-oceans-fr","p4-page-type-les-blogs"],"acf":[],"_links":{"self":[{"href":"https:\/\/www.greenpeace.org\/africa\/fr\/wp-json\/wp\/v2\/posts\/2309","targetHints":{"allow":["GET"]}}],"collection":[{"href":"https:\/\/www.greenpeace.org\/africa\/fr\/wp-json\/wp\/v2\/posts"}],"about":[{"href":"https:\/\/www.greenpeace.org\/africa\/fr\/wp-json\/wp\/v2\/types\/post"}],"author":[{"embeddable":true,"href":"https:\/\/www.greenpeace.org\/africa\/fr\/wp-json\/wp\/v2\/users\/22"}],"replies":[{"embeddable":true,"href":"https:\/\/www.greenpeace.org\/africa\/fr\/wp-json\/wp\/v2\/comments?post=2309"}],"version-history":[{"count":4,"href":"https:\/\/www.greenpeace.org\/africa\/fr\/wp-json\/wp\/v2\/posts\/2309\/revisions"}],"predecessor-version":[{"id":8341,"href":"https:\/\/www.greenpeace.org\/africa\/fr\/wp-json\/wp\/v2\/posts\/2309\/revisions\/8341"}],"wp:featuredmedia":[{"embeddable":true,"href":"https:\/\/www.greenpeace.org\/africa\/fr\/wp-json\/wp\/v2\/media\/2312"}],"wp:attachment":[{"href":"https:\/\/www.greenpeace.org\/africa\/fr\/wp-json\/wp\/v2\/media?parent=2309"}],"wp:term":[{"taxonomy":"category","embeddable":true,"href":"https:\/\/www.greenpeace.org\/africa\/fr\/wp-json\/wp\/v2\/categories?post=2309"},{"taxonomy":"post_tag","embeddable":true,"href":"https:\/\/www.greenpeace.org\/africa\/fr\/wp-json\/wp\/v2\/tags?post=2309"},{"taxonomy":"p4-page-type","embeddable":true,"href":"https:\/\/www.greenpeace.org\/africa\/fr\/wp-json\/wp\/v2\/p4-page-type?post=2309"}],"curies":[{"name":"wp","href":"https:\/\/api.w.org\/{rel}","templated":true}]}}