{"id":2325,"date":"2016-04-22T20:08:00","date_gmt":"2016-04-22T20:08:00","guid":{"rendered":"https:\/\/www.greenpeace.org\/africa\/non-classifiee\/2325\/la-cooperation-nous-permettra-de-vaincre-le-changement-climatique\/"},"modified":"2019-11-06T08:23:36","modified_gmt":"2019-11-06T08:23:36","slug":"la-cooperation-nous-permettra-de-vaincre-le-changement-climatique","status":"publish","type":"post","link":"https:\/\/www.greenpeace.org\/africa\/fr\/les-blogs\/2325\/la-cooperation-nous-permettra-de-vaincre-le-changement-climatique\/","title":{"rendered":"La coop\u00e9ration nous permettra de vaincre le changement climatique"},"content":{"rendered":"<div class=\"post-content\">\n<div>\n<p><strong>Plus de 165 pays se r\u00e9unissent aujourd\u2019hui, Jour de la Terre, pour signer <a href=\"http:\/\/www.greenpeace.org\/africa\/fr\/Actualities\/Blogs-de-Greenpeace-Afrique\/cop21-fin-energies-fossiles\/blog\/55108\/\">les Accords de Paris.<\/a><\/strong> C\u2019est un nombre record de participants, et un signe encourageant. Apr\u00e8s des ann\u00e9es pass\u00e9es \u00e0 h\u00e9siter, le monde se d\u00e9cide enfin \u00e0 prendre des actions d\u00e9cisives contre le changement climatique.<\/p>\n<p><img decoding=\"async\" src=\"https:\/\/www.greenpeace.org\/static\/planet4-africa-stateless\/2018\/10\/7b8ce719-7b8ce719-120949_204815.jpg\" alt=\"Arc de Triomphe Greenpeace Paris COP21\"><\/p>\n<p>Les Accords de Paris sont le signe clair que <a href=\"http:\/\/www.greenpeace.org\/africa\/fr\/Actualities\/Blogs-de-Greenpeace-Afrique\/2016-lanne-o-on-dit-adieu-au-charbon\/blog\/55503\/\">le temps des \u00e9nergies fossiles est r\u00e9volu<\/a>. Nous sommes convaincues que coop\u00e9ration et solidarit\u00e9 sont ce dont nous avons le plus besoin pour mettre en place ces accords, et contribuer \u00e0 la cr\u00e9ation d\u2019un monde plus s\u00fbr, au sein duquel nous partageons les ressources plut\u00f4t que de nous battre pour elles. Paris doit \u00eatre le d\u00e9but d\u2019une transition juste vers un monde 100% renouvelable.<\/p>\n<p>En tant que <a href=\"http:\/\/www.greenpeace.org\/africa\/fr\/Actualities\/Blogs-de-Greenpeace-Afrique\/nouvelles-directrices-greenpeace-international\/blog\/55440\/\">Directrices Ex\u00e9cutives de Greenpeace International<\/a>, nous voulons une r\u00e9volution dans la fa\u00e7on dont l\u2019humanit\u00e9 interagit avec la nature. Nous pensons que cela n\u00e9cessite une r\u00e9volution non seulement technologique, mais aussi dans nos attitudes et nos styles de vie.\u00a0<\/p>\n<p><strong>Nous savons qu\u2019ensemble nous avons les moyens, la capacit\u00e9 et le savoir n\u00e9cessaires pour construire un monde durable.<\/strong> Si les solutions prennent tant de temps \u00e0 \u00eatre mises en place, c\u2019est uniquement \u00e0 cause d\u2019un nombre limit\u00e9 de personnes qui b\u00e9n\u00e9ficient de ce statu quo destructeur. Il est temps de mettre fin \u00e0 la destruction de nos ressources pour le profit d\u2019un petit nombre, que ce soient ceux qui <a href=\"http:\/\/www.greenpeace.org\/africa\/fr\/notre-action\/Defendons-nos-oceans\/\">pillent nos oc\u00e9ans<\/a>, <a href=\"http:\/\/www.greenpeace.org\/africa\/fr\/notre-action\/Protegeons-les-forets\/\">d\u00e9truisent nos for\u00eats<\/a>, <a href=\"http:\/\/www.greenpeace.org\/africa\/fr\/notre-action\/changement-climatique\/\">polluent notre air<\/a> ou mettent en danger <a href=\"http:\/\/www.greenpeace.org\/africa\/fr\/notre-action\/Agriculture-Ecologique\/\">nos syst\u00e8mes de production agricole<\/a>.<\/p>\n<p>Il est temps de partager une vision de l\u2019humanit\u00e9 plus \u00e9quitable, faisant partie int\u00e9grante des syst\u00e8mes naturels, d\u2019une humanit\u00e9 qui coop\u00e8re pour sauver la beaut\u00e9 de la plan\u00e8te dont nous d\u00e9pendons tous. C\u2019est pour cette raison que nous nous levons tous les jours pour diriger Greenpeace. Si nous, toutes les deux, nous soutenons pour tirer le meilleur de nous, nous cr\u00e9erons une organisation meilleure. <strong>Si nous, tous ensemble, pouvons tirer le meilleur de l\u2019humanit\u00e9, nous cr\u00e9erons un monde meilleur.<\/strong><\/p>\n<p>Ensemble, nous pourrons faire en sorte que les entreprises et les investisseurs qui continuent \u00e0 mettre leurs profits avant l\u2019int\u00e9r\u00eat g\u00e9n\u00e9ral se retrouvent du mauvais c\u00f4t\u00e9 de l\u2019histoire. Ensemble, nous pouvons montrer une meilleure voie, plus communautaire et moins \u00e9go\u00efste.<\/p>\n<p><strong>Nous esp\u00e9rons que vous nous accompagnerez dans ce voyage.<\/strong><\/p>\n<p><img decoding=\"async\" src=\"https:\/\/www.greenpeace.org\/static\/planet4-africa-stateless\/2018\/10\/d86f5e85-d86f5e85-125692_217198.jpg\" alt=\"Jennifer Morgan et Bunny McDiarmid\"><\/p>\n<p>Jennifer Morgan et Bunny McDiarmid sont les Directrices Ex\u00e9cutives de Greenpeace International.<\/p>\n<\/div>\n<\/div>\n","protected":false},"excerpt":{"rendered":"<p>Plus de 165 pays se r\u00e9unissent aujourd\u2019hui, Jour de la Terre, pour signer les Accords de Paris. C\u2019est un nombre record de participants, et un signe encourageant. Apr\u00e8s des ann\u00e9es pass\u00e9es \u00e0 h\u00e9siter, le monde se d\u00e9cide enfin \u00e0 prendre des actions d\u00e9cisives contre le changement climatique.<\/p>\n","protected":false},"author":22,"featured_media":2327,"comment_status":"open","ping_status":"open","sticky":false,"template":"","format":"standard","meta":{"_acf_changed":false,"ep_exclude_from_search":false,"p4_og_title":"","p4_og_description":"","p4_og_image":"","p4_og_image_id":"","p4_seo_canonical_url":"","p4_campaign_name":"","p4_local_project":"","p4_basket_name":"","p4_department":"","footnotes":""},"categories":[57],"tags":[42],"p4-page-type":[104],"class_list":["post-2325","post","type-post","status-publish","format-standard","has-post-thumbnail","hentry","category-inspirer-le-mouvement","tag-greenpeaceafrique","p4-page-type-les-blogs"],"acf":[],"_links":{"self":[{"href":"https:\/\/www.greenpeace.org\/africa\/fr\/wp-json\/wp\/v2\/posts\/2325","targetHints":{"allow":["GET"]}}],"collection":[{"href":"https:\/\/www.greenpeace.org\/africa\/fr\/wp-json\/wp\/v2\/posts"}],"about":[{"href":"https:\/\/www.greenpeace.org\/africa\/fr\/wp-json\/wp\/v2\/types\/post"}],"author":[{"embeddable":true,"href":"https:\/\/www.greenpeace.org\/africa\/fr\/wp-json\/wp\/v2\/users\/22"}],"replies":[{"embeddable":true,"href":"https:\/\/www.greenpeace.org\/africa\/fr\/wp-json\/wp\/v2\/comments?post=2325"}],"version-history":[{"count":2,"href":"https:\/\/www.greenpeace.org\/africa\/fr\/wp-json\/wp\/v2\/posts\/2325\/revisions"}],"predecessor-version":[{"id":3282,"href":"https:\/\/www.greenpeace.org\/africa\/fr\/wp-json\/wp\/v2\/posts\/2325\/revisions\/3282"}],"wp:featuredmedia":[{"embeddable":true,"href":"https:\/\/www.greenpeace.org\/africa\/fr\/wp-json\/wp\/v2\/media\/2327"}],"wp:attachment":[{"href":"https:\/\/www.greenpeace.org\/africa\/fr\/wp-json\/wp\/v2\/media?parent=2325"}],"wp:term":[{"taxonomy":"category","embeddable":true,"href":"https:\/\/www.greenpeace.org\/africa\/fr\/wp-json\/wp\/v2\/categories?post=2325"},{"taxonomy":"post_tag","embeddable":true,"href":"https:\/\/www.greenpeace.org\/africa\/fr\/wp-json\/wp\/v2\/tags?post=2325"},{"taxonomy":"p4-page-type","embeddable":true,"href":"https:\/\/www.greenpeace.org\/africa\/fr\/wp-json\/wp\/v2\/p4-page-type?post=2325"}],"curies":[{"name":"wp","href":"https:\/\/api.w.org\/{rel}","templated":true}]}}