{"id":2368,"date":"2017-01-18T21:13:00","date_gmt":"2017-01-18T21:13:00","guid":{"rendered":"https:\/\/www.greenpeace.org\/africa\/non-classifiee\/2368\/ensemble-construisons-des-ponts-pas-des-murs\/"},"modified":"2019-11-06T08:23:16","modified_gmt":"2019-11-06T08:23:16","slug":"ensemble-construisons-des-ponts-pas-des-murs","status":"publish","type":"post","link":"https:\/\/www.greenpeace.org\/africa\/fr\/les-blogs\/2368\/ensemble-construisons-des-ponts-pas-des-murs\/","title":{"rendered":"Ensemble, construisons des ponts, pas des murs"},"content":{"rendered":"<div class=\"post-content\">\n<div>Le 20 janvier, Donald Trump va devenir le 45e pr\u00e9sident des \u00c9tats-Unis et son arriv\u00e9e est certainement aux antipodes des espoirs suscit\u00e9s lors de l\u2019\u00e9lection de Barack Obama. En effet, ses m\u00e9thodes de communication, ses convictions personnelles et les personnalit\u00e9s choisies pour constituer son \u00e9quipe sont inqui\u00e9tantes pour l\u2019ensemble de la plan\u00e8te.<br \/>\nEn ces temps de division, que ce soit aux Etats-Unis ou ailleurs, il est temps d\u2019envoyer un message de solidarit\u00e9 et d\u2019espoir : construisons ensemble une plan\u00e8te qui b\u00e9n\u00e9ficie \u00e0 tout un chacun et non seulement \u00e0 une poign\u00e9e de personnes ; une plan\u00e8te o\u00f9 \u00e9conomie durable, environnement sain, et justice pour tous occuperont une place centrale.Concr\u00e8tement, nous nous r\u00e9unirons sur les ponts \u00e0 travers le monde afin de montrer notre d\u00e9termination positive et de porter un message de paix et d\u2019ouverture : construisons des ponts, pas des murs.<\/p>\n<p><img loading=\"lazy\" decoding=\"async\" class=\"\" src=\"https:\/\/www.greenpeace.org\/static\/planet4-africa-stateless\/2018\/10\/4a9b0f4a-4a9b0f4a-133292_235877.jpg\" alt=\"hope \" width=\"670\" height=\"335\" \/><\/p>\n<p>Nous esp\u00e9rons qu\u2019a travers le continent africain, de nombreuses voix s\u2019\u00e9l\u00e8veront pour soutenir #BridgesNotWalls<\/p>\n<p>\u201cLes g\u00e9ants de l\u2019agroalimentaire comme \u00a0Bayer, Monsanto, DuPont, Dow and Syngenta ont tellement de poids en Afrique de l\u2019Est qu\u2019ils peuvent faire ce qu\u2019ils veulent sans trop de soucis pour le respects des droits humains ou environnementaux. Aujourd\u2019hui, et plus que jamais, silence signifie approbation. Nous devons agir, nous devons construire des ponts, pas des murs.\u201d\u00a0Fredrick Njehu \u2013 Conseiller Politique, Campagne Food For Life, Kenya<\/p>\n<p><img loading=\"lazy\" decoding=\"async\" class=\"\" src=\"https:\/\/www.greenpeace.org\/static\/planet4-africa-stateless\/2018\/10\/43bd730c-43bd730c-133294_235881.jpg\" alt=\"marche Kenya\" width=\"701\" height=\"467\" \/><\/p>\n<p>\u201cAlors que nous soutenons #Bridgesnotwalls pour envoyer un message fort au nouveau Pr\u00e9sident \u00e9lu Donald Trump, c\u2019est aussi une opportunit\u00e9 pour nous, camerounais, de r\u00e9fl\u00e9chir. Notre diversit\u00e9 est notre force, elle nous aide \u00e0 construire le futur et \u00e0 faire un monde meilleur.\u201d\u00a0Nchemty Metimi Ozongashu \u2013 Charg\u00e9 de communications, Campagne For\u00eat, Cameroun<\/p>\n<p><img loading=\"lazy\" decoding=\"async\" class=\"\" src=\"https:\/\/www.greenpeace.org\/static\/planet4-africa-stateless\/2018\/10\/2f1c4895-2f1c4895-133359_236027.jpg\" alt=\"bridges not walls Cameroon\" width=\"669\" height=\"502\" \/><\/p>\n<p>\u201cAvec #Bridgesnotwalls , il s\u2019agit de faire preuve de solidarit\u00e9 avec tous les peuples du monde qui souffrent d\u00e9j\u00e0 des effets d\u00e9vastateurs du changement climatique, et qui se l\u00e8vent pour r\u00e9sister aux id\u00e9ologies haineuses et extr\u00e9mistes de multinationales et de politiciens, qui n\u2019h\u00e9sitent pas \u00e0 jeter en p\u00e2ture nos id\u00e9es d\u00e9mocratiques au b\u00e9n\u00e9fice de leurs int\u00e9r\u00eats particuliers.\u201d\u00a0Penny-Jane Cooke, Responsable de la campagne Climat et \u00c9nergie, Afrique du Sud\u201d<\/p>\n<p><img loading=\"lazy\" decoding=\"async\" class=\"\" src=\"https:\/\/www.greenpeace.org\/static\/planet4-africa-stateless\/2018\/10\/dc3534e5-dc3534e5-133366_236046.jpg\" alt=\"bridges not walls Dakar\" width=\"699\" height=\"466\" \/><\/p>\n<p>\u201cLa difficult\u00e9 sera de maintenir le consensus de la politique am\u00e9ricaine envers le continent depuis les trois derniers gouvernements, bas\u00e9 sur l\u2019id\u00e9e \u00a0que l\u2019Afrique offre des opportunit\u00e9s int\u00e9ressantes. C\u2019est le bon moment pour rappeler \u00e0 la nouvelle administration que les oc\u00e9ans sont le seul \u00e9cosyst\u00e8me indivisible et qu\u2019ils doivent \u00eatre prot\u00e9g\u00e9s.\u201d \u2013\u00a0Ibrahima Ciss\u00e9, Responsable de la campagne Oc\u00e9an, S\u00e9n\u00e9gal<br \/>\nGreenpeace Afrique \u00e9tait sur le pont \u00a0Nelson Mandela \u00e0 Johannesburg, Afrique du Sud, le 19 janvier 2017. Vous pouvez aussi <a href=\"https:\/\/greenwire.greenpeace.org\/africa\/en-gb\/events\/bridgesnotwalls\">soutenir le mouvement<\/a> en prenant un selfie sur un pont \u00e0 c\u00f4t\u00e9 de chez vous, et en le publiant sur les r\u00e9seaux sociaux \u00a0ou sur <a href=\"https:\/\/greenwire.greenpeace.org\/africa\/fr\/home\">Greenwire<\/a> accompagn\u00e9 de <a href=\"https:\/\/twitter.com\/hashtag\/bridgesnotwalls\">#bridgesnotwalls<\/a>. N\u2019oubliez pas de tagger votre emplacement, pour montrer au reste du monde que nous, africains, sommes solidaires ! Vous pouvez aussi donner un tweet en participant \u00e0 notre <a href=\"https:\/\/www.thunderclap.it\/projects\/52132-build-bridges-not-walls?locale=en\">Thunderclap international.<\/a><\/p>\n<p><img loading=\"lazy\" decoding=\"async\" class=\"\" src=\"https:\/\/www.greenpeace.org\/static\/planet4-africa-stateless\/2018\/10\/6046a295-6046a295-133312_235927.jpg\" alt=\"#bridgesnotwalls\" width=\"692\" height=\"460\" \/><\/p>\n<p>Ensemble, construisons un futur juste, vert et en paix.<\/p>\n<\/div>\n<\/div>\n","protected":false},"excerpt":{"rendered":"<p>Le 20 janvier, Donald Trump va devenir le 45e pr\u00e9sident des \u00c9tats-Unis et son arriv\u00e9e est certainement aux antipodes des espoirs suscit\u00e9s lors de l&#8217;\u00e9lection de Barack Obama. En effet, ses m\u00e9thodes de communication, ses convictions personnelles et les personnalit\u00e9s choisies pour constituer son \u00e9quipe sont inqui\u00e9tantes pour l&#8217;ensemble de la plan\u00e8te.<\/p>\n","protected":false},"author":22,"featured_media":2369,"comment_status":"open","ping_status":"open","sticky":false,"template":"","format":"standard","meta":{"_acf_changed":false,"ep_exclude_from_search":false,"p4_og_title":"","p4_og_description":"","p4_og_image":"","p4_og_image_id":"","p4_seo_canonical_url":"","p4_campaign_name":"","p4_local_project":"","p4_basket_name":"","p4_department":"","footnotes":""},"categories":[17],"tags":[67],"p4-page-type":[104],"class_list":["post-2368","post","type-post","status-publish","format-standard","has-post-thumbnail","hentry","category-non-classifiee","tag-justicesociale","p4-page-type-les-blogs"],"acf":[],"_links":{"self":[{"href":"https:\/\/www.greenpeace.org\/africa\/fr\/wp-json\/wp\/v2\/posts\/2368","targetHints":{"allow":["GET"]}}],"collection":[{"href":"https:\/\/www.greenpeace.org\/africa\/fr\/wp-json\/wp\/v2\/posts"}],"about":[{"href":"https:\/\/www.greenpeace.org\/africa\/fr\/wp-json\/wp\/v2\/types\/post"}],"author":[{"embeddable":true,"href":"https:\/\/www.greenpeace.org\/africa\/fr\/wp-json\/wp\/v2\/users\/22"}],"replies":[{"embeddable":true,"href":"https:\/\/www.greenpeace.org\/africa\/fr\/wp-json\/wp\/v2\/comments?post=2368"}],"version-history":[{"count":3,"href":"https:\/\/www.greenpeace.org\/africa\/fr\/wp-json\/wp\/v2\/posts\/2368\/revisions"}],"predecessor-version":[{"id":3231,"href":"https:\/\/www.greenpeace.org\/africa\/fr\/wp-json\/wp\/v2\/posts\/2368\/revisions\/3231"}],"wp:featuredmedia":[{"embeddable":true,"href":"https:\/\/www.greenpeace.org\/africa\/fr\/wp-json\/wp\/v2\/media\/2369"}],"wp:attachment":[{"href":"https:\/\/www.greenpeace.org\/africa\/fr\/wp-json\/wp\/v2\/media?parent=2368"}],"wp:term":[{"taxonomy":"category","embeddable":true,"href":"https:\/\/www.greenpeace.org\/africa\/fr\/wp-json\/wp\/v2\/categories?post=2368"},{"taxonomy":"post_tag","embeddable":true,"href":"https:\/\/www.greenpeace.org\/africa\/fr\/wp-json\/wp\/v2\/tags?post=2368"},{"taxonomy":"p4-page-type","embeddable":true,"href":"https:\/\/www.greenpeace.org\/africa\/fr\/wp-json\/wp\/v2\/p4-page-type?post=2368"}],"curies":[{"name":"wp","href":"https:\/\/api.w.org\/{rel}","templated":true}]}}