{"id":2473,"date":"2016-12-05T11:25:00","date_gmt":"2016-12-05T11:25:00","guid":{"rendered":"https:\/\/www.greenpeace.org\/africa\/non-classifiee\/2473\/eliane-volontaire-a-luniversite-de-yaounde-1-depuis-2-ans\/"},"modified":"2019-11-06T08:23:19","modified_gmt":"2019-11-06T08:23:19","slug":"eliane-volontaire-a-luniversite-de-yaounde-1-depuis-2-ans","status":"publish","type":"post","link":"https:\/\/www.greenpeace.org\/africa\/fr\/les-blogs\/2473\/eliane-volontaire-a-luniversite-de-yaounde-1-depuis-2-ans\/","title":{"rendered":"Eliane, Volontaire \u00e0 l\u2019universit\u00e9 de Yaound\u00e9 1 depuis  2 ans"},"content":{"rendered":"<div class=\"post-content\">\n<div>\n<p>Enthousiaste et curieuse de vivre de nouvelles aventures dans un \u201cespace vert\u201d ; \u00a0mon esprit \u00a0de cr\u00e9ativit\u00e9 et de partage m\u2019a pouss\u00e9 \u00e0 int\u00e9grer le groupe \u201d Environnemental Ambassadors\u201d dont je fait partie depuis 2ans.<\/p>\n<p><img loading=\"lazy\" decoding=\"async\" class=\"\" src=\"https:\/\/www.greenpeace.org\/static\/planet4-africa-stateless\/2018\/10\/ed111652-ed111652-132356_233448.jpg\" alt=\"\" width=\"675\" height=\"506\" \/><\/p>\n<p>A mon arriv\u00e9e, ma surprise fut grande ; tout le monde faisait preuve de simplicit\u00e9, ce qui cr\u00e9a un climat d\u2019entente et de solidarit\u00e9 entre nous. De m\u00eame, \u00a0les activit\u00e9s sur le terrain nous ont permi de sensibiliser les populations sur l\u2019importance de l\u2019environnement et sur son apport dans nos vies (nourritures, dioxydes de carbone\u2026) et aussi de surmonter la peur du public.<\/p>\n<p><img loading=\"lazy\" decoding=\"async\" class=\"\" src=\"https:\/\/www.greenpeace.org\/static\/planet4-africa-stateless\/2018\/10\/9eafa09f-9eafa09f-132354_233452.jpg\" alt=\"\" width=\"703\" height=\"527\" \/><\/p>\n<p>J\u2019appr\u00e9cie l\u2019ambiance qui r\u00e8gne au sein de l\u2019\u00e9quipe et l\u2019humilit\u00e9 des membres. De plus, les responsables des volontaires de Greenpeace Cameroun savent galvaniser leurs volontaires ce qui nous permet de m\u00e9ner \u00e0 bien nos activit\u00e9s, \u00a0d\u2019 \u00e9tendre la visibilit\u00e9 de Greenpeace et aussi de participer \u00e0 la r\u00e9alisation de ses objectifs.<\/p>\n<p><img loading=\"lazy\" decoding=\"async\" class=\"\" src=\"https:\/\/www.greenpeace.org\/static\/planet4-africa-stateless\/2018\/10\/186b52ea-186b52ea-132355_233450.jpg\" alt=\"\" width=\"508\" height=\"678\" \/><\/p>\n<p>Pour les nouveaux volontaires et pour ceux d\u00e9sirant int\u00e9grer le groupe des volontaires de Greenpeace je ne peux que vous encourager car, c\u2019est une exp\u00e9rience magnifique d\u2019\u00eatre entour\u00e9 des personnes qui partagent la m\u00eame conception de l\u2019environnement que vous. De plus, ils pourront acqu\u00e9rir des valeurs telles que l\u2019humilit\u00e9 et le respect.<\/p>\n<\/div>\n<\/div>\n","protected":false},"excerpt":{"rendered":"<p>Enthousiaste et curieuse de vivre de nouvelles aventures dans un &#8220;espace vert&#8221; ; \u00a0mon esprit \u00a0de cr\u00e9ativit\u00e9 et de partage m&#8217;a pouss\u00e9 \u00e0 int\u00e9grer le groupe &#8221; Environnemental Ambassadors&#8221; dont je fait partie depuis 2ans.<\/p>\n","protected":false},"author":22,"featured_media":2476,"comment_status":"open","ping_status":"open","sticky":false,"template":"","format":"standard","meta":{"_acf_changed":false,"ep_exclude_from_search":false,"p4_og_title":"","p4_og_description":"","p4_og_image":"","p4_og_image_id":"","p4_seo_canonical_url":"","p4_campaign_name":"","p4_local_project":"","p4_basket_name":"","p4_department":"","footnotes":""},"categories":[57],"tags":[56,63],"p4-page-type":[104],"class_list":["post-2473","post","type-post","status-publish","format-standard","has-post-thumbnail","hentry","category-inspirer-le-mouvement","tag-cameroun","tag-activisme","p4-page-type-les-blogs"],"acf":[],"_links":{"self":[{"href":"https:\/\/www.greenpeace.org\/africa\/fr\/wp-json\/wp\/v2\/posts\/2473","targetHints":{"allow":["GET"]}}],"collection":[{"href":"https:\/\/www.greenpeace.org\/africa\/fr\/wp-json\/wp\/v2\/posts"}],"about":[{"href":"https:\/\/www.greenpeace.org\/africa\/fr\/wp-json\/wp\/v2\/types\/post"}],"author":[{"embeddable":true,"href":"https:\/\/www.greenpeace.org\/africa\/fr\/wp-json\/wp\/v2\/users\/22"}],"replies":[{"embeddable":true,"href":"https:\/\/www.greenpeace.org\/africa\/fr\/wp-json\/wp\/v2\/comments?post=2473"}],"version-history":[{"count":3,"href":"https:\/\/www.greenpeace.org\/africa\/fr\/wp-json\/wp\/v2\/posts\/2473\/revisions"}],"predecessor-version":[{"id":3248,"href":"https:\/\/www.greenpeace.org\/africa\/fr\/wp-json\/wp\/v2\/posts\/2473\/revisions\/3248"}],"wp:featuredmedia":[{"embeddable":true,"href":"https:\/\/www.greenpeace.org\/africa\/fr\/wp-json\/wp\/v2\/media\/2476"}],"wp:attachment":[{"href":"https:\/\/www.greenpeace.org\/africa\/fr\/wp-json\/wp\/v2\/media?parent=2473"}],"wp:term":[{"taxonomy":"category","embeddable":true,"href":"https:\/\/www.greenpeace.org\/africa\/fr\/wp-json\/wp\/v2\/categories?post=2473"},{"taxonomy":"post_tag","embeddable":true,"href":"https:\/\/www.greenpeace.org\/africa\/fr\/wp-json\/wp\/v2\/tags?post=2473"},{"taxonomy":"p4-page-type","embeddable":true,"href":"https:\/\/www.greenpeace.org\/africa\/fr\/wp-json\/wp\/v2\/p4-page-type?post=2473"}],"curies":[{"name":"wp","href":"https:\/\/api.w.org\/{rel}","templated":true}]}}