{"id":2531,"date":"2017-01-23T16:46:00","date_gmt":"2017-01-23T16:46:00","guid":{"rendered":"https:\/\/www.greenpeace.org\/africa\/non-classifiee\/2531\/a-nous-2017-5-bonnes-resolutions-pour-la-planete-et-ses-habitants\/"},"modified":"2019-11-06T08:23:16","modified_gmt":"2019-11-06T08:23:16","slug":"a-nous-2017-5-bonnes-resolutions-pour-la-planete-et-ses-habitants","status":"publish","type":"post","link":"https:\/\/www.greenpeace.org\/africa\/fr\/les-blogs\/2531\/a-nous-2017-5-bonnes-resolutions-pour-la-planete-et-ses-habitants\/","title":{"rendered":"\u00c0 nous 2017 ! 5 bonnes r\u00e9solutions pour la plan\u00e8te et ses habitants"},"content":{"rendered":"<div class=\"post-content\">\n<div>\n<p>Pour les d\u00e9fenseurs de l\u2019environnement, l\u2019ann\u00e9e 2016 a \u00e9t\u00e9 difficile \u00e0 bien des \u00e9gards. Mais de belles victoires ont \u00e9galement \u00e9t\u00e9 obtenues, ici ou encore l\u00e0, preuve que l\u2019engagement citoyen porte ses fruits, et qu\u2019ensemble nous sommes plus forts que les gouvernements ou les entreprises.Pour relever les d\u00e9fis qui nous attendent en 2017, voici quelques bonnes r\u00e9solutions \u00e0 mettre en pratique, pour la plan\u00e8te et ses habitants.<\/p>\n<p><strong dir=\"ltr\">1. Adopter des habitudes plus vertes.<\/strong><\/p>\n<p>Le 8 ao\u00fbt 2016, nous avions d\u00e9j\u00e0 \u00e9puis\u00e9 l\u2019ensemble des ressources que peut nous fournir la plan\u00e8te en une ann\u00e9e. En 2017, nous devons faire des efforts pour r\u00e9duire notre empreinte : limiter <a href=\"http:\/\/www.greenpeace.org\/africa\/fr\/Actualities\/Blogs-de-Greenpeace-Afrique\/manger-moins-viande-pour-planete\/blog\/56751\/\" target=\"_blank\" rel=\"noopener noreferrer\">notre consommation de viande<\/a>, r\u00e9duire le recours aux plastiques, \u00a0pr\u00e9f\u00e9rer les produits locaux aux produits import\u00e9s\u2026<\/p>\n<p><img loading=\"lazy\" decoding=\"async\" class=\"\" src=\"https:\/\/www.greenpeace.org\/static\/planet4-africa-stateless\/2018\/10\/4a014ef9-4a014ef9-121617_207579.jpg\" alt=\"plastiques\" width=\"699\" height=\"465\" \/><\/p>\n<p><strong>\u00a02. Se battre pour la justice. \u00a0<\/strong><\/p>\n<p>Si nous voulons construire un monde plus juste et pacifi\u00e9, nous devons <a href=\"http:\/\/www.greenpeace.org\/africa\/fr\/Actualities\/Blogs-de-Greenpeace-Afrique\/ensemble-construisons-des-ponts-pas-des-murs\/blog\/58535\/\" target=\"_blank\" rel=\"noopener noreferrer\">unir nos forces contre ceux qui cherchent \u00e0 nous diviser<\/a> : soutenir les peuples autochtones qui luttent pour la pr\u00e9servation de leurs territoires, d\u00e9fendre les droits des travailleurs exploit\u00e9s, refuser la haine et la x\u00e9nophobie. Toutes nos luttes sont interconnect\u00e9es et doivent \u00eatre solidaires !<\/p>\n<p><strong>\u00a03. Amener les responsables \u00e0 rendre des comptes.<\/strong><\/p>\n<p>En 2016, 180,000 personnes se sont \u00e9lev\u00e9es contre et <a href=\"http:\/\/www.greenpeace.org\/africa\/fr\/Actualities\/Blogs-de-Greenpeace-Afrique\/victoire-amazonie-projet-barrage-tapajos-annule\/blog\/57204\/\" target=\"_blank\" rel=\"noopener noreferrer\">plus d\u2019un million <\/a>se sont mobilis\u00e9s pour prot\u00e9ger les for\u00eats en Afrique et en Amazonie. Cette ann\u00e9e, faites-la entendre encore davantage ! Cette d\u00e9cision prise par le gouvernement ne vous pla\u00eet pas ? Faites-lui savoir. Contactez les entreprises qui mettent en danger notre plan\u00e8te, dites aux marques que vous vous souciez de la provenance de leurs produits. Vous pouvez commencer d\u00e8s maintenant \u00e0 agir, par exemple en signant cette p\u00e9tition pour.<\/p>\n<p>Pour \u00eatre tenu-e au courant de toutes nos actions, <a href=\"http:\/\/www.greenpeace.org\/africa\/fr\/nous-rejoindre\/recevoir-newsletter\/\" target=\"_blank\" rel=\"noopener noreferrer\">abonnez-vous \u00e0 notre newsletter <\/a>!<\/p>\n<p><strong dir=\"ltr\">4. Faites passer le message autour de vous.<\/strong><\/p>\n<p>Plus nous serons nombreux, plus nous serons efficaces ! <a href=\"https:\/\/extra.greenpeaceafrica.org\/fr\" target=\"_blank\" rel=\"noopener noreferrer\">Invitez vos proches \u00e0 agir<\/a> \u00e0 vos c\u00f4t\u00e9s : proposez-leur de participer \u00e0 un rassemblement ou \u00e0 une r\u00e9union, partagez, nos rapports ou nos initiatives, encouragez-les \u00e0 s\u2019impliquer eux aussi !<\/p>\n<p><img loading=\"lazy\" decoding=\"async\" class=\"\" src=\"https:\/\/www.greenpeace.org\/static\/planet4-africa-stateless\/2018\/10\/ec826312-ec826312-133363_236036.jpg\" alt=\"main dans la main\" width=\"708\" height=\"472\" \/><\/p>\n<p><strong dir=\"ltr\">5. Impliquez-vous dans votre communaut\u00e9.<\/strong><\/p>\n<p>Vous pouvez partager nos contenus sur les r\u00e9seaux sociaux comme <a href=\"http:\/\/www.facebook.com\/GreenpeaceAfrique\" target=\"_blank\" rel=\"noopener noreferrer\">Facebook<\/a> ou <a href=\"http:\/\/www.twitter.com\/greenpeaceAfrik\" target=\"_blank\" rel=\"noopener noreferrer\">Twitter<\/a>, mais aussi agir loin de votre ordinateur et de votre t\u00e9l\u00e9phone en rejoignant l\u2019un de nos <a href=\"https:\/\/greenwire.greenpeace.org\/africa\/fr\/home\" target=\"_blank\" rel=\"noopener noreferrer\">groupes de volontaires<\/a>. Venez rencontrer les militants qui participent activement \u00e0 la vie de Greenpeace !<\/p>\n<p><img loading=\"lazy\" decoding=\"async\" class=\"\" src=\"https:\/\/www.greenpeace.org\/static\/planet4-africa-stateless\/2018\/10\/0ab15380-0ab15380-133361_236032.jpg\" alt=\"volontaires\" width=\"709\" height=\"266\" \/><\/p>\n<p dir=\"ltr\">Des soci\u00e9t\u00e9s plus justes et pacifi\u00e9es sont possibles. Mais le monde ne changera pas tout seul. Il changera parce que, tous ensemble, nous travaillerons \u00e0 le rendre meilleur. \u00c0 nous 2017 !<\/p>\n<p>&nbsp;<\/p>\n<\/div>\n<\/div>\n","protected":false},"excerpt":{"rendered":"<p>Pour les d\u00e9fenseurs de l\u2019environnement, l\u2019ann\u00e9e 2016 a \u00e9t\u00e9 difficile \u00e0 bien des \u00e9gards. Mais de belles victoires ont \u00e9galement \u00e9t\u00e9 obtenues, ici ou encore l\u00e0, preuve que l\u2019engagement citoyen porte ses fruits, et qu\u2019ensemble nous sommes plus forts que les gouvernements ou les entreprises.<\/p>\n","protected":false},"author":22,"featured_media":2532,"comment_status":"open","ping_status":"open","sticky":false,"template":"","format":"standard","meta":{"_acf_changed":false,"ep_exclude_from_search":false,"p4_og_title":"","p4_og_description":"","p4_og_image":"","p4_og_image_id":"","p4_seo_canonical_url":"","p4_campaign_name":"","p4_local_project":"","p4_basket_name":"","p4_department":"","footnotes":""},"categories":[59],"tags":[42],"p4-page-type":[104],"class_list":["post-2531","post","type-post","status-publish","format-standard","has-post-thumbnail","hentry","category-changer-ma-communaute","tag-greenpeaceafrique","p4-page-type-les-blogs"],"acf":[],"_links":{"self":[{"href":"https:\/\/www.greenpeace.org\/africa\/fr\/wp-json\/wp\/v2\/posts\/2531","targetHints":{"allow":["GET"]}}],"collection":[{"href":"https:\/\/www.greenpeace.org\/africa\/fr\/wp-json\/wp\/v2\/posts"}],"about":[{"href":"https:\/\/www.greenpeace.org\/africa\/fr\/wp-json\/wp\/v2\/types\/post"}],"author":[{"embeddable":true,"href":"https:\/\/www.greenpeace.org\/africa\/fr\/wp-json\/wp\/v2\/users\/22"}],"replies":[{"embeddable":true,"href":"https:\/\/www.greenpeace.org\/africa\/fr\/wp-json\/wp\/v2\/comments?post=2531"}],"version-history":[{"count":4,"href":"https:\/\/www.greenpeace.org\/africa\/fr\/wp-json\/wp\/v2\/posts\/2531\/revisions"}],"predecessor-version":[{"id":8350,"href":"https:\/\/www.greenpeace.org\/africa\/fr\/wp-json\/wp\/v2\/posts\/2531\/revisions\/8350"}],"wp:featuredmedia":[{"embeddable":true,"href":"https:\/\/www.greenpeace.org\/africa\/fr\/wp-json\/wp\/v2\/media\/2532"}],"wp:attachment":[{"href":"https:\/\/www.greenpeace.org\/africa\/fr\/wp-json\/wp\/v2\/media?parent=2531"}],"wp:term":[{"taxonomy":"category","embeddable":true,"href":"https:\/\/www.greenpeace.org\/africa\/fr\/wp-json\/wp\/v2\/categories?post=2531"},{"taxonomy":"post_tag","embeddable":true,"href":"https:\/\/www.greenpeace.org\/africa\/fr\/wp-json\/wp\/v2\/tags?post=2531"},{"taxonomy":"p4-page-type","embeddable":true,"href":"https:\/\/www.greenpeace.org\/africa\/fr\/wp-json\/wp\/v2\/p4-page-type?post=2531"}],"curies":[{"name":"wp","href":"https:\/\/api.w.org\/{rel}","templated":true}]}}