{"id":49436,"date":"2021-10-29T10:24:29","date_gmt":"2021-10-29T10:24:29","guid":{"rendered":"https:\/\/www.greenpeace.org\/africa\/?p=49436"},"modified":"2021-12-01T12:36:36","modified_gmt":"2021-12-01T12:36:36","slug":"implication-deve-bazaiba-dans-laffaire-tradelink","status":"publish","type":"post","link":"https:\/\/www.greenpeace.org\/africa\/fr\/communiques-de-presse\/49436\/implication-deve-bazaiba-dans-laffaire-tradelink\/","title":{"rendered":"Implication d&#8217;Eve Bazaiba dans l&#8217;affaire Tradelink : le document qui accable la ministre"},"content":{"rendered":"\n<div class=\"wp-block-buttons is-content-justification-center is-layout-flex wp-block-buttons-is-layout-flex\">\n<div class=\"wp-block-button is-style-cta\"><a class=\"wp-block-button__link\" href=\"https:\/\/pages.greenpeaceafrica.org\/forest-moratorium-fr\" target=\"_blank\" rel=\"noreferrer noopener\">Prot\u00e9ger le Bassin du Congo<\/a><\/div>\n<\/div>\n\n<p><strong>Kinshasa, le 29 octobre : <\/strong>Un mois avant que <a href=\"https:\/\/www.greenpeace.org\/africa\/fr\/communiques-de-presse\/49321\/greenpeace-afrique-reagit-apres-la-decision-du-president-de-la-rdc-de-suspendre-les-concessions-forestieres-illegales-prises-par-son-ancien-ministre-de-lenvironnement\/\">le pr\u00e9sident Tshisekedi ait ordonn\u00e9<\/a> &#8211; la veille de la COP26 &#8211; la \u00ab&nbsp; suspension \u00bb imm\u00e9diate d&#8217;une arnaque foresti\u00e8re \u00e0 grande \u00e9chelle, la vice-Premi\u00e8re ministre et ministre de l&#8217;Environnement Eve Bazaiba faisait tout pour la promouvoir. C&#8217;est ce qui ressort du document que Greenpeace Afrique r\u00e9v\u00e8le aujourd\u2019hui : un ordre de mission sign\u00e9 le 13 septembre dernier par Mme Bazaiba pour sept membres de son minist\u00e8re d\u2019accompagner une \u00e9quipe de Tradelink dans la province de Tshopo. Sur l\u2019itin\u00e9raire, sa propre circonscription \u00e9lectorale de Basoko occupe une place de choix.<\/p>\n\n<p>Rappelons que <a href=\"https:\/\/www.greenpeace.org\/africa\/fr\/communiques-de-presse\/13848\/la-belgique-en-foret-congolaise-est-ce-le-grand-retour\/\">Tradelink<\/a> c&#8217;est cette obscure soci\u00e9t\u00e9 de courtage qui en septembre 2020 a su se faire attribuer en toute ill\u00e9galit\u00e9 six soi-disant \u00ab concessions de conservation \u00bb sises sur une for\u00eat grande comme la moiti\u00e9 de la Belgique. Son seul actionnaire connu est un expatri\u00e9 belge qui a fait carri\u00e8re dans les mines, le bois, et le p\u00e9trole.<\/p>\n\n<p>\u00ab L&#8217;octroi de ces concessions, c\u2019\u00e9tait peut-\u00eatre la plus grande \u00ab r\u00e9trocession \u00bb du territoire congolais aux int\u00e9r\u00eats belges depuis l&#8217;ind\u00e9pendance \u00bb, d\u00e9clare Ir\u00e8ne Wabiwa Betoko, cheffe de la campagne Greenpeace Afrique pour la for\u00eat du Bassin du Congo. \u00ab En apportant son soutien \u00e0 cette arnaque, la ministre a d\u00e9montr\u00e9 son m\u00e9pris de la loi congolaise, de la soci\u00e9t\u00e9 civile, ainsi que des engagements de son Pr\u00e9sident envers les pays donateurs qu&#8217;il courtise actuellement \u00bb.<\/p>\n\n<p>Au moment o\u00f9 la ministre Eve Bazaiba signe cet ordre, elle est au courant de l\u2019affaire Tradelink depuis des mois : le 9 juin <a href=\"https:\/\/medd.gouv.cd\/rdc-les-ong-codelt-et-ocean-deposent-un-recours-administratif-aupres-de-eve-bazaiba-pour-obtenir-lannulation-de-six-concessions-de-conservation-illegalement-octroyees-par-claude-nyamugabo\/\">la soci\u00e9t\u00e9 civile a d\u00e9pos\u00e9 un recours administratif<\/a> visant l&#8217;annulation des contrats. Sa signature intervient trois jours apr\u00e8s l&#8217;expiration du d\u00e9lai l\u00e9gal pour y r\u00e9pondre.<\/p>\n\n<p>Les fans de la soci\u00e9t\u00e9 \u00e9taient pourtant \u00e0 ce moment fort peu nombreux : l\u2019Institut Congolais pour la Conservation de la Nature (ICCN) <a href=\"https:\/\/www.greenpeace.org\/africa\/fr\/communiques-de-presse\/13950\/concessions-tradelink-liccn-confirme-lillegalite-des-contratsle-ministere-se-mure-dans-le-silence\/\">avait confirm\u00e9 l&#8217;ill\u00e9galit\u00e9 de ses concessions<\/a> en juillet, en ao\u00fbt le gouverneur de la Tshuapa appelait \u00e0 les annuler.&nbsp; Le ministre de l&#8217;Am\u00e9nagement du territoire reconnaissait la \u00ab pertinence \u00bb de la d\u00e9marche de la soci\u00e9t\u00e9 civile.<\/p>\n\n<p>Eve Bazaiba n&#8217;en avait cure. Le 13 septembre, celle qui \u00ab <a href=\"https:\/\/news.sky.com\/story\/climate-change-uk-must-suspend-aid-for-congo-basin-rainforest-protection-until-drc-drops-plans-to-increase-logging-demand-ngos-12414588\">n&#8217;a pas de le\u00e7on \u00e0 apprendre de la part d&#8217;une quelconque ONG<\/a> \u00bb d\u00e9p\u00eache un membre de son cabinet, trois chefs de bureau, le coordonnateur national REDD+ et deux agents du minist\u00e8re pour pr\u00eater main-forte \u00e0 l&#8217;un des plus gros deals d\u2019accaparement des terres en RDC. Ou en langue minist\u00e9rielle : pour la \u00ab Facilitation de la n\u00e9gociation et signature des accords de clauses sociales, r\u00e9alisations des enqu\u00eates socio-\u00e9conomiques et la signature du CLIP de la Soci\u00e9t\u00e9 TRADELINK \u00bb.<\/p>\n\n<p>Du consentement libre, inform\u00e9 et pr\u00e9alable (CLIP) Mme Bazaiba fait preuve d&#8217;une m\u00e9connaissance totale : \u00ab pr\u00e9alable \u00bb veut dire <em>avant <\/em>la signature des contrats juteux, non pas apr\u00e8s que les \u00ab sommes convenues \u00bb ont \u00e9t\u00e9 empoch\u00e9es.<\/p>\n\n<p>Chose curieuse, un responsable provincial du minist\u00e8re est affect\u00e9 \u00e0 la mission en tant que&#8230; \u00ab repr\u00e9sentant de la soci\u00e9t\u00e9 \u00bb. Les frais de mission sont, bien entendu, \u00ab \u00e0 charge du concesionnaire \u00bb.<\/p>\n\n<p>Fin octobre, plusieurs jours apr\u00e8s l\u2019<a href=\"https:\/\/www.greenpeace.org\/africa\/fr\/communiques-de-presse\/49321\/greenpeace-afrique-reagit-apres-la-decision-du-president-de-la-rdc-de-suspendre-les-concessions-forestieres-illegales-prises-par-son-ancien-ministre-de-lenvironnement\/\">ordre du pr\u00e9sident Tshisekedi de suspendre les concessions Tradelink<\/a>, l\u2019\u00e9quipe de la ministre n\u2019avait toujours pas pli\u00e9 bagage.<\/p>\n\n<p>La r\u00e9v\u00e9lation de l\u2019implication de Mme Bazaiba dans l\u2019affaire Tradelink vient juste au moment o\u00f9 le gouvernement congolais cherche \u00e0 faire avaler aux bailleurs de fonds la lev\u00e9e du moratoire de 2002 sur l&#8217;attribution de nouvelles concessions foresti\u00e8res. A la COP26 la RDC va se pr\u00e9senter comme \u00ab pays solution \u00bb.<\/p>\n\n<p>Les bailleurs de fonds doivent le savoir : en mati\u00e8re de signature d\u2019ordres de mission, il y a chez Mme Bazaiba deux poids deux mesures. Quand la mission dont il s&#8217;agit est celle d&#8217;auditeurs financ\u00e9s par l&#8217;Union europ\u00e9enne pour se pencher sur la l\u00e9galit\u00e9 des titres forestiers, on peut attendre : cette ann\u00e9e elle a fait patienter ceux-ci jusqu\u2019\u00e0 deux mois apr\u00e8s l&#8217;ambassadeur de l&#8217;UE en personne a d\u00fb intervenir pour qu\u00e9mander sa signature. Pour ce qui est d\u2019une mission d\u2019appui \u00e0 l&#8217;imposture Tradelink : sa plume est toute pr\u00eate.<\/p>\n\n<p>Greenpeace Afrique appelle le chef de l&#8217;Etat F\u00e9lix Tshisekedi d\u2019ordonner une enqu\u00eate urgente pour \u00e9tablir les responsabilit\u00e9s de tous ceux, y compris la ministre Eve Bazaiba, impliqu\u00e9s dans le complot Tradelink et d\u2019assurer que les sanctions soient appliqu\u00e9es selon la rigueur de la loi.<\/p>\n\n<p>Greenpeace Afrique r\u00e9it\u00e8re sa demande au pr\u00e9sident Tshisekedi de veiller \u00e0 l&#8217;ex\u00e9cution effective par la ministre Bazaiba de sa d\u00e9cision de suspendre toutes les concessions foresti\u00e8res ill\u00e9gales.&nbsp;&nbsp;<\/p>\n\n<p>En ces temps o\u00f9 le monde entier se mobilise pour la COP26, le gouvernement de la RDC&nbsp; se doit d&#8217;envoyer un signal fort tant aux Congolais qu&#8217;\u00e0 la communaut\u00e9 internationale que les for\u00eats de la RDC sont \u00e0 l\u2019abri de nouvelles arnaques, en renfor\u00e7ant le d\u00e9cret sur le moratoire sur de nouvelles concessions foresti\u00e8res.<\/p>\n\n<p>FIN<\/p>\n\n<p><strong>Pour plus d&#8217;informations et interviews :<\/strong><\/p>\n\n<p><strong>Rapha\u00ebl Mavambu<\/strong>, Media et Communication, Greenpeace Afrique, <a href=\"mailto:rmavambu@greenpeace.org\">rmavambu@greenpeace.org<\/a><\/p>\n\n<p><strong>Ir\u00e8ne Wabiwa Betoko<\/strong>, cheffe du projet for\u00eat du Bassin du Congo a.i., Greenpeace Afrique, <a href=\"mailto:iwabiwa@greenpeace.org\">iwabiwa@greenpeace.org<\/a><\/p>\n\t\t\t<section\n\t\t\tclass=\"boxout post-4756 \"\n\t\t\t\n\t\t>\n\t\t\t<a\n\t\t\t\tdata-ga-category=\"Take Action Boxout\"\n\t\t\t\tdata-ga-action=\"Image\"\n\t\t\t\tdata-ga-label=\"n\/a\"\n\t\t\t\tclass=\"cover-card-overlay\"\n\t\t\t\thref=\"https:\/\/www.greenpeace.org\/africa\/fr\/agir\/congobasinforest\/\" \n\t\t\t><\/a>\n\t\t\t\t\t\t\t<img\n\t\t\t\t\t\tsrc=\"https:\/\/www.greenpeace.org\/static\/planet4-africa-stateless\/2018\/11\/f2005b2a-gp0stoupc-1024x683.jpg\"\n\t\t\t\t\t\tsrcset=\"https:\/\/www.greenpeace.org\/static\/planet4-africa-stateless\/2018\/11\/f2005b2a-gp0stoupc-300x200.jpg 300w, https:\/\/www.greenpeace.org\/static\/planet4-africa-stateless\/2018\/11\/f2005b2a-gp0stoupc-768x512.jpg 768w, https:\/\/www.greenpeace.org\/static\/planet4-africa-stateless\/2018\/11\/f2005b2a-gp0stoupc-1024x683.jpg 1024w, https:\/\/www.greenpeace.org\/static\/planet4-africa-stateless\/2018\/11\/f2005b2a-gp0stoupc-510x340.jpg 510w, https:\/\/www.greenpeace.org\/static\/planet4-africa-stateless\/2018\/11\/f2005b2a-gp0stoupc.jpg 1200w\"\n\t\t\t\t\t\tsizes=\"(min-width: 1000px) 358px, (min-width: 780px) 313px, 88px\"\n\t\t\t\t\t\talt=\"Local Girl in Cameroon. \u00a9 John Novis\" title=\"Local Girl in Cameroon. \u00a9 John Novis\"\n\t\t\t\t\/>\n            \t\t\t<div class=\"boxout-content\">\n\t\t\t\t\t\t\t\t\t<a\n\t\t\t\t\t\tclass=\"boxout-heading medium\"\n\t\t\t\t\t\tdata-ga-category=\"Take Action Boxout\"\n\t\t\t\t\t\tdata-ga-action=\"Title\"\n\t\t\t\t\t\tdata-ga-label=\"n\/a\"\n\t\t\t\t\t\thref=\"https:\/\/www.greenpeace.org\/africa\/fr\/agir\/congobasinforest\/\"\n\t\t\t\t\t\t\n\t\t\t\t\t>\n\t\t\t\t\t\tLa for\u00eat du Bassin du Congo\n\t\t\t\t\t<\/a>\n\t\t\t\t\t\t\t\t                                    <a\n                        class=\"btn btn-primary\"\n                        data-ga-category=\"Take Action Boxout\"\n                        data-ga-action=\"Call to Action\"\n                        data-ga-label=\"n\/a\"\n                        href=\"https:\/\/www.greenpeace.org\/africa\/fr\/agir\/congobasinforest\/\"\n                        \n                    >\n                        \u00catre impliqu\u00e9\n                    <\/a>\n                \t\t\t<\/div>\n\t\t\t\t\t<\/section>\n\t","protected":false},"excerpt":{"rendered":"<p>Kinshasa, le 29 octobre : Un mois avant que le pr\u00e9sident Tshisekedi ait ordonn\u00e9 &#8211; la veille de la COP26 &#8211; la \u00ab&nbsp; suspension \u00bb imm\u00e9diate d&#8217;une arnaque foresti\u00e8re \u00e0&hellip;<\/p>\n","protected":false},"author":27,"featured_media":49433,"comment_status":"open","ping_status":"open","sticky":false,"template":"","format":"standard","meta":{"_acf_changed":false,"ep_exclude_from_search":false,"p4_og_title":"","p4_og_description":"","p4_og_image":"","p4_og_image_id":"","p4_seo_canonical_url":"","p4_campaign_name":"not set","p4_local_project":"not set","p4_basket_name":"not set","p4_department":"","footnotes":""},"categories":[52],"tags":[54,55,61],"p4-page-type":[51],"class_list":["post-49436","post","type-post","status-publish","format-standard","has-post-thumbnail","hentry","category-proteger-lenvironnement","tag-forets","tag-rdc","tag-biodiversite","p4-page-type-communiques-de-presse"],"acf":[],"_links":{"self":[{"href":"https:\/\/www.greenpeace.org\/africa\/fr\/wp-json\/wp\/v2\/posts\/49436","targetHints":{"allow":["GET"]}}],"collection":[{"href":"https:\/\/www.greenpeace.org\/africa\/fr\/wp-json\/wp\/v2\/posts"}],"about":[{"href":"https:\/\/www.greenpeace.org\/africa\/fr\/wp-json\/wp\/v2\/types\/post"}],"author":[{"embeddable":true,"href":"https:\/\/www.greenpeace.org\/africa\/fr\/wp-json\/wp\/v2\/users\/27"}],"replies":[{"embeddable":true,"href":"https:\/\/www.greenpeace.org\/africa\/fr\/wp-json\/wp\/v2\/comments?post=49436"}],"version-history":[{"count":3,"href":"https:\/\/www.greenpeace.org\/africa\/fr\/wp-json\/wp\/v2\/posts\/49436\/revisions"}],"predecessor-version":[{"id":49718,"href":"https:\/\/www.greenpeace.org\/africa\/fr\/wp-json\/wp\/v2\/posts\/49436\/revisions\/49718"}],"wp:featuredmedia":[{"embeddable":true,"href":"https:\/\/www.greenpeace.org\/africa\/fr\/wp-json\/wp\/v2\/media\/49433"}],"wp:attachment":[{"href":"https:\/\/www.greenpeace.org\/africa\/fr\/wp-json\/wp\/v2\/media?parent=49436"}],"wp:term":[{"taxonomy":"category","embeddable":true,"href":"https:\/\/www.greenpeace.org\/africa\/fr\/wp-json\/wp\/v2\/categories?post=49436"},{"taxonomy":"post_tag","embeddable":true,"href":"https:\/\/www.greenpeace.org\/africa\/fr\/wp-json\/wp\/v2\/tags?post=49436"},{"taxonomy":"p4-page-type","embeddable":true,"href":"https:\/\/www.greenpeace.org\/africa\/fr\/wp-json\/wp\/v2\/p4-page-type?post=49436"}],"curies":[{"name":"wp","href":"https:\/\/api.w.org\/{rel}","templated":true}]}}