{"id":50138,"date":"2021-12-08T09:56:09","date_gmt":"2021-12-08T09:56:09","guid":{"rendered":"https:\/\/www.greenpeace.org\/africa\/?p=50138"},"modified":"2021-12-10T11:29:15","modified_gmt":"2021-12-10T11:29:15","slug":"projet-de-palmeraie-camvert-sa-sauvons-les-forets-camerounaises-avant-que-lirreparable-ne-se-produise","status":"publish","type":"post","link":"https:\/\/www.greenpeace.org\/africa\/fr\/les-blogs\/50138\/projet-de-palmeraie-camvert-sa-sauvons-les-forets-camerounaises-avant-que-lirreparable-ne-se-produise\/","title":{"rendered":"Projet de palmeraie Camvert SA : Sauvons les for\u00eats camerounaises avant que l\u2019irr\u00e9parable ne se produise"},"content":{"rendered":"\n<div class=\"wp-block-buttons is-content-justification-center is-layout-flex wp-block-buttons-is-layout-flex\">\n<div class=\"wp-block-button is-style-cta\"><a class=\"wp-block-button__link\" href=\"https:\/\/act.greenpeace.org\/page\/68371\/petition\/1?_ga=2.14478327.1906513187.1613472748-2145480730.1606992618\"><strong>DITES STOP AU PROJET CAMVERT AU CAMEROUN<\/strong><\/a><\/div>\n<\/div>\n\n<p>La pr\u00e9sentation \u00e0 grand renforts de publicit\u00e9 mensong\u00e8re de projets d\u2019agro-business, notamment de plantations industrielles, ne brille pas particuli\u00e8rement par son originalit\u00e9. De Dakar \u00e0 Yaound\u00e9 en passant par Kinshasa, les promoteurs de plantations de bananes \u00e0 Pakour (au sud du S\u00e9n\u00e9gal) ou de palmiers \u00e0 huile \u00e0 Campo et Niete (la r\u00e9gion du Sud du Cameroun), embauchent le m\u00eame refrain : la cr\u00e9ation d\u2019emplois, l\u2019investissement de nationaux, le d\u00e9veloppement, le changement de vie des populations et tutti quanti\u2026<\/p>\n\n<p><strong>CAMVERT, une menace contre la biodiversit\u00e9 et l\u2019avenir des populations autochtones<\/strong><strong> <\/strong><strong>et locales<\/strong><\/p>\n\n<p>La v\u00e9rit\u00e9 est que le seul point commun \u00e0 tous ces projets, c\u2019est l\u2019app\u00e2t du profit imm\u00e9diat au d\u00e9triment des ressources du pays et de l\u2019int\u00e9r\u00eat g\u00e9n\u00e9ral. Le projet Camvert ne pr\u00e9voit ni plus ni moins, que de raser 60 000 ha de for\u00eats pour y planter\u2026du palmier \u00e0 huile ! Les projets Sudcam, Hev\u00e9cam, Socapalm sont pass\u00e9s par l\u00e0, et ont d\u00e9montr\u00e9 la nuisance des&nbsp; projets de ce genre sur les for\u00eats, sur la biodiversit\u00e9, sur l\u2019avenir des communaut\u00e9s qui habitaient les lieux et tiraient l\u2019essentiel de leurs revenus mais \u00e9galement, leurs raisons de vivre, de ces for\u00eats.&nbsp;Si Sudcam avait conduit \u00e0 l&#8217;expulsion des communaut\u00e9s autochtones Baka de leurs terres ancestrales, Camvert s\u2019affaire aujourd\u2019hui \u00e0 \u201cacheter\u201d les communaut\u00e9s autochtones Bagy\u00e9li &#8211; mais aussi les populations des villages bantous [1]. Il essaie ainsi d\u2019acheter les Bagyeli avec des sacs de riz, des bouteilles d\u2019huile de palme, du savon, des tomates en bo\u00eete et de l\u2019argent [2].<\/p>\n\n<p>Le gouvernement, lui, n\u2019a pas la volont\u00e9 de se doter des moyens idoines, pour veiller \u00e0 la pr\u00e9servation des ressources foresti\u00e8res de tout un pays. C\u2019est que la for\u00eat du Cameroun est le deuxi\u00e8me massif forestier le plus important d&#8217;Afrique, apr\u00e8s celui de la <a href=\"https:\/\/fr.wikipedia.org\/wiki\/R%C3%A9publique_d%C3%A9mocratique_du_Congo\">R\u00e9publique D\u00e9mocratique du Congo (RDC)<\/a>. Soit environ 22,5 millions d&#8217;hectares, dont 17 millions de for\u00eats denses et humides. Cette superficie repr\u00e9sente 48% de la surface du territoire national. Elle occupe le cinqui\u00e8me rang africain du point de vue de la diversit\u00e9 biologique, nous renseigne <a href=\"https:\/\/fr.wikipedia.org\/wiki\/For%C3%AAt_du_Cameroun\">wikipdia<\/a>.<\/p>\n\n<figure class=\"wp-block-image size-large\"><img loading=\"lazy\" decoding=\"async\" width=\"1024\" height=\"683\" src=\"https:\/\/www.greenpeace.org\/static\/planet4-africa-stateless\/2021\/12\/708869e3-copy-of-dsc_0249-1024x683.jpg\" alt=\"\" class=\"wp-image-50141\" srcset=\"https:\/\/www.greenpeace.org\/static\/planet4-africa-stateless\/2021\/12\/708869e3-copy-of-dsc_0249-1024x683.jpg 1024w, https:\/\/www.greenpeace.org\/static\/planet4-africa-stateless\/2021\/12\/708869e3-copy-of-dsc_0249-300x200.jpg 300w, https:\/\/www.greenpeace.org\/static\/planet4-africa-stateless\/2021\/12\/708869e3-copy-of-dsc_0249-768x512.jpg 768w, https:\/\/www.greenpeace.org\/static\/planet4-africa-stateless\/2021\/12\/708869e3-copy-of-dsc_0249-1536x1024.jpg 1536w, https:\/\/www.greenpeace.org\/static\/planet4-africa-stateless\/2021\/12\/708869e3-copy-of-dsc_0249-2048x1366.jpg 2048w, https:\/\/www.greenpeace.org\/static\/planet4-africa-stateless\/2021\/12\/708869e3-copy-of-dsc_0249-510x340.jpg 510w\" sizes=\"auto, (max-width: 1024px) 100vw, 1024px\" \/><figcaption>Membre du village Nyamabande impact\u00e9 par le projet Camvert &#8211; Cameroun &#8211; @copyright: Greenpeace Afrique<\/figcaption><\/figure>\n\n<p><strong>L\u2019int\u00e9r\u00eat priv\u00e9 doit t-il primer sur un patrimoine commun?&nbsp;<\/strong><\/p>\n\n<p>Entre 2011 et 2019, Sud Cameroun H\u00e9v\u00e9a (Sudcam) a ras\u00e9 plus de 11&nbsp;600&nbsp;hectares de for\u00eat vierge \u00e0 un jet de pierre du village natal du pr\u00e9sident, Mvomeka, pour y cr\u00e9er une gigantesque plantation d\u2019h\u00e9v\u00e9a aux abords de la r\u00e9serve de faune du Dja, inscrite au patrimoine mondial de l\u2019UNESCO. Greenpeace Afrique a collect\u00e9 plusieurs preuves attestant de l\u2019existence de liens avec la famille Biya [3].<\/p>\n\n<p>Le projet Camvert donnera-t-il \u00e0 la communaut\u00e9 plus que les effets d\u00e9vastateurs attendus de par son action sur la nature et sur les hommes ? Assur\u00e9ment non, si l\u2019on se r\u00e9f\u00e8re \u00e0 l\u2019avis unanime des experts, qui affirment que les for\u00eats jouent par-dessus tout, un r\u00f4le essentiel dans l&#8217;absorption du CO2.<\/p>\n\n<figure class=\"wp-block-image size-large\"><img loading=\"lazy\" decoding=\"async\" width=\"1024\" height=\"683\" src=\"https:\/\/www.greenpeace.org\/static\/planet4-africa-stateless\/2021\/12\/30836fc5-dsc_0035-1024x683.jpg\" alt=\"\" class=\"wp-image-50143\" srcset=\"https:\/\/www.greenpeace.org\/static\/planet4-africa-stateless\/2021\/12\/30836fc5-dsc_0035-1024x683.jpg 1024w, https:\/\/www.greenpeace.org\/static\/planet4-africa-stateless\/2021\/12\/30836fc5-dsc_0035-300x200.jpg 300w, https:\/\/www.greenpeace.org\/static\/planet4-africa-stateless\/2021\/12\/30836fc5-dsc_0035-768x512.jpg 768w, https:\/\/www.greenpeace.org\/static\/planet4-africa-stateless\/2021\/12\/30836fc5-dsc_0035-1536x1024.jpg 1536w, https:\/\/www.greenpeace.org\/static\/planet4-africa-stateless\/2021\/12\/30836fc5-dsc_0035-2048x1366.jpg 2048w, https:\/\/www.greenpeace.org\/static\/planet4-africa-stateless\/2021\/12\/30836fc5-dsc_0035-510x340.jpg 510w\" sizes=\"auto, (max-width: 1024px) 100vw, 1024px\" \/><figcaption>A Binyegue on retrouve trois (3) communaut\u00e9s autochtones Bagyeli &#8211; Cameroun &#8211; @copyright: Greenpeace Afrique<\/figcaption><\/figure>\n\n<p><strong>L\u2019avenir de tout un pays, de tout un continent est en jeu<\/strong><\/p>\n\n<p>Selon les r\u00e9sultats publi\u00e9s <a href=\"https:\/\/www.nature.com\/articles\/s41558-020-00976-6\">dans la revue <em>Nature Climate Change<\/em><\/a>, les for\u00eats ont absorb\u00e9 deux fois plus de gaz qu&#8217;elles n&#8217;en ont \u00e9mis entre 2001 et 2019. Chaque ann\u00e9e, elles ont ainsi pi\u00e9g\u00e9 16 milliards de tonnes de CO2 par an contre une moyenne annuelle de 8,1 milliards de tonnes lib\u00e9r\u00e9es \u00e0 cause de la <a href=\"https:\/\/www.geo.fr\/environnement\/deforestation-definition-causes-et-enjeux-193735\">d\u00e9forestation<\/a> et d&#8217;autres perturbations.Parce qu\u2019en v\u00e9rit\u00e9, c\u2019est l\u2019avenir climatique voire l\u2019avenir tout court, de tout un pays, de tout un continent, qui se joue, comme le souligne si justement Ranece Jovial, responsable de la campagne for\u00eat chez Greenpeace Afrique, en parlant du projet Camvert : \u00ab <em>Sur le plan environnemental, le projet contribuera \u00e0 accentuer la pression sur la biodiversit\u00e9 du parc national de Campo Ma\u2019an dont la zone d\u00e9class\u00e9e constitue un corridor de passage pour la faune du parc. Les conflits homme-faune qui sont d\u00e9j\u00e0 d\u00e9cri\u00e9s par les communaut\u00e9s\u00a0 seront d\u00e9cupl\u00e9s avec risque important d\u2019accroissement du braconnage, rendant plus difficile la conservation de cette riche et unique biodiversit\u00e9. Nul besoin d\u2019y ajouter la perte du couvert forestier pr\u00e9vue avec des impacts certains sur le climat<\/em> \u00bb.<\/p>\n\n<p><a href=\"https:\/\/www.greenpeace.org\/static\/planet4-africa-stateless\/2021\/12\/93adc5d7-camvert_french-version.pdf\">Lisez le nouveau rapport de Greenpeace et GDA: Camvert, un cauchemar r\u00e9current <\/a><\/p>\n\n<div class=\"wp-block-buttons is-content-justification-center is-layout-flex wp-block-buttons-is-layout-flex\">\n<div class=\"wp-block-button is-style-cta\"><a class=\"wp-block-button__link\" href=\"https:\/\/act.greenpeace.org\/page\/68371\/petition\/1?_ga=2.14478327.1906513187.1613472748-2145480730.1606992618\"><strong>DITES STOP AU PROJET CAMVERT AU CAMEROUN<\/strong><\/a><\/div>\n<\/div>\n\n<p><a href=\"https:\/\/twitter.com\/Publicheikh\">Cheikh Bamba Ndao<\/a> &#8211; Greenpeace Afrique <\/p>\n\n<p>[1] &nbsp;\u00ab Cahier des charges entre CAMVERT S.A et la communaut\u00e9 des peuples autochtones Bagyelis de campo, 2020 \u00bb<\/p>\n\n<p>[2] &nbsp;Ibid.<\/p>\n\n<p>[3] Greenpeace, Ruinous Rubber, 2018, <a href=\"https:\/\/www.greenpeace.org\/static\/planet4-africa-stateless\/2018\/10\/8f21a9bc-8f21a9bc-greenpeace-africa-sudcam-report-2018-1.pdf\">https:\/\/www.greenpeace.org\/static\/planet4-africa-stateless\/2018\/10\/8f21a9bc-8f21a9bc-greenpeace-africa-sudcam-report-2018-1.pdf<\/a><\/p>\n","protected":false},"excerpt":{"rendered":"<p>Le projet Camvert ne pr\u00e9voit ni plus ni moins, que de raser 60 000 ha de for\u00eats pour y planter\u2026du palmier \u00e0 huile !<\/p>\n","protected":false},"author":42,"featured_media":50139,"comment_status":"open","ping_status":"open","sticky":false,"template":"","format":"standard","meta":{"_acf_changed":false,"ep_exclude_from_search":false,"p4_og_title":"","p4_og_description":"","p4_og_image":"","p4_og_image_id":"","p4_seo_canonical_url":"","p4_campaign_name":"Congo Basin Forests","p4_local_project":"not set","p4_basket_name":"Forests","p4_department":"","footnotes":""},"categories":[57,52],"tags":[42,54,56],"p4-page-type":[104],"class_list":["post-50138","post","type-post","status-publish","format-standard","has-post-thumbnail","hentry","category-inspirer-le-mouvement","category-proteger-lenvironnement","tag-greenpeaceafrique","tag-forets","tag-cameroun","p4-page-type-les-blogs"],"acf":[],"_links":{"self":[{"href":"https:\/\/www.greenpeace.org\/africa\/fr\/wp-json\/wp\/v2\/posts\/50138","targetHints":{"allow":["GET"]}}],"collection":[{"href":"https:\/\/www.greenpeace.org\/africa\/fr\/wp-json\/wp\/v2\/posts"}],"about":[{"href":"https:\/\/www.greenpeace.org\/africa\/fr\/wp-json\/wp\/v2\/types\/post"}],"author":[{"embeddable":true,"href":"https:\/\/www.greenpeace.org\/africa\/fr\/wp-json\/wp\/v2\/users\/42"}],"replies":[{"embeddable":true,"href":"https:\/\/www.greenpeace.org\/africa\/fr\/wp-json\/wp\/v2\/comments?post=50138"}],"version-history":[{"count":4,"href":"https:\/\/www.greenpeace.org\/africa\/fr\/wp-json\/wp\/v2\/posts\/50138\/revisions"}],"predecessor-version":[{"id":50168,"href":"https:\/\/www.greenpeace.org\/africa\/fr\/wp-json\/wp\/v2\/posts\/50138\/revisions\/50168"}],"wp:featuredmedia":[{"embeddable":true,"href":"https:\/\/www.greenpeace.org\/africa\/fr\/wp-json\/wp\/v2\/media\/50139"}],"wp:attachment":[{"href":"https:\/\/www.greenpeace.org\/africa\/fr\/wp-json\/wp\/v2\/media?parent=50138"}],"wp:term":[{"taxonomy":"category","embeddable":true,"href":"https:\/\/www.greenpeace.org\/africa\/fr\/wp-json\/wp\/v2\/categories?post=50138"},{"taxonomy":"post_tag","embeddable":true,"href":"https:\/\/www.greenpeace.org\/africa\/fr\/wp-json\/wp\/v2\/tags?post=50138"},{"taxonomy":"p4-page-type","embeddable":true,"href":"https:\/\/www.greenpeace.org\/africa\/fr\/wp-json\/wp\/v2\/p4-page-type?post=50138"}],"curies":[{"name":"wp","href":"https:\/\/api.w.org\/{rel}","templated":true}]}}