{"id":50440,"date":"2022-04-13T08:48:00","date_gmt":"2022-04-13T08:48:00","guid":{"rendered":"https:\/\/www.greenpeace.org\/africa\/?p=50440"},"modified":"2022-04-13T13:38:16","modified_gmt":"2022-04-13T13:38:16","slug":"1000-masques-rouges-demasquent-52-bateaux-en-quete-de-permis-de-peche-au-senegal","status":"publish","type":"post","link":"https:\/\/www.greenpeace.org\/africa\/fr\/les-blogs\/50440\/1000-masques-rouges-demasquent-52-bateaux-en-quete-de-permis-de-peche-au-senegal\/","title":{"rendered":"10.000 masques rouges d\u00e9masquent 52 bateaux en qu\u00eate de licences de p\u00eache au S\u00e9n\u00e9gal"},"content":{"rendered":"\n<div class=\"wp-block-buttons is-horizontal is-content-justification-center is-layout-flex wp-container-core-buttons-is-layout-499968f5 wp-block-buttons-is-layout-flex\">\n<div class=\"wp-block-button is-style-cta\"><a class=\"wp-block-button__link\" href=\"https:\/\/www.greenpeace.org\/africa\/en\/history\/\"><strong>REGARDEZ NOS VICTOIRES EN DATE<\/strong><\/a><\/div>\n<\/div>\n\n<p>Alors que la pand\u00e9mie du COVID 19 s\u00e9vit dans toutes les r\u00e9gions du S\u00e9n\u00e9gal et affecte les activit\u00e9s de nombreux p\u00eacheurs, les autorit\u00e9s s\u00e9n\u00e9galaises par le biais de son minist\u00e8re de la p\u00eache ont voulu par des man\u0153uvres masqu\u00e9es, octroy\u00e9es 52 licences de p\u00eache \u00e0 des bateaux \u00e9trangers. C\u2019\u00e9tait sans compter sur la vigilance des vaillants d\u00e9fenseurs de la mer, notamment, industriels, p\u00eacheurs artisans et femmes transformatrices, qui n\u2019ont m\u00e9nag\u00e9 d\u2019aucun effort pour d\u00e9fendre leur moyen de subsistance et la s\u00e9curit\u00e9 alimentaire. Comme un seul homme, ils se sont mis debout pour dire NON, \u00e0 ces nouveaux envahisseurs qui in\u00e9luctablement allaient rendre leur situation encore plus pr\u00e9caire. R\u00e9unions, conf\u00e9rence de presse, appel t\u00e9l\u00e9phonique, communiqu\u00e9 de presse, \u2026 toutes les strat\u00e9gies ont \u00e9t\u00e9 mises en place pour r\u00e9clamer justice aupr\u00e8s des autorit\u00e9s, mais plus sp\u00e9cialement repousser au plus loin ces demandeurs de licences\u2026<\/p>\n\n<p>Une des id\u00e9es g\u00e9niales \u00e9tait de c\u00e9l\u00e9brer la Journ\u00e9e Mondiale des Oc\u00e9ans en s\u2019inspirant de l\u2019actualit\u00e9 de l\u2019heure : le port des masques&#8230;des masques rouges de surcro\u00eet !!&nbsp;<\/p>\n\n<p>Pour l\u2019occasion, 10.000 masques ont \u00e9t\u00e9 confectionn\u00e9s avec un message clair: \u201c Non aux licences de p\u00eache ill\u00e9gales\u201d.<\/p>\n\n<p>Tous \u00e0 l&#8217;unissons et en uniforme, les jeunes, et moins jeunes ont fait entendre leur voix du nord au sud sur toute l&#8217;\u00e9tendue du territoire s\u00e9n\u00e9galais, dans les maisons et m\u00eame au-del\u00e0 des fronti\u00e8res. Cette activit\u00e9 unique et pacifique a \u00e9t\u00e9 le moteur d\u2019une grande mobilisation de Dakar \u00e0 Kafountine, en passant par Saint Louis, Mbour, Joal, Yarakh, Yenn, Rufisque et Cayar o\u00f9 tous avaient un seul slogan \u00ab Non aux licenses de p\u00eache ill\u00e9gales \u00bb. Ce refrain en rouge, couleur du sacrifice de p\u00eacheurs et femmes transformatrices qui peinent \u00e0 vivre de leur m\u00e9tier du fait de la raret\u00e9 des ressources a \u00e9t\u00e9 scand\u00e9, cit\u00e9, chant\u00e9, dans\u00e9, \u00e9crit pour que nul n\u2019ignore que le poisson s\u00e9n\u00e9galais doit d\u2019abord nourrir les s\u00e9n\u00e9galais avant d\u2019\u00eatre exploit\u00e9 et export\u00e9 pour engraisser poissons, chats, poules, chiens et porcs d&#8217;autres nations.&nbsp;<\/p>\n\n<p>Ce 8 juin, alors que toutes les communaut\u00e9s de p\u00eacheurs, des femmes transformatrices, de p\u00eacheurs \u00e0 la retraite, p\u00eacheurs actifs et corps de m\u00e9tiers \u00e9voluant autour de la p\u00eache se sont joints au mouvement national pour dire Non et Non et Non aux 52 licences de p\u00eache demand\u00e9es par la flotte chinoise et turque. Le lendemain, du c\u00f4t\u00e9 des m\u00e9dias une nouvelle nous est parvenue du c\u00f4t\u00e9 des autorit\u00e9s s\u00e9n\u00e9galaises : \u201c L&#8217;\u00c9tat ferme ses eaux aux bateaux \u00e9trangers\u201d.&nbsp;<\/p>\n\n<p>Une nouvelle qui tombe \u00e0 point nomm\u00e9 et donne une raison de plus \u00e0 tous les acteurs d\u00e9j\u00e0 actifs sur le terrain de transformer dans l&#8217;imm\u00e9diat et dans une identit\u00e9 remarquable leur cri de d\u00e9tresse en cri de joie. \u201cVictoire, victoire\u201d pouvait-on entendre \u00e7\u00e0 et l\u00e0 dans les quais de p\u00eache\u2026 Une raison de danser et de saluer la d\u00e9cision des autorit\u00e9s qui ont \u00e9cout\u00e9 l&#8217;appel de 10.000 masques rouges.<\/p>\n\n<p>Certes, d\u00e9sormais avec la pression effectu\u00e9e par les 10.000 masques rouges, les oc\u00e9ans du S\u00e9n\u00e9gal peuvent souffler, mais il faudrait absolument une meilleure gestion des ressources pour qu\u2019ils respirent ENFIN!!!!<\/p>\n\n<p><strong>Philippe Ahodekon, Greenpeace Afrique<\/strong><\/p>\n\n<div class=\"wp-block-buttons is-horizontal is-content-justification-center is-layout-flex wp-container-core-buttons-is-layout-499968f5 wp-block-buttons-is-layout-flex\">\n<div class=\"wp-block-button is-style-cta\"><a class=\"wp-block-button__link\" href=\"https:\/\/www.greenpeace.org\/africa\/en\/history\/\"><strong>REGARDEZ NOS VICTOIRES EN DATE<\/strong><\/a><\/div>\n<\/div>\n","protected":false},"excerpt":{"rendered":"<p>Tous \u00e0 l&#8217;unissons et en uniforme, les jeunes, et moins jeunes ont fait entendre leur voix du nord au sud sur toute l&#8217;\u00e9tendue du territoire s\u00e9n\u00e9galais, dans les maisons et m\u00eame au-del\u00e0 des fronti\u00e8res. Cette activit\u00e9 unique et pacifique a \u00e9t\u00e9 le moteur d\u2019une grande mobilisation de Dakar \u00e0 Kafountine, en passant par Saint Louis, Mbour, Joal, Yarakh, Yenn, Rufisque et Cayar o\u00f9 tous avaient un seul slogan \u00ab Non aux licenses de p\u00eache ill\u00e9gales \u00bb.<\/p>\n","protected":false},"author":42,"featured_media":51008,"comment_status":"open","ping_status":"open","sticky":false,"template":"","format":"standard","meta":{"_acf_changed":false,"ep_exclude_from_search":false,"p4_og_title":"","p4_og_description":"","p4_og_image":"https:\/\/www.greenpeace.org\/static\/planet4-africa-stateless\/2022\/02\/1a034879-capture-decran-2022-02-15-a-13.12.03.png","p4_og_image_id":"50441","p4_seo_canonical_url":"","p4_campaign_name":"not set","p4_local_project":"Local Project 1","p4_basket_name":"Oceans","p4_department":"","footnotes":""},"categories":[17],"tags":[42,67,96],"p4-page-type":[104],"class_list":["post-50440","post","type-post","status-publish","format-standard","has-post-thumbnail","hentry","category-non-classifiee","tag-greenpeaceafrique","tag-justicesociale","tag-oceans-fr","p4-page-type-les-blogs"],"acf":[],"_links":{"self":[{"href":"https:\/\/www.greenpeace.org\/africa\/fr\/wp-json\/wp\/v2\/posts\/50440","targetHints":{"allow":["GET"]}}],"collection":[{"href":"https:\/\/www.greenpeace.org\/africa\/fr\/wp-json\/wp\/v2\/posts"}],"about":[{"href":"https:\/\/www.greenpeace.org\/africa\/fr\/wp-json\/wp\/v2\/types\/post"}],"author":[{"embeddable":true,"href":"https:\/\/www.greenpeace.org\/africa\/fr\/wp-json\/wp\/v2\/users\/42"}],"replies":[{"embeddable":true,"href":"https:\/\/www.greenpeace.org\/africa\/fr\/wp-json\/wp\/v2\/comments?post=50440"}],"version-history":[{"count":6,"href":"https:\/\/www.greenpeace.org\/africa\/fr\/wp-json\/wp\/v2\/posts\/50440\/revisions"}],"predecessor-version":[{"id":51010,"href":"https:\/\/www.greenpeace.org\/africa\/fr\/wp-json\/wp\/v2\/posts\/50440\/revisions\/51010"}],"wp:featuredmedia":[{"embeddable":true,"href":"https:\/\/www.greenpeace.org\/africa\/fr\/wp-json\/wp\/v2\/media\/51008"}],"wp:attachment":[{"href":"https:\/\/www.greenpeace.org\/africa\/fr\/wp-json\/wp\/v2\/media?parent=50440"}],"wp:term":[{"taxonomy":"category","embeddable":true,"href":"https:\/\/www.greenpeace.org\/africa\/fr\/wp-json\/wp\/v2\/categories?post=50440"},{"taxonomy":"post_tag","embeddable":true,"href":"https:\/\/www.greenpeace.org\/africa\/fr\/wp-json\/wp\/v2\/tags?post=50440"},{"taxonomy":"p4-page-type","embeddable":true,"href":"https:\/\/www.greenpeace.org\/africa\/fr\/wp-json\/wp\/v2\/p4-page-type?post=50440"}],"curies":[{"name":"wp","href":"https:\/\/api.w.org\/{rel}","templated":true}]}}