{"id":51115,"date":"2022-04-26T14:28:09","date_gmt":"2022-04-26T14:28:09","guid":{"rendered":"https:\/\/www.greenpeace.org\/africa\/?p=51115"},"modified":"2022-04-26T14:28:13","modified_gmt":"2022-04-26T14:28:13","slug":"la-ou-tout-a-commence-laventure-dune-activiste-de-greenpeace-afrique","status":"publish","type":"post","link":"https:\/\/www.greenpeace.org\/africa\/fr\/les-blogs\/51115\/la-ou-tout-a-commence-laventure-dune-activiste-de-greenpeace-afrique\/","title":{"rendered":"L\u00e0 o\u00f9 tout a commenc\u00e9 : L\u2019aventure d&#8217;une activiste de Greenpeace Afrique"},"content":{"rendered":"\n<div class=\"wp-block-buttons is-content-justification-center is-layout-flex wp-container-core-buttons-is-layout-16018d1d wp-block-buttons-is-layout-flex\">\n<div class=\"wp-block-button is-style-cta\"><a class=\"wp-block-button__link\" href=\"https:\/\/www.greenpeace.org\/africa\/fr\/notre-histoire\/\">REGARDEZ NOS VICTOIRES EN DATE<\/a><\/div>\n<\/div>\n\n<p>L&#8217;une de mes plus grandes victoires au sein de Greenpeace Afrique en tant que militant pour le climat est ma participation \u00e0 la lutte contre les pesticides nocifs dans notre alimentation dans le cadre de la campagne #FoodForLife. L&#8217;action a eu lieu dans le comt\u00e9 de Makueni, au Kenya, lors de la Journ\u00e9e mondiale de l&#8217;alimentation.&nbsp;<\/p>\n\n<p>C&#8217;\u00e9tait curieusement l&#8217;une des premi\u00e8res actions auxquelles j&#8217;ai pris part juste apr\u00e8s ma formation de militante. Je me souviens avoir voulu \u00eatre arr\u00eat\u00e9e parce que je pensais que c&#8217;\u00e9tait ce qui faisait vraiment de moi une activiste haha. Je n&#8217;ai pas r\u00e9alis\u00e9 \u00e0 quel point j&#8217;avais tort apr\u00e8s avoir v\u00e9cu cette exp\u00e9rience, avoir un plan A, B.\u2026 r\u00e9fl\u00e9chir sur ses pieds en d\u00e9veloppant un plan C, D&#8230;&nbsp;<\/p>\n\n<p>C&#8217;\u00e9tait vraiment incroyable de se tenir l\u00e0, aussi haut que ma taille de nain me le permettait, avec une banni\u00e8re \u00e0 la main, la soulevant au-dessus de ma t\u00eate avec fiert\u00e9 et conviction, recevant force et confiance de mes camarades activistes et des agriculteurs m\u00e9contents \u00e0 mes c\u00f4t\u00e9s, ayant besoin que mon message passe. Moi, Tracy Makheti, je demande qu&#8217;il n&#8217;y ait PLUS DE POISON DANS NOTRE ALIMENTATION ! Tout simplement exaltant.<\/p>\n\n<figure class=\"wp-block-image size-large\"><img loading=\"lazy\" decoding=\"async\" width=\"1024\" height=\"1024\" src=\"https:\/\/www.greenpeace.org\/static\/planet4-africa-stateless\/2022\/04\/b6847eeb-6-1024x1024.jpg\" alt=\"\" class=\"wp-image-51116\" srcset=\"https:\/\/www.greenpeace.org\/static\/planet4-africa-stateless\/2022\/04\/b6847eeb-6-1024x1024.jpg 1024w, https:\/\/www.greenpeace.org\/static\/planet4-africa-stateless\/2022\/04\/b6847eeb-6-300x300.jpg 300w, https:\/\/www.greenpeace.org\/static\/planet4-africa-stateless\/2022\/04\/b6847eeb-6-150x150.jpg 150w, https:\/\/www.greenpeace.org\/static\/planet4-africa-stateless\/2022\/04\/b6847eeb-6-768x768.jpg 768w, https:\/\/www.greenpeace.org\/static\/planet4-africa-stateless\/2022\/04\/b6847eeb-6-340x340.jpg 340w, https:\/\/www.greenpeace.org\/static\/planet4-africa-stateless\/2022\/04\/b6847eeb-6.jpg 1080w\" sizes=\"auto, (max-width: 1024px) 100vw, 1024px\" \/><\/figure>\n\n<p>Nous avons attir\u00e9 suffisamment l&#8217;attention pour que les K\u00e9nyans s&#8217;\u00e9meuvent de cette injustice et, \u00e0 mesure que leurs voix se faisaient plus fortes, nous avons fini par obtenir 12 000 p\u00e9titions sign\u00e9es par des K\u00e9nyans demandant la suppression des pesticides dangereux sur nos march\u00e9s. J&#8217;ai fait partie de l&#8217;\u00e9quipe de militants qui a remis ces p\u00e9titions \u00e0 l&#8217;honorable Gladys Shollei, membre du parlement kenyan. Je repr\u00e9sentais non seulement le peuple k\u00e9nyan, mais aussi les abeilles, puisque je portais un costume d&#8217;abeille, car elles aussi sont largement affect\u00e9es par ces produits chimiques nocifs. Cela m&#8217;a permis de vraiment comprendre le pouvoir que d\u00e9tiennent les actions d&#8217;un peuple, qu&#8217;avec un peu de pouvoir et d&#8217;unit\u00e9, la justice peut \u00eatre obtenue.&nbsp;<\/p>\n\n<p>Toute cette exp\u00e9rience m&#8217;a donn\u00e9 le sentiment de faire partie de quelque chose de plus grand que moi, car j&#8217;ai \u00e9t\u00e9 le t\u00e9moin direct de la fa\u00e7on dont le peuple k\u00e9nyan a mis ses diff\u00e9rences de c\u00f4t\u00e9 pour utiliser sa voix pour le bien commun. C&#8217;\u00e9tait vraiment \u00e9poustouflant. Greenpeace d\u00e9couvre les injustices dans le monde et \u00e9l\u00e8ve nos voix, nous donnant une chance de nous battre pour d\u00e9fendre nos droits et prot\u00e9ger notre plan\u00e8te. C&#8217;est pourquoi je continuerai \u00e0 soutenir Greenpeace de toutes mes forces et de tout ce que je suis jusqu&#8217;\u00e0 ce que le monde redevienne normal.&nbsp;<\/p>\n\n<p><strong>Tracy Makheti,<\/strong> <strong>Activiste &#8211; Greenpeace Afrique<\/strong><\/p>\n","protected":false},"excerpt":{"rendered":"<p>L&#8217;une de mes plus grandes victoires au sein de Greenpeace Afrique en tant que militant pour le climat est ma participation \u00e0 la lutte contre les pesticides nocifs dans notre&hellip;<\/p>\n","protected":false},"author":27,"featured_media":51116,"comment_status":"open","ping_status":"open","sticky":false,"template":"","format":"standard","meta":{"_acf_changed":false,"ep_exclude_from_search":false,"p4_og_title":"","p4_og_description":"","p4_og_image":"","p4_og_image_id":"","p4_seo_canonical_url":"","p4_campaign_name":"not set","p4_local_project":"not set","p4_basket_name":"not set","p4_department":"","footnotes":""},"categories":[57],"tags":[63,76,98],"p4-page-type":[104],"class_list":["post-51115","post","type-post","status-publish","format-standard","has-post-thumbnail","hentry","category-inspirer-le-mouvement","tag-activisme","tag-kenya-fr","tag-alimentation","p4-page-type-les-blogs"],"acf":[],"_links":{"self":[{"href":"https:\/\/www.greenpeace.org\/africa\/fr\/wp-json\/wp\/v2\/posts\/51115","targetHints":{"allow":["GET"]}}],"collection":[{"href":"https:\/\/www.greenpeace.org\/africa\/fr\/wp-json\/wp\/v2\/posts"}],"about":[{"href":"https:\/\/www.greenpeace.org\/africa\/fr\/wp-json\/wp\/v2\/types\/post"}],"author":[{"embeddable":true,"href":"https:\/\/www.greenpeace.org\/africa\/fr\/wp-json\/wp\/v2\/users\/27"}],"replies":[{"embeddable":true,"href":"https:\/\/www.greenpeace.org\/africa\/fr\/wp-json\/wp\/v2\/comments?post=51115"}],"version-history":[{"count":1,"href":"https:\/\/www.greenpeace.org\/africa\/fr\/wp-json\/wp\/v2\/posts\/51115\/revisions"}],"predecessor-version":[{"id":51118,"href":"https:\/\/www.greenpeace.org\/africa\/fr\/wp-json\/wp\/v2\/posts\/51115\/revisions\/51118"}],"wp:featuredmedia":[{"embeddable":true,"href":"https:\/\/www.greenpeace.org\/africa\/fr\/wp-json\/wp\/v2\/media\/51116"}],"wp:attachment":[{"href":"https:\/\/www.greenpeace.org\/africa\/fr\/wp-json\/wp\/v2\/media?parent=51115"}],"wp:term":[{"taxonomy":"category","embeddable":true,"href":"https:\/\/www.greenpeace.org\/africa\/fr\/wp-json\/wp\/v2\/categories?post=51115"},{"taxonomy":"post_tag","embeddable":true,"href":"https:\/\/www.greenpeace.org\/africa\/fr\/wp-json\/wp\/v2\/tags?post=51115"},{"taxonomy":"p4-page-type","embeddable":true,"href":"https:\/\/www.greenpeace.org\/africa\/fr\/wp-json\/wp\/v2\/p4-page-type?post=51115"}],"curies":[{"name":"wp","href":"https:\/\/api.w.org\/{rel}","templated":true}]}}