{"id":52111,"date":"2022-08-22T11:54:05","date_gmt":"2022-08-22T11:54:05","guid":{"rendered":"https:\/\/www.greenpeace.org\/africa\/?p=52111"},"modified":"2022-08-22T11:54:09","modified_gmt":"2022-08-22T11:54:09","slug":"vente-aux-encheres-de-blocs-petroliers-en-rdc-declaration-de-la-societe-civile-sur-les-menaces-et-intimidations-des-defenseurs-de-lenvironnement-en-rd-congo","status":"publish","type":"post","link":"https:\/\/www.greenpeace.org\/africa\/fr\/communiques-de-presse\/52111\/vente-aux-encheres-de-blocs-petroliers-en-rdc-declaration-de-la-societe-civile-sur-les-menaces-et-intimidations-des-defenseurs-de-lenvironnement-en-rd-congo\/","title":{"rendered":"Vente aux ench\u00e8res de blocs p\u00e9troliers en RDC : D\u00e9claration de la soci\u00e9t\u00e9 civile sur les menaces et intimidations des d\u00e9fenseurs de l&#8217;environnement en RD Congo"},"content":{"rendered":"\n<div class=\"wp-block-buttons is-layout-flex wp-block-buttons-is-layout-flex\">\n<div class=\"wp-block-button aligncenter is-style-cta\"><a class=\"wp-block-button__link\" href=\"https:\/\/pages.greenpeaceafrica.org\/oilblocks-french?hsLang=en\">ARR\u00caTEZ\u00a0LE\u00a0D\u00c9VELOPPEMENT\u00a0DE NOUVEAUX BLOCS P\u00c9TROLIERS EN RDC<\/a><\/div>\n<\/div>\n\n<figure class=\"wp-block-image size-large\"><img loading=\"lazy\" decoding=\"async\" width=\"1024\" height=\"390\" src=\"https:\/\/www.greenpeace.org\/static\/planet4-africa-stateless\/2022\/08\/c7208dc1-untitled-3-1024x390.jpg\" alt=\"\" class=\"wp-image-52103\" srcset=\"https:\/\/www.greenpeace.org\/static\/planet4-africa-stateless\/2022\/08\/c7208dc1-untitled-3-1024x390.jpg 1024w, https:\/\/www.greenpeace.org\/static\/planet4-africa-stateless\/2022\/08\/c7208dc1-untitled-3-300x114.jpg 300w, https:\/\/www.greenpeace.org\/static\/planet4-africa-stateless\/2022\/08\/c7208dc1-untitled-3-768x292.jpg 768w, https:\/\/www.greenpeace.org\/static\/planet4-africa-stateless\/2022\/08\/c7208dc1-untitled-3-1536x585.jpg 1536w, https:\/\/www.greenpeace.org\/static\/planet4-africa-stateless\/2022\/08\/c7208dc1-untitled-3-510x194.jpg 510w, https:\/\/www.greenpeace.org\/static\/planet4-africa-stateless\/2022\/08\/c7208dc1-untitled-3.jpg 1624w\" sizes=\"auto, (max-width: 1024px) 100vw, 1024px\" \/><\/figure>\n\n<p><strong>Kinshasa, le 22&nbsp; Ao\u00fbt 2022<\/strong> \u2013 Trois semaines apr\u00e8s la vente aux ench\u00e8res de 30 blocs p\u00e9troliers et gaziers en R\u00e9publique d\u00e9mocratique du Congo (RDC), les d\u00e9fenseurs de l&#8217;environnement continuent de faire face \u00e0 des menaces directes. Des d\u00e9clarations de certains ministres du gouvernement congolais ont attis\u00e9 les flammes. Des groupes locaux et internationaux de la soci\u00e9t\u00e9 civile d\u00e9noncent ces attaques, exigeant que les autorit\u00e9s adoptent un discours plus tol\u00e9rant et prennent des mesures pour prot\u00e9ger les droits des d\u00e9fenseurs de l&#8217;environnement .<\/p>\n\n<p>Une vente aux ench\u00e8res de 16 blocs p\u00e9troliers a \u00e9t\u00e9 approuv\u00e9e par le gouvernement de la RDC en avril. Il a suscit\u00e9 une pol\u00e9mique nationale et internationale. La d\u00e9cision d&#8217;inclure un total de 30 blocs de p\u00e9trole et de gaz a \u00e9t\u00e9 prise une semaine avant l&#8217;ench\u00e8re des 28 et 29 juillet. Superposition de tourbi\u00e8res et d&#8217;aires prot\u00e9g\u00e9es, dont le parc national des Virunga, un site du patrimoine mondial de l&#8217;UNESCO. Des scientifiques et des ONG de la RDC et de l&#8217;ext\u00e9rieur ont mis en garde contre les impacts catastrophiques de la vente aux ench\u00e8res sur les droits locaux et le bien-\u00eatre des communaut\u00e9s en RDC, la biodiversit\u00e9 et le climat mondial. Ils rejettent \u00e9galement le p\u00e9trole et le gaz comme un risque pour la paix et le d\u00e9veloppement du pays.<\/p>\n\n<p>Depuis, les militants ont re\u00e7u un d\u00e9luge de menaces sur les r\u00e9seaux sociaux, y compris des accusations de trahison ,des promesses de \u00ab les atteindre \u00bb ainsi que des \u00ab menaces de mort \u00bb . Des appels t\u00e9l\u00e9phoniques anonymes mena\u00e7ants ont \u00e9galement \u00e9t\u00e9 enregistr\u00e9s.&nbsp;<\/p>\n\n<p>Plus de p\u00e9trole est ajout\u00e9 \u00e0 l&#8217;atmosph\u00e8re incendiaire avec des d\u00e9clarations faites par des responsables congolais. Le 30 juillet 2022, la vice-premi\u00e8re ministre et ministre de l&#8217;Environnement, Eve Bazaiba, a <a href=\"https:\/\/twitter.com\/StanysBujakera\/status\/1553451106482769921?s=20&amp;t=5s5066NYSKMmN1Kv3Q_o6Q\">accus\u00e9<\/a> Greenpeace Afrique de n&#8217;\u00eatre ni verte ni pour la paix, tandis que Greenpeace Afrique n&#8217;agit que dans l&#8217;int\u00e9r\u00eat public. Le 26 juillet 2022, le ministre des hydrocarbures, Didier Budimbu, <a href=\"https:\/\/zoom-eco.net\/a-la-une\/didier-budimbu-la-position-de-greenpeace-nest-pas-plus-importante-que-les-attentes-de-100-millions-de-congolais\/\">a trait\u00e9<\/a> la campagne de Greenpeace Afrique de \u201c sabotage \u201d des efforts du gouvernement en mentionnant que la p\u00e9tition de Greenpeace Afrique avec d\u2019autres ONG tant nationales qu\u2019 internationales n\u2019\u00e9tait pas aussi importante, et pourtant ces ONG militent surtout pour le bien de nos communaut\u00e9s locales et sont g\u00e9r\u00e9s par des congolais.<\/p>\n\n<p>Le jour m\u00eame de la vente aux ench\u00e8res, l&#8217;histoire a \u00e9t\u00e9 \u00e9crite lorsque l&#8217;Assembl\u00e9e g\u00e9n\u00e9rale des Nations Unies a adopt\u00e9 une <a href=\"https:\/\/www.un.org\/africarenewal\/fr\/magazine\/juillet-2022\/lassembl%C3%A9e-g%C3%A9n%C3%A9rale-de-l%E2%80%99onu-d%C3%A9clare-que-lacc%C3%A8s-%C3%A0-un-environnement-propre-et\">r\u00e9solution<\/a> reconnaissant le droit \u00e0 un environnement propre, sain et durable. 161 \u00c9tats membres ont vot\u00e9 (sans abstention ni opposition) pour <a href=\"https:\/\/digitallibrary.un.org\/record\/3982508?ln=fr\">affirmer<\/a> \u00ab que les \u00c9tats ont l&#8217;obligation de respecter, prot\u00e9ger et promouvoir les droits de l&#8217;homme, y compris dans toutes les actions entreprises pour relever les d\u00e9fis environnementaux \u00bb.<\/p>\n\n<p>Nous ne laisserons personne nous priver de la nature, de l&#8217;air pur et de l&#8217;eau, ou d&#8217;un climat stable. En <a href=\"https:\/\/www.globalwitness.org\/en\/press-releases\/global-witness-reports-227-land-and-environmental-activists-murdered-single-year-worst-figure-record\/\">2021<\/a>, 227 d\u00e9fenseurs de la terre et de l&#8217;environnement ont \u00e9t\u00e9 assassin\u00e9s en un an seulement, le pire chiffre jamais enregistr\u00e9. <a href=\"https:\/\/www.greenpeace.org\/usa\/news\/statement-from-greenpeace-brazil-greenpeace-uk-on-the-murder-of-bruno-pereira-and-dom-phillips\/\">En juin<\/a> de cette ann\u00e9e, dans la for\u00eat amazonienne, l&#8217;expert indig\u00e8ne br\u00e9silien Bruno Pereira et le journaliste britannique Dom Phillips ont \u00e9t\u00e9 tu\u00e9s. La r\u00e9solution doit \u00eatre prise par les autorit\u00e9s congolaises pour garantir la libert\u00e9 d&#8217;expression et que pas un seul de ceux qui se l\u00e8vent pour l&#8217;environnement ne tombe.<\/p>\n\n<p>SIgnataires:<\/p>\n\n<ul class=\"wp-block-list\"><li>Greenpeace Africa: Lagi Toribeau, Interim Executive Director<\/li><li>Rainforest Foundation UK: Joe Eisen, Executive Director<\/li><li>R\u00e9seau CREF : Fran\u00e7ois BILOKO, Secr\u00e9taire G\u00e9n\u00e9ral&nbsp;<\/li><li>Dynamique POLE : Emmanuel Mususu, Secretaire technique CORAP<\/li><li>Bureau de Veille et de Gouvernance des Ressources Naturelles : Joseph Bobia, National Coordinator<\/li><li>Appuis aux initiatives communautaires de conservation de l\u2019Environnement et de D\u00e9veloppement Durable : Faustin Nyebone, Directeur&nbsp; Ex\u00e9cutif&nbsp; National&nbsp;<\/li><li>Mouvement des Jeunes pour la Protection de l\u2019Environnement : Bonaventure Bondo, National Coordinator<\/li><li>R\u00e9seau des \u00c9ducateurs du D\u00e9veloppement Durable : Jonathan Mbaki, National Coordinator<\/li><\/ul>\n\n<p>FIN<\/p>\n\n<div class=\"wp-block-buttons is-layout-flex wp-block-buttons-is-layout-flex\">\n<div class=\"wp-block-button aligncenter is-style-cta\"><a class=\"wp-block-button__link\" href=\"https:\/\/pages.greenpeaceafrica.org\/oilblocks-french?hsLang=en\">ARR\u00caTEZ\u00a0LE\u00a0D\u00c9VELOPPEMENT\u00a0DE NOUVEAUX BLOCS P\u00c9TROLIERS EN RDC<\/a><\/div>\n<\/div>\n","protected":false},"excerpt":{"rendered":"<p>Trois semaines apr\u00e8s la vente aux ench\u00e8res de 30 blocs p\u00e9troliers et gaziers en R\u00e9publique d\u00e9mocratique du Congo (RDC), les d\u00e9fenseurs de l&#8217;environnement continuent de faire face \u00e0 des menaces directes.<\/p>\n","protected":false},"author":62,"featured_media":52105,"comment_status":"open","ping_status":"closed","sticky":false,"template":"","format":"standard","meta":{"_acf_changed":false,"ep_exclude_from_search":false,"p4_og_title":"","p4_og_description":"","p4_og_image":"","p4_og_image_id":"","p4_seo_canonical_url":"","p4_campaign_name":"not set","p4_local_project":"not set","p4_basket_name":"not set","p4_department":"","footnotes":""},"categories":[59,57],"tags":[42,54,55],"p4-page-type":[51],"class_list":["post-52111","post","type-post","status-publish","format-standard","has-post-thumbnail","hentry","category-changer-ma-communaute","category-inspirer-le-mouvement","tag-greenpeaceafrique","tag-forets","tag-rdc","p4-page-type-communiques-de-presse"],"acf":[],"_links":{"self":[{"href":"https:\/\/www.greenpeace.org\/africa\/fr\/wp-json\/wp\/v2\/posts\/52111","targetHints":{"allow":["GET"]}}],"collection":[{"href":"https:\/\/www.greenpeace.org\/africa\/fr\/wp-json\/wp\/v2\/posts"}],"about":[{"href":"https:\/\/www.greenpeace.org\/africa\/fr\/wp-json\/wp\/v2\/types\/post"}],"author":[{"embeddable":true,"href":"https:\/\/www.greenpeace.org\/africa\/fr\/wp-json\/wp\/v2\/users\/62"}],"replies":[{"embeddable":true,"href":"https:\/\/www.greenpeace.org\/africa\/fr\/wp-json\/wp\/v2\/comments?post=52111"}],"version-history":[{"count":1,"href":"https:\/\/www.greenpeace.org\/africa\/fr\/wp-json\/wp\/v2\/posts\/52111\/revisions"}],"predecessor-version":[{"id":52112,"href":"https:\/\/www.greenpeace.org\/africa\/fr\/wp-json\/wp\/v2\/posts\/52111\/revisions\/52112"}],"wp:featuredmedia":[{"embeddable":true,"href":"https:\/\/www.greenpeace.org\/africa\/fr\/wp-json\/wp\/v2\/media\/52105"}],"wp:attachment":[{"href":"https:\/\/www.greenpeace.org\/africa\/fr\/wp-json\/wp\/v2\/media?parent=52111"}],"wp:term":[{"taxonomy":"category","embeddable":true,"href":"https:\/\/www.greenpeace.org\/africa\/fr\/wp-json\/wp\/v2\/categories?post=52111"},{"taxonomy":"post_tag","embeddable":true,"href":"https:\/\/www.greenpeace.org\/africa\/fr\/wp-json\/wp\/v2\/tags?post=52111"},{"taxonomy":"p4-page-type","embeddable":true,"href":"https:\/\/www.greenpeace.org\/africa\/fr\/wp-json\/wp\/v2\/p4-page-type?post=52111"}],"curies":[{"name":"wp","href":"https:\/\/api.w.org\/{rel}","templated":true}]}}