{"id":54019,"date":"2023-07-17T14:05:49","date_gmt":"2023-07-17T14:05:49","guid":{"rendered":"https:\/\/www.greenpeace.org\/africa\/?p=54019"},"modified":"2023-07-18T09:14:37","modified_gmt":"2023-07-18T09:14:37","slug":"exploitation-de-la-foret-debo-le-minfof-viole-la-reglementation-forestiere","status":"publish","type":"post","link":"https:\/\/www.greenpeace.org\/africa\/fr\/communiques-de-presse\/54019\/exploitation-de-la-foret-debo-le-minfof-viole-la-reglementation-forestiere\/","title":{"rendered":"Exploitation de la for\u00eat d\u2019Ebo: le Minfof viole la r\u00e9glementation foresti\u00e8re"},"content":{"rendered":"\n<figure class=\"wp-block-image size-large\"><img loading=\"lazy\" decoding=\"async\" width=\"1024\" height=\"720\" src=\"https:\/\/www.greenpeace.org\/static\/planet4-africa-stateless\/2023\/07\/67e9656c-image-1024x720.jpeg\" alt=\"\" class=\"wp-image-54020\" srcset=\"https:\/\/www.greenpeace.org\/static\/planet4-africa-stateless\/2023\/07\/67e9656c-image-1024x720.jpeg 1024w, https:\/\/www.greenpeace.org\/static\/planet4-africa-stateless\/2023\/07\/67e9656c-image-300x211.jpeg 300w, https:\/\/www.greenpeace.org\/static\/planet4-africa-stateless\/2023\/07\/67e9656c-image-768x540.jpeg 768w, https:\/\/www.greenpeace.org\/static\/planet4-africa-stateless\/2023\/07\/67e9656c-image-483x340.jpeg 483w, https:\/\/www.greenpeace.org\/static\/planet4-africa-stateless\/2023\/07\/67e9656c-image.jpeg 1200w\" sizes=\"auto, (max-width: 1024px) 100vw, 1024px\" \/><\/figure>\n\n<p><strong>Yaound\u00e9, 12 Juillet 2023 \/<\/strong> Le Ministre des for\u00eats et de la faune du Cameroun vient d&#8217;octroyer un Certificat d\u2019assiette annuelle de coupe \u00e0 l\u2019entreprise Sextransbois, d\u00e9j\u00e0 b\u00e9n\u00e9ficiaire d\u2019une Concession foresti\u00e8re en convention provisoire. Le processus d&#8217;octroi de ce certificat concernant&nbsp; une zone situ\u00e9e \u00e0 Massok-Songloulou, partie de l\u2019UFA 07 006, s\u2019est fait dans le non-respect de la l\u00e9gislation et la r\u00e9glementation&nbsp; foresti\u00e8res.<\/p>\n\n<p>En Avril 2023, le Premier Ministre a sign\u00e9 un d\u00e9cret relatif au reclassement de la for\u00eat d\u2019Ebo. Deux mois apr\u00e8s, le Ministre des for\u00eats et de la faune&nbsp; rend public le certificat d\u2019assiette annuelle de coupe qui attribuait une partie de cette unit\u00e9 foresti\u00e8re d\u2019amenagement a Sextransbois. \u201cLe Minfof a clairement br\u00fbl\u00e9 des \u00e9tapes. En parcourant les articles 51, 63 et suivants du decret No 95\/531\/PM du 23 ao\u00fbt 1995, l\u2019on note que la concession forestiere ne peut \u00eatre attribu\u00e9e qu\u2019apr\u00e8s avis d\u2019appel d\u2019offre public, publi\u00e9 par voie de presse d&#8217;affichage ou par toute autre voie utile, dans les unit\u00e9s administratives, les communes et les services de l&#8217;administration charg\u00e9e des for\u00eats, pendant une p\u00e9riode de quarante cinq (45) jours. La loi a r\u00e9glement\u00e9 les cas d\u2019appel d\u2019offres restreints, mais uniquement dans le cas de l\u2019exploitation en r\u00e9gie et en sous traitance, ce qui semble ne pas \u00eatre le cas avec l\u2019UFA 07 006.\u201d affirme Sylvie Djacbou, charg\u00e9e de la campagne chez Greenpeace Afrique.<\/p>\n\n<p>\u201c A c\u00f4t\u00e9 de ce d\u00e9lai de 45 jours, quand est-ce que la Commission interminist\u00e9rielle a si\u00e9g\u00e9 pour s\u00e9lectionner le soumissionnaire le mieux disant? Quand est-ce que le Premier Ministre a-t-il notifi\u00e9 le Ministre des for\u00eats de son accord de principe pour cette attribution? Quid du cautionnement \u00e0 constituer au tr\u00e9sor public dont le d\u00e9lai pour s\u2019en acquitter est encore de 45 jours apr\u00e8s notification de l\u2019entreprise adjudicataire de l\u2019avis d\u2019appel d\u2019offre public.? Quand est-ce que ladite entreprise a d\u2019ailleurs \u00e9t\u00e9 notifi\u00e9e? Autant de questionnements qui cachent tr\u00e8s mal une violation flagrante de la loi car cela d\u00e9montre qu\u2019il est impossible qu\u2019un tel processus puisse \u00eatre men\u00e9 \u00e0 son terme en deux mois, comme tel est le cas actuellement.\u201d ajoute Sylvie Djacbou.&nbsp;<\/p>\n\n<p>Quelques semaines plus t\u00f4t, Greenpeace Afrique dans un <a href=\"https:\/\/www.greenpeace.org\/africa\/fr\/communiques-de-presse\/53931\/foret-debo-le-retropedalage-du-gouvernement-met-en-peril-le-retour-des-communautes-banen-sur-leur-terre\/\">communiqu\u00e9 de presse<\/a>&nbsp; r\u00e9v\u00e9lait le caract\u00e8re irr\u00e9gulier du d\u00e9cret de classement d\u2019une partie de la for\u00eat d\u2019Ebo en UFA 07 006 sign\u00e9 le 27 Avril 2023. Une d\u00e9cision qui constitue une menace sur les droits des communaut\u00e9s Banen qui ont toujours revendiqu\u00e9 un retour sur leurs terres ancestrales, ainsi que sur la biodiversit\u00e9 de cette for\u00eat.<\/p>\n\n<p><strong>Notes<\/strong>:&nbsp;<\/p>\n\n<ul class=\"wp-block-list\">\n<li><strong><em>Un certificat d\u2019 assiette annuelle de coupe<\/em><\/strong> est un document d\u00e9livr\u00e9 annuellement par l\u2019administration foresti\u00e8re autorisant le b\u00e9n\u00e9ficiaire d\u2019une concession \u00e0 exploiter une partie d\u00e9limit\u00e9e \u00e0 l&#8217;int\u00e9rieur de sa concession.<\/li>\n\n\n\n<li>Une Unit\u00e9 Foresti\u00e8re d&#8217;am\u00e9nagement (UFA) est une Portion de for\u00eat d\u00e9limit\u00e9e dans du Domaine Forestier Permanent, devant faire l&#8217;objet ou ayant fait l\u2019objet d&#8217;un am\u00e9nagement.<\/li>\n\n\n\n<li><strong><em>Le classement d\u2019une for\u00eat<\/em><\/strong> renvoie \u00e0 un processus sanctionn\u00e9 par un d\u00e9cret de classement et qui permet d&#8217;incorporer une for\u00eat du domaine national dans le domaine forestier permanent.<\/li>\n<\/ul>\n\n<p><strong>Luchelle Feukeng<\/strong><br>Charg\u00e9e de la Communication, Greenpeace Afrique<br>Email : <a href=\"mailto:lfeukeng@greenpeace.org\">lfeukeng@greenpeace.org<\/a>&nbsp;<br>T\u00e9l\u00e9phone:&nbsp; : +237 656 46 35 45 (WhatsApp)<\/p>\n\n<p><strong>Sylvie Djacbou<\/strong><br>Charg\u00e9e de la Campagne For\u00eat, Greenpeace Afrique&nbsp;<br>Email : <a href=\"mailto:sylvie.djacbou@greenpeace.org\">sylvie.djacbou@greenpeace.org<\/a>&nbsp;<\/p>\n","protected":false},"excerpt":{"rendered":"<p>Le Ministre des for\u00eats et de la faune du Cameroun vient d&#8217;octroyer un Certificat d\u2019assiette annuelle de coupe \u00e0 l\u2019entreprise Sextransbois, d\u00e9j\u00e0 b\u00e9n\u00e9ficiaire d\u2019une Concession foresti\u00e8re en convention provisoire. <\/p>\n","protected":false},"author":29,"featured_media":54020,"comment_status":"open","ping_status":"closed","sticky":false,"template":"","format":"standard","meta":{"_acf_changed":false,"ep_exclude_from_search":false,"p4_og_title":"","p4_og_description":"","p4_og_image":"","p4_og_image_id":"","p4_seo_canonical_url":"","p4_campaign_name":"","p4_local_project":"","p4_basket_name":"","p4_department":"","footnotes":""},"categories":[52],"tags":[41,54,56],"p4-page-type":[51],"class_list":["post-54019","post","type-post","status-publish","format-standard","has-post-thumbnail","hentry","category-proteger-lenvironnement","tag-decouvrir","tag-forets","tag-cameroun","p4-page-type-communiques-de-presse"],"acf":[],"_links":{"self":[{"href":"https:\/\/www.greenpeace.org\/africa\/fr\/wp-json\/wp\/v2\/posts\/54019","targetHints":{"allow":["GET"]}}],"collection":[{"href":"https:\/\/www.greenpeace.org\/africa\/fr\/wp-json\/wp\/v2\/posts"}],"about":[{"href":"https:\/\/www.greenpeace.org\/africa\/fr\/wp-json\/wp\/v2\/types\/post"}],"author":[{"embeddable":true,"href":"https:\/\/www.greenpeace.org\/africa\/fr\/wp-json\/wp\/v2\/users\/29"}],"replies":[{"embeddable":true,"href":"https:\/\/www.greenpeace.org\/africa\/fr\/wp-json\/wp\/v2\/comments?post=54019"}],"version-history":[{"count":2,"href":"https:\/\/www.greenpeace.org\/africa\/fr\/wp-json\/wp\/v2\/posts\/54019\/revisions"}],"predecessor-version":[{"id":54023,"href":"https:\/\/www.greenpeace.org\/africa\/fr\/wp-json\/wp\/v2\/posts\/54019\/revisions\/54023"}],"wp:featuredmedia":[{"embeddable":true,"href":"https:\/\/www.greenpeace.org\/africa\/fr\/wp-json\/wp\/v2\/media\/54020"}],"wp:attachment":[{"href":"https:\/\/www.greenpeace.org\/africa\/fr\/wp-json\/wp\/v2\/media?parent=54019"}],"wp:term":[{"taxonomy":"category","embeddable":true,"href":"https:\/\/www.greenpeace.org\/africa\/fr\/wp-json\/wp\/v2\/categories?post=54019"},{"taxonomy":"post_tag","embeddable":true,"href":"https:\/\/www.greenpeace.org\/africa\/fr\/wp-json\/wp\/v2\/tags?post=54019"},{"taxonomy":"p4-page-type","embeddable":true,"href":"https:\/\/www.greenpeace.org\/africa\/fr\/wp-json\/wp\/v2\/p4-page-type?post=54019"}],"curies":[{"name":"wp","href":"https:\/\/api.w.org\/{rel}","templated":true}]}}