{"id":54042,"date":"2023-07-20T15:25:00","date_gmt":"2023-07-20T15:25:00","guid":{"rendered":"https:\/\/www.greenpeace.org\/africa\/?p=54042"},"modified":"2023-07-20T15:25:06","modified_gmt":"2023-07-20T15:25:06","slug":"un-elephant-blanc-au-fleuve-congo-hotel-la-filiere-carbone-toujours-en-quete-de-transparence","status":"publish","type":"post","link":"https:\/\/www.greenpeace.org\/africa\/fr\/communiques-de-presse\/54042\/un-elephant-blanc-au-fleuve-congo-hotel-la-filiere-carbone-toujours-en-quete-de-transparence\/","title":{"rendered":"Un \u00e9l\u00e9phant blanc au Fleuve Congo H\u00f4tel : La fili\u00e8re carbone toujours en qu\u00eate de transparence \u00a0"},"content":{"rendered":"\n<p><strong>Kinshasa, le 20 juillet 2023<\/strong> &#8211; Avec le soutien de la Banque mondiale et le Programme des Nations Unies pour le D\u00e9veloppement (PNUD), la pr\u00e9sidence de la R\u00e9publique D\u00e9mocratique du Congo (RDC) organise, du 19 au 21 juillet, un \u00ab&nbsp;Forum \u00e9conomique sur la Nouvelle \u00c9conomie du Climat&nbsp;\u00bb cens\u00e9 \u00ab&nbsp;accompagner le secteur priv\u00e9 congolais \u00e0 tirer pleinement profit du march\u00e9 carbone dans un climat de haute int\u00e9grit\u00e9&nbsp;\u00bb. Cependant, il est important de souligner que le climat actuel dans lequel \u00e9voluent les entrepreneurs de ce march\u00e9 manque strictement d&#8217;int\u00e9grit\u00e9, tant en RDC qu&#8217;ailleurs.<\/p>\n\n<p>Un r\u00e9cent audit forestier, dont la ministre de l&#8217;Environnement, Eve Bazaiba, a voulu garder le contr\u00f4le exclusif, r\u00e9v\u00e8le l&#8217;existence de 22 ou 26 concessions REDD+, le nombre d\u00e9pendant de la version du rapport minist\u00e9riel consult\u00e9e. Bien que la commission Bazaiba ait pr\u00e9conis\u00e9 de nombreuses mises en demeure, elle n&#8217;a recommand\u00e9 la r\u00e9siliation que de deux de ces contrats. En r\u00e9alit\u00e9, il s&#8217;agit de l\u2019accaparement de terres pur et simple.<\/p>\n\n<p>Il y a une semaine, Mme Bazaiba a <a href=\"https:\/\/desknature.com\/2023\/07\/12\/rdc-les-congolais-beneficient-deja-du-credit-carbone-avec-era-congo-eve-bazaiba\">annonc\u00e9<\/a> la mise en place de six projets REDD+ \u00ab&nbsp;similaires \u00e0 celui de la soci\u00e9t\u00e9 ERA Congo&nbsp;\u00bb dans le Mai-Ndombe, tant <a href=\"https:\/\/www.greenpeace.org\/static\/planet4-africa-stateless\/2022\/11\/724ff40d-the-tradelink-scandal-season-2-french-v1.2.pdf\">d\u00e9cri\u00e9<\/a>.<\/p>\n\n<p>\u00ab&nbsp;Aucune pr\u00e9cision sur l\u2019identit\u00e9 des promoteurs de ces nouveaux projets, \u00e9parpill\u00e9s \u00e0 travers cinq provinces \u2013 dont celle de la ministre.&nbsp; Aucune indication, non plus, du stade actuel des fameuses \u201cn\u00e9gociations\u201d que m\u00e8nent &#8211; ou pas &#8211; ces promoteurs avec les communaut\u00e9s b\u00e9n\u00e9ficiaires&nbsp;\u00bb d\u00e9clare Serge Sabin Ngwato, charg\u00e9 de campagne for\u00eat chez Greenpeace Afrique.<\/p>\n\n<p>\u00ab Il est vrai que la ministre elle-m\u00eame n\u2019a pas sign\u00e9 le r\u00e9cent contrat REDD+ avec un consortium en partie am\u00e9ricaine garantissant \u00e0 celui-ci, en Equateur, pas moins de trente \u201cunit\u00e9s de gestion des \u00e9missions\u201d de 200&nbsp;000 ha chacune, faisant presque la superficie de la Norv\u00e8ge. C\u2019est le <a href=\"https:\/\/web.archive.org\/web\/20200814052820\/http:\/\/www.environews-rdc.org\/2020\/05\/18\/foret-quand-la-dgrpeq-sert-de-bequilles-a-lexploitation-illegale-du-bois-a-lequateur\/\">gouverneur<\/a> de l\u2019Equateur qui s\u2019en est charg\u00e9, dans la discr\u00e9tion la plus totale, le 17 mars dernier \u00bb ajoute t-il.&nbsp;&nbsp;<\/p>\n\n<p>\u00ab Six millions d\u2019hectares dont l\u2019ambassade am\u00e9ricaine ne pipe mot&nbsp;?&nbsp; Les bailleurs de l\u2019Initiative pour la for\u00eat d\u2019Afrique centrale (CAFI), ne militent pas, eux non plus, pour un climat de haute int\u00e9grit\u00e9, m\u00eame si, un des \u201cjalons\u201d de la lettre d\u2019intention qu\u2019ils ont sign\u00e9e avec la RDC \u00e0 la COP26 de Glasgow stipule que tous les contrats de concession de conservation devraient \u00eatre publi\u00e9s \u201csur un site internet disponible publiquement d\u2019ici [fin 2022]\u201d \u00bb affirme Serge Sabin Ngwato.&nbsp;&nbsp;<\/p>\n\n<p>\u00ab Le probl\u00e8me n\u2019est pas seulement qu\u2019il est mi-2023 maintenant et toujours pas l\u2019ombre d\u2019un tel site web.&nbsp; C\u2019est aussi, surtout, qu\u2019en d\u00e9cembre dernier la CAFI a <a href=\"https:\/\/www.cafi.org\/sites\/default\/files\/2023-01\/EB.2022.32%20-%20DRC%20-%20Approbation%20du%20de%CC%81caissement%20du%20Fonds%20National%20REDD%2B.pdf\">approuv\u00e9<\/a> le transfert de 60,2 millions de dollars au compte du Fonds National REDD+ (FONAREDD), malgr\u00e9 la non atteinte du jalon en question, ainsi que de nombreux autres \u00bb, poursuit-il.&nbsp;<\/p>\n\n<p>Dans un \u00e9mouvant discours d&#8217;ouverture au Forum carbone, l&#8217;ambassadrice britannique, dont le pays est contributeur \u00e0 CAFI, ne l\u2019a pas mentionn\u00e9.&nbsp;<\/p>\n\n<p>L\u2019envoy\u00e9e sp\u00e9ciale du chef de l\u2019Etat pour la Nouvelle \u00c9conomie du Climat <a href=\"https:\/\/twitter.com\/MbomboStephanie\/status\/1669428019641892865\">explique<\/a> que \u00ab&nbsp;la vision du Chef de l&#8217;Etat&nbsp;\u00bb est de \u00ab&nbsp;cr\u00e9er des millionnaires Congolais gr\u00e2ce \u00e0 un mod\u00e8le d&#8217;affaires sobre en carbone&nbsp;\u00bb.&nbsp;<\/p>\n\n<p>\u00ab Cr\u00e9er des millionnaires : beau programme dans un pays o\u00f9 presqu\u2019une personne sur trois a faim \u00bb, conclut Serge Sabin Ngwato.<\/p>\n\n<p>FIN<\/p>\n\n<p><br><strong>Rapha\u00ebl Mavambu<\/strong>, <br>M\u00e9dias et Communication, Greenpeace Afrique :<br><a href=\"mailto:rmavambu@greenpeace.org\">rmavambu@greenpeace.org<\/a>, +243 810 679 437<\/p>\n","protected":false},"excerpt":{"rendered":"<p>Kinshasa, le 20 juillet 2023 &#8211; Avec le soutien de la Banque mondiale et le Programme des Nations Unies pour le D\u00e9veloppement (PNUD), la pr\u00e9sidence de la R\u00e9publique D\u00e9mocratique du&hellip;<\/p>\n","protected":false},"author":29,"featured_media":53793,"comment_status":"open","ping_status":"closed","sticky":false,"template":"","format":"standard","meta":{"_acf_changed":false,"ep_exclude_from_search":false,"p4_og_title":"","p4_og_description":"","p4_og_image":"","p4_og_image_id":"","p4_seo_canonical_url":"","p4_campaign_name":"","p4_local_project":"","p4_basket_name":"","p4_department":"","footnotes":""},"categories":[57,52],"tags":[42,54,111],"p4-page-type":[51],"class_list":["post-54042","post","type-post","status-publish","format-standard","has-post-thumbnail","hentry","category-inspirer-le-mouvement","category-proteger-lenvironnement","tag-greenpeaceafrique","tag-forets","tag-drc-fr","p4-page-type-communiques-de-presse"],"acf":[],"_links":{"self":[{"href":"https:\/\/www.greenpeace.org\/africa\/fr\/wp-json\/wp\/v2\/posts\/54042","targetHints":{"allow":["GET"]}}],"collection":[{"href":"https:\/\/www.greenpeace.org\/africa\/fr\/wp-json\/wp\/v2\/posts"}],"about":[{"href":"https:\/\/www.greenpeace.org\/africa\/fr\/wp-json\/wp\/v2\/types\/post"}],"author":[{"embeddable":true,"href":"https:\/\/www.greenpeace.org\/africa\/fr\/wp-json\/wp\/v2\/users\/29"}],"replies":[{"embeddable":true,"href":"https:\/\/www.greenpeace.org\/africa\/fr\/wp-json\/wp\/v2\/comments?post=54042"}],"version-history":[{"count":2,"href":"https:\/\/www.greenpeace.org\/africa\/fr\/wp-json\/wp\/v2\/posts\/54042\/revisions"}],"predecessor-version":[{"id":54081,"href":"https:\/\/www.greenpeace.org\/africa\/fr\/wp-json\/wp\/v2\/posts\/54042\/revisions\/54081"}],"wp:featuredmedia":[{"embeddable":true,"href":"https:\/\/www.greenpeace.org\/africa\/fr\/wp-json\/wp\/v2\/media\/53793"}],"wp:attachment":[{"href":"https:\/\/www.greenpeace.org\/africa\/fr\/wp-json\/wp\/v2\/media?parent=54042"}],"wp:term":[{"taxonomy":"category","embeddable":true,"href":"https:\/\/www.greenpeace.org\/africa\/fr\/wp-json\/wp\/v2\/categories?post=54042"},{"taxonomy":"post_tag","embeddable":true,"href":"https:\/\/www.greenpeace.org\/africa\/fr\/wp-json\/wp\/v2\/tags?post=54042"},{"taxonomy":"p4-page-type","embeddable":true,"href":"https:\/\/www.greenpeace.org\/africa\/fr\/wp-json\/wp\/v2\/p4-page-type?post=54042"}],"curies":[{"name":"wp","href":"https:\/\/api.w.org\/{rel}","templated":true}]}}