{"id":54105,"date":"2023-08-16T17:20:58","date_gmt":"2023-08-16T17:20:58","guid":{"rendered":"https:\/\/www.greenpeace.org\/africa\/?p=54105"},"modified":"2023-08-17T07:28:20","modified_gmt":"2023-08-17T07:28:20","slug":"cmae-2023-les-ministres-africains-de-lenvironnement-doivent-faire-pression-pour-que-lafrique-adopte-une-position-forte-sur-le-traite-mondial-sur-le-plastique","status":"publish","type":"post","link":"https:\/\/www.greenpeace.org\/africa\/fr\/communiques-de-presse\/54105\/cmae-2023-les-ministres-africains-de-lenvironnement-doivent-faire-pression-pour-que-lafrique-adopte-une-position-forte-sur-le-traite-mondial-sur-le-plastique\/","title":{"rendered":"CMAE 2023 : Les Ministres Africains de l&#8217;Environnement doivent faire pression\u00a0 pour que l&#8217;Afrique adopte\u00a0 une position\u00a0 forte sur le Trait\u00e9 Mondial sur le Plastique"},"content":{"rendered":"\n<p>Addis-Abeba, 16 Ao\u00fbt 2023 &#8211; Lors de la 19e session de la <a href=\"https:\/\/www.unep.org\/events\/unep-event\/nineteenth-ordinary-session-african-ministerial-conference-environment-amcen\">Conf\u00e9rence minist\u00e9rielle africaine sur l&#8217;environnement (AMCEN)<\/a>, Greenpeace Afrique a appel\u00e9 les 54 ministres africains de l&#8217;Environnement \u00e0 exhorter les \u00c9tats membres \u00e0 ne pas faire de compromis dans les n\u00e9gociations d&#8217;un trait\u00e9 qui plafonnerait la production de plastique \u00e0 la source et maintiendrait dans le sol le p\u00e9trole et le gaz utilis\u00e9s pour l&#8217;extraction des mati\u00e8res plastiques.<\/p>\n\n<p>La session de la AMCEN se tient \u00e0 Addis-Abeba, en \u00c9thiopie, du 14 au 18 septembre, sur le th\u00e8me &#8220;Saisir les opportunit\u00e9s et renforcer la collaboration pour relever les d\u00e9fis environnementaux en Afrique&#8221; La AMCEN offre une plateforme pour renforcer l&#8217;engagement collectif de l&#8217;Afrique dans l&#8217;agenda environnemental mondial, y compris dans le<a href=\"https:\/\/www.greenpeace.org\/international\/press-release\/60137\/global-plastics-treaty-inc2-reduce-plastic-production\/\"> Comit\u00e9 international de n\u00e9gociation <\/a>&nbsp;(INC) pour d\u00e9velopper un trait\u00e9 mondial juridiquement contraignant sur le plastique.<\/p>\n\n<p>&#8220;Alors que les ministres africains de l&#8217;environnement se r\u00e9unissent \u00e0 Addis-Abeba, Greenpeace Afrique demande \u00e0 la AMCEN d&#8217;exhorter les \u00c9tats membres africains \u00e0 pr\u00e9senter un front uni lors des n\u00e9gociations et \u00e0 garantir un trait\u00e9 centr\u00e9 sur la justice et fermement ancr\u00e9 dans les droits de l&#8217;homme. Un trait\u00e9 qui r\u00e9duira les in\u00e9galit\u00e9s et <a href=\"https:\/\/www.afro.who.int\/news\/tackling-health-impacts-plastic-pollution-africa\">donnera la priorit\u00e9 \u00e0 la sant\u00e9 humaine<\/a>. Les gouvernements doivent mettre en place ce trait\u00e9 pour s&#8217;attaquer de mani\u00e8re significative \u00e0 la crise de la pollution plastique contre laquelle luttent les communaut\u00e9s \u00e0 travers l&#8217;Afrique&#8221;, a d\u00e9clar\u00e9 Hellen Kahaso Dena, Responsable de la communication et du storytelling chez&nbsp; Greenpeace Afrique.<\/p>\n\n<p>De l&#8217;extraction des mati\u00e8res premi\u00e8res \u00e0 l&#8217;\u00e9limination en passant par la production, la pollution plastique a un impact n\u00e9gatif sur nos droits humains. Elle acc\u00e9l\u00e8re l&#8217;injustice sociale et la d\u00e9gradation environnementale des \u00e9cosyst\u00e8mes qui sont essentiels aux moyens de subsistance des Africains et renforce les pr\u00e9judices et les in\u00e9galit\u00e9s engendr\u00e9s par la crise climatique.<\/p>\n\n<p>&#8220;Nous demandons au groupe de n\u00e9gociateurs africains d&#8217;appeler \u00e0&nbsp; l\u2019adoption incessamment d\u2019un trait\u00e9 fort qui donne la priorit\u00e9 \u00e0 une transition juste vers des moyens de subsistance durables pour les travailleurs et les autres communaut\u00e9s affect\u00e9es tout au long de la cha\u00eene de valeur du plastique. Le trait\u00e9 doit soutenir les mod\u00e8les commerciaux de r\u00e9utilisation et de recharge, en tenant compte des int\u00e9r\u00eats des ramasseurs de d\u00e9chets et des peuples autochtones, tout en utilisant les connaissances traditionnelles&#8221;, a ajout\u00e9 Dena.<\/p>\n\n<p>La production de plastique et le changement climatique sont inextricablement li\u00e9s. Avec plus de 99 % de mati\u00e8re&nbsp; plastique fabriqu\u00e9e \u00e0 partir de combustibles fossiles, la production de plastique est l&#8217;un des principaux moteurs de la crise climatique et repr\u00e9sente environ<a href=\"https:\/\/www.oecd.org\/environment\/plastics\/increased-plastic-leakage-and-greenhouse-gas-emissions.htm#:~:text=In%202019%2C%20plastics%20generated%201.8,and%20conversion%20from%20fossil%20fuels.\"> 3,4 % des \u00e9missions mondiales de gaz \u00e0 effet de serre<\/a>. La r\u00e9duction de la production de plastique et l&#8217;\u00e9limination du plastique \u00e0 usage unique sont donc conformes \u00e0 l&#8217;objectif de maintenir le r\u00e9chauffement de la plan\u00e8te en dessous de 1,5 degr\u00e9.<\/p>\n\n<p>Les partisans des plastiques \u00e0 usage unique font pression pour accro\u00eetre la production et l&#8217;exportation de plastique en Afrique. Cela pourrait compromettre les progr\u00e8s r\u00e9alis\u00e9s par les pays africains dans la lutte contre la pollution plastique. La collaboration entre les \u00c9tats membres de l&#8217;Afrique est essentielle pour relever ces d\u00e9fis et mettre fin \u00e0 cette fa\u00e7on ill\u00e9gale et n\u00e9ocolonialiste de traiter les d\u00e9chets plastiques en provenance de l\u2019occident.<\/p>\n\n<p>&#8220;Avec <a href=\"https:\/\/www.greenpeace.org\/africa\/en\/blogs\/11156\/34-plastic-bans-in-africa\/\">34 gouvernements<\/a> ayant adopt\u00e9 une loi interdisant les plastiques \u00e0 usage unique et mis en \u0153uvre ou adopt\u00e9 une loi avec l&#8217;intention de la mettre en \u0153uvre, l&#8217;Afrique a d\u00e9j\u00e0 fait preuve d&#8217;un grand leadership dans la recherche d&#8217;une solution \u00e0 la pollution plastique sur le continent. Nous attendons de la AMCEN qu&#8217;elle exhorte tous les \u00c9tats membres \u00e0 adopter un plan progressif qui soutienne des objectifs ambitieux en vue d&#8217;un trait\u00e9 mondial fort sur le plastique qui r\u00e9soudra la crise de la pollution plastique et le fardeau suppl\u00e9mentaire que repr\u00e9sente le d\u00e9versement de d\u00e9chets plastiques en Afrique&#8221;, a conclu Dena.<\/p>\n\n<p><strong>Contacts des m\u00e9dias :<\/strong><\/p>\n\n<p>Greenpeace Africa Press Desk: <a href=\"mailto:pressdesk.africa@greenpeace.org\">pressdesk.africa@greenpeace.org<\/a><\/p>\n\n<p><strong>Hellen Dena, <\/strong><br>Responsable de la communication et du storytelling , <br><a href=\"mailto:hdena@greenpeace.org\">hdena@greenpeace.org<\/a>, +254717104144<\/p>\n","protected":false},"excerpt":{"rendered":"<p>Lors de la 19e session de la Conf\u00e9rence minist\u00e9rielle africaine sur l&#8217;environnement (AMCEN), Greenpeace Afrique a appel\u00e9 les 54 ministres africains de l&#8217;Environnement \u00e0 exhorter les \u00c9tats membres \u00e0 ne pas faire de compromis dans les n\u00e9gociations d&#8217;un trait\u00e9 qui plafonnerait la production de plastique \u00e0 la source<\/p>\n","protected":false},"author":29,"featured_media":52117,"comment_status":"open","ping_status":"closed","sticky":false,"template":"","format":"standard","meta":{"_acf_changed":false,"ep_exclude_from_search":false,"p4_og_title":"","p4_og_description":"","p4_og_image":"","p4_og_image_id":"","p4_seo_canonical_url":"","p4_campaign_name":"","p4_local_project":"","p4_basket_name":"","p4_department":"","footnotes":""},"categories":[59,57],"tags":[42,62],"p4-page-type":[51],"class_list":["post-54105","post","type-post","status-publish","format-standard","has-post-thumbnail","hentry","category-changer-ma-communaute","category-inspirer-le-mouvement","tag-greenpeaceafrique","tag-plastiques","p4-page-type-communiques-de-presse"],"acf":[],"_links":{"self":[{"href":"https:\/\/www.greenpeace.org\/africa\/fr\/wp-json\/wp\/v2\/posts\/54105","targetHints":{"allow":["GET"]}}],"collection":[{"href":"https:\/\/www.greenpeace.org\/africa\/fr\/wp-json\/wp\/v2\/posts"}],"about":[{"href":"https:\/\/www.greenpeace.org\/africa\/fr\/wp-json\/wp\/v2\/types\/post"}],"author":[{"embeddable":true,"href":"https:\/\/www.greenpeace.org\/africa\/fr\/wp-json\/wp\/v2\/users\/29"}],"replies":[{"embeddable":true,"href":"https:\/\/www.greenpeace.org\/africa\/fr\/wp-json\/wp\/v2\/comments?post=54105"}],"version-history":[{"count":2,"href":"https:\/\/www.greenpeace.org\/africa\/fr\/wp-json\/wp\/v2\/posts\/54105\/revisions"}],"predecessor-version":[{"id":54107,"href":"https:\/\/www.greenpeace.org\/africa\/fr\/wp-json\/wp\/v2\/posts\/54105\/revisions\/54107"}],"wp:featuredmedia":[{"embeddable":true,"href":"https:\/\/www.greenpeace.org\/africa\/fr\/wp-json\/wp\/v2\/media\/52117"}],"wp:attachment":[{"href":"https:\/\/www.greenpeace.org\/africa\/fr\/wp-json\/wp\/v2\/media?parent=54105"}],"wp:term":[{"taxonomy":"category","embeddable":true,"href":"https:\/\/www.greenpeace.org\/africa\/fr\/wp-json\/wp\/v2\/categories?post=54105"},{"taxonomy":"post_tag","embeddable":true,"href":"https:\/\/www.greenpeace.org\/africa\/fr\/wp-json\/wp\/v2\/tags?post=54105"},{"taxonomy":"p4-page-type","embeddable":true,"href":"https:\/\/www.greenpeace.org\/africa\/fr\/wp-json\/wp\/v2\/p4-page-type?post=54105"}],"curies":[{"name":"wp","href":"https:\/\/api.w.org\/{rel}","templated":true}]}}