{"id":54580,"date":"2023-11-21T09:04:10","date_gmt":"2023-11-21T09:04:10","guid":{"rendered":"https:\/\/www.greenpeace.org\/africa\/?p=54580"},"modified":"2023-11-21T09:20:44","modified_gmt":"2023-11-21T09:20:44","slug":"la-crainte-des-gardiennes-de-la-securite-alimentaire-au-senegal","status":"publish","type":"post","link":"https:\/\/www.greenpeace.org\/africa\/fr\/les-blogs\/54580\/la-crainte-des-gardiennes-de-la-securite-alimentaire-au-senegal\/","title":{"rendered":"La crainte des gardiennes de la s\u00e9curit\u00e9 alimentaire au S\u00e9n\u00e9gal"},"content":{"rendered":"\n<figure class=\"wp-block-image size-large\"><img loading=\"lazy\" decoding=\"async\" width=\"1024\" height=\"684\" src=\"https:\/\/www.greenpeace.org\/static\/planet4-africa-stateless\/2023\/11\/e5c25ec3-image-1024x684.jpeg\" alt=\"\" class=\"wp-image-54581\" srcset=\"https:\/\/www.greenpeace.org\/static\/planet4-africa-stateless\/2023\/11\/e5c25ec3-image-1024x684.jpeg 1024w, https:\/\/www.greenpeace.org\/static\/planet4-africa-stateless\/2023\/11\/e5c25ec3-image-300x200.jpeg 300w, https:\/\/www.greenpeace.org\/static\/planet4-africa-stateless\/2023\/11\/e5c25ec3-image-768x513.jpeg 768w, https:\/\/www.greenpeace.org\/static\/planet4-africa-stateless\/2023\/11\/e5c25ec3-image-1536x1025.jpeg 1536w, https:\/\/www.greenpeace.org\/static\/planet4-africa-stateless\/2023\/11\/e5c25ec3-image-510x340.jpeg 510w, https:\/\/www.greenpeace.org\/static\/planet4-africa-stateless\/2023\/11\/e5c25ec3-image.jpeg 1600w\" sizes=\"auto, (max-width: 1024px) 100vw, 1024px\" \/><figcaption class=\"wp-element-caption\"> <strong>Cl\u00e9ment Tardiff\/Greenpeace<\/strong><\/figcaption><\/figure>\n\n<p>Sur la plage de Bargny, sous le soleil br\u00fblant du S\u00e9n\u00e9gal, un groupe de quinze femmes se tient debout, chacune tenant une calebasse vide. Leurs visages refl\u00e8tent \u00e0 la fois la d\u00e9termination et l&#8217;inqui\u00e9tude alors qu&#8217;elles l\u00e8vent le poing en l&#8217;air.<\/p>\n\n<p>Elles portent des banderoles avec des messages concis :<\/p>\n\n<p><strong>&#8220;Ma calebasse est vide \u00e0 cause des chalutiers.&#8221;<\/strong><br><strong>&#8220;Nous exigeons une zone marine prot\u00e9g\u00e9e &#8211; maintenant !&#8221;<\/strong><br>&#8220;<strong>Une zone marine prot\u00e9g\u00e9e va sauvegarder les emplois et la nourriture.&#8221;<\/strong><br><strong>&#8220;Ma calebasse est vide \u00e0 cause des chalutiers. Nous exigeons une zone marine prot\u00e9g\u00e9e &#8211; maintenant !&#8221;<\/strong><\/p>\n\n<figure class=\"wp-block-image\"><img decoding=\"async\" src=\"https:\/\/lh7-us.googleusercontent.com\/ZSKaAIy2W--Xfzg2xInN58HVkMR3FsU5daUQL0rACDvXD2I_a-cMmhh8y3XmOfsPM_UwwuGtyqA2RJqKSupyTKwXTbD-vqAsOsZE6bi184HC7yWfrW7as76Cwa10uj-h4Vbx4LCJKFDl-iZu5PweGIA\" alt=\"\"\/><figcaption class=\"wp-element-caption\"> <strong>Cl\u00e9ment Tardiff\/Greenpeace<\/strong><\/figcaption><\/figure>\n\n<p>Elles se sont r\u00e9unies pour une action qui d\u00e9passe les simples mots ; c&#8217;est un effort visant \u00e0 mettre en lumi\u00e8re une question urgente: la raret\u00e9 du poisson au S\u00e9n\u00e9gal et son impact s\u00e9v\u00e8re sur les populations s\u00e9n\u00e9galaises et africaines. Au S\u00e9n\u00e9gal, les femmes jouent un r\u00f4le essentiel dans la s\u00e9curit\u00e9 alimentaire. Elles sont les gardiennes des traditions culinaires et des recettes familiales transmises de g\u00e9n\u00e9ration en g\u00e9n\u00e9ration. Ce sont elles qui se rendent quotidiennement aux march\u00e9s pour acheter du poisson frais, un \u00e9l\u00e9ment essentiel et incontournable du plat national des s\u00e9n\u00e9galais, le \u201cThi\u00e9bou Djeun\u201d.<\/p>\n\n<p><strong><em>&#8220;Notre calebasse vide n&#8217;est pas seulement un symbole ; c&#8217;est un appel \u00e0 une action imm\u00e9diate. Nous sommes ici pour repr\u00e9senter les oc\u00e9ans silencieux et la s\u00e9curit\u00e9 alimentaire de notre peuple&#8221;, d\u00e9clare Fatou Samba, femme transformatrice de poisson \u00e0 Bargny, au S\u00e9n\u00e9gal.<\/em><\/strong><\/p>\n\n<figure class=\"wp-block-image\"><img decoding=\"async\" src=\"https:\/\/lh7-us.googleusercontent.com\/ooJef8bTfVN2PxYqeQwrl7yaBqd35rMhpxOmxT-2kzit5a4RABKlhblL88nGppRAvcOJpzjznyzCCiznMzaGcId5qzjvYDbXmGKYjlkSapzVqLDjTCS-Xqd8EbytQ8bIbWLzm4tJGbJHr3kL-B2T1SI\" alt=\"\"\/><figcaption class=\"wp-element-caption\"> <strong>Cl\u00e9ment Tardiff\/Greenpeace<\/strong><\/figcaption><\/figure>\n\n<p>Cependant, ces derni\u00e8res ann\u00e9es, un silence sombre s&#8217;est abattu sur les march\u00e9s s\u00e9n\u00e9galais. Les \u00e9tals et quais de p\u00eache autrefois caract\u00e9ris\u00e9s par une abondance de poissons en sont d\u00e9sormais moins garnis. Ces calebasses vides tenues par ces femmes t\u00e9moignent de cette r\u00e9alit\u00e9. Autrefois abondant, le poisson se fait de plus en plus rare, une situation exacerb\u00e9e par la surp\u00eache, les usines de farine et d&#8217;huile de poisson, les mauvaises pratiques de p\u00eache et le changement climatique.<\/p>\n\n<p><strong><em>&#8220;La raret\u00e9 du poisson n\u2019impacte pas seulement la nourriture ; il s&#8217;agit de pr\u00e9server notre patrimoine. Nos actions d&#8217;aujourd&#8217;hui r\u00e9affirment notre engagement \u00e0 prot\u00e9ger les deux&#8221;, d\u00e9clare Fatou Samba, femme transformatrice \u00e0 Bargny, au S\u00e9n\u00e9gal.<\/em><\/strong><\/p>\n\n<p>Le geste puissant et silencieux de ces quinze femmes, se tenant unies avec leurs calebasses vides, est un appel \u00e0 l&#8217;action. Il souligne l&#8217;importance cruciale de la s\u00e9curit\u00e9 alimentaire et met en lumi\u00e8re comment la raret\u00e9 du poisson affecte n\u00e9gativement la nutrition, la sant\u00e9 et les moyens de subsistance des familles s\u00e9n\u00e9galaises. Ces femmes parlent au nom de l&#8217;oc\u00e9an, un \u00e9cosyst\u00e8me qui a nourri leur communaut\u00e9 depuis des g\u00e9n\u00e9rations. Elles soulignent que la pr\u00e9servation des oc\u00e9ans est une question de survie pour le S\u00e9n\u00e9gal.<\/p>\n\n<p>La calebasse vide de chaque femme sert de rappel poignant sur les menaces qui pesent sur nos oceans. Elle nous alerte sur l&#8217;urgence de la situation et appelle \u00e0 la mise en place de mesures pour conserver les ressources marines, promouvoir des pratiques de p\u00eache durable et garantir la s\u00e9curit\u00e9 alimentaire pour les g\u00e9n\u00e9rations futures.<\/p>\n\n<p>Ces femmes, tenant leurs calebasses vides, symbolisent bien plus que de simples participantes \u00e0 une manifestation culturelle, mais c\u2019est la tradition d\u2019une gestion durable qui est revisit\u00e9e.<\/p>\n\n<figure class=\"wp-block-image\"><img decoding=\"async\" src=\"https:\/\/lh7-us.googleusercontent.com\/tyRbc8eY48KelZONZxnG95gfLXVxNZgrrNjP-vrHlhE50AEfUYWI3E5T25RiaZMT6wlMLKcQNYvF_zfBEaXnuRQNPf_B8gw4qPFYf1KibWXMcxTRtMGkyQe6BDpuhZTAzSC36Gz7zfVq3yPpUXQM9cc\" alt=\"\"\/><figcaption class=\"wp-element-caption\"> <strong>Cl\u00e9ment Tardiff\/Greenpeace<\/strong><\/figcaption><\/figure>\n\n<p>Elles sont les gardiennes de la s\u00e9curit\u00e9 alimentaire au S\u00e9n\u00e9gal. Leurs calebasses vides signifient la n\u00e9cessit\u00e9 de pr\u00e9server nos oc\u00e9ans et de prot\u00e9ger la s\u00e9curit\u00e9 alimentaire des communaut\u00e9s s\u00e9n\u00e9galaises. Cette action rappelle que la raret\u00e9 croissante du poisson n&#8217;affecte pas seulement les \u00e9cosyst\u00e8mes marins ; elle impacte aussi les familles, les traditions et les d\u00e9licieux plats qui sont au c\u0153ur de la culture s\u00e9n\u00e9galaise. Elle nous exhorte \u00e0 agir pour un avenir o\u00f9 les calebasses ne seront plus vides mais remplies de poisson frais, garantissant la s\u00e9curit\u00e9 alimentaire pour tous.&nbsp;<\/p>\n\n<p>Autrefois, le retour de nos mamans du march\u00e9, les calebasses abondamment garnies de couleurs vives et de poisson frais pour concocter des plats succulents, \u00e9tait un spectacle merveilleux et culturellement profond. Aujourd&#8217;hui, un effort collectif est n\u00e9cessaire pour retrouver ces calebasses pleines de vie.<\/p>\n\n<p><strong>Amagor Robert NIANG<\/strong><br><strong>Charg\u00e9 de communication Greenpeace Africa &#8211; Senegal&nbsp;<\/strong><br><strong>aniang@greenpeace.org<\/strong><\/p>\n","protected":false},"excerpt":{"rendered":"<p>Sur la plage de Bargny, sous le soleil br\u00fblant du S\u00e9n\u00e9gal, un groupe de quinze femmes se tient debout, chacune tenant une calebasse vide. Leurs visages refl\u00e8tent \u00e0 la fois la d\u00e9termination et l&#8217;inqui\u00e9tude alors qu&#8217;elles l\u00e8vent le poing en l&#8217;air.<\/p>\n","protected":false},"author":29,"featured_media":54581,"comment_status":"open","ping_status":"closed","sticky":false,"template":"","format":"standard","meta":{"_acf_changed":false,"ep_exclude_from_search":false,"p4_og_title":"","p4_og_description":"","p4_og_image":"","p4_og_image_id":"","p4_seo_canonical_url":"","p4_campaign_name":"","p4_local_project":"","p4_basket_name":"","p4_department":"","footnotes":""},"categories":[59],"tags":[41,53,77,96],"p4-page-type":[104],"class_list":["post-54580","post","type-post","status-publish","format-standard","has-post-thumbnail","hentry","category-changer-ma-communaute","tag-decouvrir","tag-peche","tag-senegal-fr","tag-oceans-fr","p4-page-type-les-blogs"],"acf":[],"_links":{"self":[{"href":"https:\/\/www.greenpeace.org\/africa\/fr\/wp-json\/wp\/v2\/posts\/54580","targetHints":{"allow":["GET"]}}],"collection":[{"href":"https:\/\/www.greenpeace.org\/africa\/fr\/wp-json\/wp\/v2\/posts"}],"about":[{"href":"https:\/\/www.greenpeace.org\/africa\/fr\/wp-json\/wp\/v2\/types\/post"}],"author":[{"embeddable":true,"href":"https:\/\/www.greenpeace.org\/africa\/fr\/wp-json\/wp\/v2\/users\/29"}],"replies":[{"embeddable":true,"href":"https:\/\/www.greenpeace.org\/africa\/fr\/wp-json\/wp\/v2\/comments?post=54580"}],"version-history":[{"count":2,"href":"https:\/\/www.greenpeace.org\/africa\/fr\/wp-json\/wp\/v2\/posts\/54580\/revisions"}],"predecessor-version":[{"id":54588,"href":"https:\/\/www.greenpeace.org\/africa\/fr\/wp-json\/wp\/v2\/posts\/54580\/revisions\/54588"}],"wp:featuredmedia":[{"embeddable":true,"href":"https:\/\/www.greenpeace.org\/africa\/fr\/wp-json\/wp\/v2\/media\/54581"}],"wp:attachment":[{"href":"https:\/\/www.greenpeace.org\/africa\/fr\/wp-json\/wp\/v2\/media?parent=54580"}],"wp:term":[{"taxonomy":"category","embeddable":true,"href":"https:\/\/www.greenpeace.org\/africa\/fr\/wp-json\/wp\/v2\/categories?post=54580"},{"taxonomy":"post_tag","embeddable":true,"href":"https:\/\/www.greenpeace.org\/africa\/fr\/wp-json\/wp\/v2\/tags?post=54580"},{"taxonomy":"p4-page-type","embeddable":true,"href":"https:\/\/www.greenpeace.org\/africa\/fr\/wp-json\/wp\/v2\/p4-page-type?post=54580"}],"curies":[{"name":"wp","href":"https:\/\/api.w.org\/{rel}","templated":true}]}}