{"id":56085,"date":"2024-07-10T15:19:26","date_gmt":"2024-07-10T15:19:26","guid":{"rendered":"https:\/\/www.greenpeace.org\/africa\/?p=56085"},"modified":"2024-07-14T13:41:52","modified_gmt":"2024-07-14T13:41:52","slug":"greenpeace-afrique-participera-au-20eme-anniversaire-de-lua-ecosoc-au-ghana","status":"publish","type":"post","link":"https:\/\/www.greenpeace.org\/africa\/fr\/communiques-de-presse\/56085\/greenpeace-afrique-participera-au-20eme-anniversaire-de-lua-ecosoc-au-ghana\/","title":{"rendered":"Greenpeace Afrique participera au 20\u00e8me anniversaire de l&#8217;UA-ECOSOC au Ghana"},"content":{"rendered":"\n<p class=\"has-beige-100-background-color has-background\">Greenpeace Afrique participera au 20\u00e8me anniversaire de l&#8217;UA-ECOSOC au Ghana et lancera par la m\u00eame occasion\u00a0 le\u00a0 Mouvement pour la Justice Climatique en Afrique de l\u2019Ouest.<\/p>\n\n<p>Accra, Ghana &#8211; 9 juillet 2024 &#8211; Greenpeace Afrique a le plaisir d&#8217;annoncer sa participation \u00e0 la comm\u00e9moration du 20\u00e8me anniversaire du Conseil \u00e9conomique, social et culturel de l&#8217;Union africaine (UA-ECOSOCC) \u00e0 Accra, au Ghana.<\/p>\n\n<p>En marge des activit\u00e9s de l\u2019UA-ECOSOC, Greenpeace Afrique organisera \u00e9galement un \u00e9v\u00e9nement pour discuter du r\u00f4le des r\u00e9formes financi\u00e8res dans la lutte contre la crise climatique et l\u2019atteinte du bien-\u00eatre socio-\u00e9conomique en Afrique.<\/p>\n\n<p>En outre, Greenpeace Afrique et ses partenaires lanceront le Mouvement pour la Justice Climatique, qui rassemblera des organisations de la soci\u00e9t\u00e9 civile, des dirigeants communautaires et des experts afin de relever les d\u00e9fis environnementaux majeurs auxquels la r\u00e9gion est confront\u00e9e, notamment la surp\u00eache, la d\u00e9forestation, les syst\u00e8mes alimentaires non durables et les effets n\u00e9fastes du changement climatique.<\/p>\n\n<p>Principales dates :<\/p>\n\n<ul class=\"wp-block-list\">\n<li><strong>Lancement du mouvement pour la justice climatique : <\/strong>11-12 juillet 2024<\/li>\n\n\n\n<li><strong>\u00c9v\u00e9nement parall\u00e8le UA-ECOSOCC : <\/strong>17 juillet 2024<\/li>\n\n\n\n<li><strong>Lieu : <\/strong>Accra City Hotel, Barnes Rd, Accra<\/li>\n<\/ul>\n","protected":false},"excerpt":{"rendered":"<p>Greenpeace Afrique participera au 20\u00e8me anniversaire de l&#8217;UA-ECOSOC au Ghana et lancera par la m\u00eame occasion\u00a0 le\u00a0 Mouvement pour la Justice Climatique en Afrique de l\u2019Ouest.<\/p>\n","protected":false},"author":62,"featured_media":56083,"comment_status":"closed","ping_status":"closed","sticky":false,"template":"","format":"standard","meta":{"_acf_changed":false,"ep_exclude_from_search":false,"p4_og_title":"","p4_og_description":"","p4_og_image":"","p4_og_image_id":"","p4_seo_canonical_url":"","p4_campaign_name":"","p4_local_project":"","p4_basket_name":"","p4_department":"","footnotes":""},"categories":[52],"tags":[42],"p4-page-type":[51],"class_list":["post-56085","post","type-post","status-publish","format-standard","has-post-thumbnail","hentry","category-proteger-lenvironnement","tag-greenpeaceafrique","p4-page-type-communiques-de-presse"],"acf":[],"_links":{"self":[{"href":"https:\/\/www.greenpeace.org\/africa\/fr\/wp-json\/wp\/v2\/posts\/56085","targetHints":{"allow":["GET"]}}],"collection":[{"href":"https:\/\/www.greenpeace.org\/africa\/fr\/wp-json\/wp\/v2\/posts"}],"about":[{"href":"https:\/\/www.greenpeace.org\/africa\/fr\/wp-json\/wp\/v2\/types\/post"}],"author":[{"embeddable":true,"href":"https:\/\/www.greenpeace.org\/africa\/fr\/wp-json\/wp\/v2\/users\/62"}],"replies":[{"embeddable":true,"href":"https:\/\/www.greenpeace.org\/africa\/fr\/wp-json\/wp\/v2\/comments?post=56085"}],"version-history":[{"count":4,"href":"https:\/\/www.greenpeace.org\/africa\/fr\/wp-json\/wp\/v2\/posts\/56085\/revisions"}],"predecessor-version":[{"id":56104,"href":"https:\/\/www.greenpeace.org\/africa\/fr\/wp-json\/wp\/v2\/posts\/56085\/revisions\/56104"}],"wp:featuredmedia":[{"embeddable":true,"href":"https:\/\/www.greenpeace.org\/africa\/fr\/wp-json\/wp\/v2\/media\/56083"}],"wp:attachment":[{"href":"https:\/\/www.greenpeace.org\/africa\/fr\/wp-json\/wp\/v2\/media?parent=56085"}],"wp:term":[{"taxonomy":"category","embeddable":true,"href":"https:\/\/www.greenpeace.org\/africa\/fr\/wp-json\/wp\/v2\/categories?post=56085"},{"taxonomy":"post_tag","embeddable":true,"href":"https:\/\/www.greenpeace.org\/africa\/fr\/wp-json\/wp\/v2\/tags?post=56085"},{"taxonomy":"p4-page-type","embeddable":true,"href":"https:\/\/www.greenpeace.org\/africa\/fr\/wp-json\/wp\/v2\/p4-page-type?post=56085"}],"curies":[{"name":"wp","href":"https:\/\/api.w.org\/{rel}","templated":true}]}}