{"id":56858,"date":"2025-01-15T14:23:06","date_gmt":"2025-01-15T14:23:06","guid":{"rendered":"https:\/\/www.greenpeace.org\/africa\/?p=56858"},"modified":"2025-01-16T11:56:26","modified_gmt":"2025-01-16T11:56:26","slug":"specialiste-des-medias-sociaux","status":"publish","type":"post","link":"https:\/\/www.greenpeace.org\/africa\/fr\/emplois-1\/56858\/specialiste-des-medias-sociaux\/","title":{"rendered":"Spe\u0301cialiste des Me\u0301dias Sociaux"},"content":{"rendered":"\n<p><strong>Titre <\/strong>: Sp\u00e9cialiste des m\u00e9dias sociaux<\/p>\n\n<p><strong>D\u00e9partement <\/strong>: Communication \/ Engagement<\/p>\n\n<p><strong>Rattach\u00e9(e) \u00e0 : <\/strong>Chef de d\u00e9partement de la Strat\u00e9gie Digitale<\/p>\n\n<p><strong>Emplacement:<\/strong> L&#8217;un des bureaux op\u00e9rationnels de Greenpeace Afrique (Afrique du Sud, Cameroun, S\u00e9n\u00e9gal, Kenya). Mais flexible par rapport \u00e0 d&#8217;autres emplacements en Afrique, car GPAF met en \u0153uvre un mod\u00e8le de travail hybride ou de localisation \u00e0 distance, le travail \u00e0 domicile \u00e9tant la base principale de notre lieu de travail<\/p>\n\n<hr class=\"wp-block-separator has-alpha-channel-opacity\"\/>\n\n<p><strong>Objectif du r\u00f4le<\/strong><\/p>\n\n<p>Le sp\u00e9cialiste des m\u00e9dias sociaux dirigera la strat\u00e9gie des m\u00e9dias sociaux de Greenpeace Afrique pour atteindre de nouveaux publics et les impliquer dans nos campagnes tout en tirant parti de nos sympathisants et du public pour avoir le plus d&#8217;impact possible sur nos objectifs dans cet espace. Le titulaire du poste sera charg\u00e9 de d\u00e9lib\u00e9rer sur la strat\u00e9gie, la planification et les indicateurs cl\u00e9s de performance, de cr\u00e9er, de g\u00e9rer le contenu et de fournir des analyses sur nos plateformes de m\u00e9dias sociaux, ainsi que de travailler avec des consultants et des coll\u00e8gues pour y parvenir. Cela comprend une \u00e9troite collaboration avec le responsable du marketing num\u00e9rique pour accro\u00eetre la collaboration avec la port\u00e9e gagnante.<\/p>\n\n<p><strong>Fonctions principales<\/strong><\/p>\n\n<p>Diriger et mettre en \u0153uvre des strat\u00e9gies agiles et g\u00e9rer Les plateformes de m\u00e9dias sociaux de Greenpeace Afrique<\/p>\n\n<ul class=\"wp-block-list\">\n<li>Veiller \u00e0 ce que nos plateformes de m\u00e9dias sociaux (Facebook, Instagram, TikTok, X, Bluesky, YouTube, LinkedIn) g\u00e9n\u00e8rent un engagement accru pour accro\u00eetre notre audience et renforcer notre pr\u00e9sence dans les pays concern\u00e9s.<\/li>\n\n\n\n<li>D\u00e9veloppez notre base de supporters en proposant des moyens efficaces pour accro\u00eetre l&#8217;action sur nos p\u00e9titions et demandes via les m\u00e9dias sociaux.<\/li>\n\n\n\n<li>Cr\u00e9er et commander du contenu (de tous types, y compris des vid\u00e9os) en interne et en externe qui circule et engage les gens dans notre travail, en veillant constamment \u00e0 ce que Greenpeace Afrique soit en avance sur la courbe et en testant de nouvelles approches de contenu pour r\u00e9ussir .<\/li>\n\n\n\n<li>Travaillez avec les pr\u00e9sentateurs et notre vid\u00e9aste pour sc\u00e9nariser et produire du contenu vid\u00e9o sp\u00e9cifique aux plateformes qui sont dynamiques.<\/li>\n\n\n\n<li>Explorez la localisation et les ex\u00e9cutions de contenu pertinent au niveau r\u00e9gional pour atteindre de nouveaux publics et assurez-vous que GPAF est un leader dans les approches de m\u00e9dias sociaux panafricains.<\/li>\n\n\n\n<li>D\u00e9finissez des indicateurs et des objectifs clairs pour l\u2019impact sur les m\u00e9dias sociaux, donnez des directives aux consultants et autres personnes travaillant sur les m\u00e9dias sociaux.<\/li>\n\n\n\n<li>Soyez au courant des tendances, des leaders industriels et de d\u00e9veloppements de plateformes, en r\u00e9agissant rapidement pour nous aider \u00e0 d\u00e9velopper et \u00e0 engager les publics \u00e0 travers l&#8217;Afrique et les encourager \u00e0 agir.<\/li>\n\n\n\n<li>Donner l\u2019exemple, cr\u00e9er, coacher et fournir les outils n\u00e9cessaires pour le digital, et aux autres coll\u00e8gues pour innover et cr\u00e9er des ex\u00e9cutions percutantes sur les m\u00e9dias sociaux.<\/li>\n\n\n\n<li>Explorez et exploitez les partenariats et les collaborations sur les r\u00e9seaux sociaux \u00e0 travers l&#8217;Afrique.<\/li>\n\n\n\n<li>D\u00e9velopper et d\u00e9ployer des approches efficaces de gestion proactive des communaut\u00e9s.<\/li>\n\n\n\n<li>Faire de Greenpeace Afrique un leader dans le domaine des m\u00e9dias sociaux.<\/li>\n<\/ul>\n\n<p><strong>Analyse et \u00e9clairage<\/strong><\/p>\n\n<ul class=\"wp-block-list\">\n<li>Fournir et exploiter des informations provenant des m\u00e9dias sociaux quotidiennement, hebdomadairement, mensuellement &#8211; et r\u00e9pondre avec rapidit\u00e9, cr\u00e9ativit\u00e9 et agilit\u00e9.<\/li>\n\n\n\n<li>Collaborer avec le responsable du marketing num\u00e9rique pour tester les messages et le contenu, augmenter la collaboration entre la port\u00e9e organique et payante pour augmenter les inscriptions et les dons<\/li>\n<\/ul>\n\n<p><strong>Concevoir des strat\u00e9gies num\u00e9riques pour les projets<\/strong><\/p>\n\n<ul class=\"wp-block-list\">\n<li>Participez ou dirigez le processus de conception du projet pour garantir que tous les projets comportent un engagement num\u00e9rique fort et une composante de m\u00e9dias sociaux.<\/li>\n\n\n\n<li>Mettre en \u0153uvre des projets et des campagnes sur les r\u00e9seaux sociaux, fournir des informations pendant le projet pour mieux atteindre les objectifs fix\u00e9s.<\/li>\n<\/ul>\n\n<p><strong>Autres travaux num\u00e9riques<\/strong><\/p>\n\n<ul class=\"wp-block-list\">\n<li>Diriger et ex\u00e9cuter des projets num\u00e9riques plus larges pour les campagnes partout o\u00f9 c&#8217;est n\u00e9cessaire.<\/li>\n<\/ul>\n\n<p><strong>Qualifications et exp\u00e9rience requises<\/strong><\/p>\n\n<ul class=\"wp-block-list\">\n<li>Au moins 3 ans d&#8217;exp\u00e9rience professionnelle dans la cr\u00e9ation de contenus pour les m\u00e9dias sociaux sur plusieurs plateformes et dans l&#8217;ex\u00e9cution de strat\u00e9gies efficaces et agiles<\/li>\n\n\n\n<li>Exp\u00e9rience de direction de strat\u00e9gies impressionnantes pour les plateformes de m\u00e9dias sociaux\u00a0<\/li>\n\n\n\n<li>Engagement envers notre strat\u00e9gie organisationnelle et atteindre un large public \u00e0 travers l&#8217;Afrique &#8211; ancrer la conscience africaine dans nos strat\u00e9gies de m\u00e9dias sociaux et r\u00e9sultats et recherchons activement des opportunit\u00e9s pour \u00eatre panafricain dans notre approche m\u00e9dias sociaux num\u00e9riques\u00a0<\/li>\n\n\n\n<li>Exp\u00e9rience d\u00e9montrable de la cr\u00e9ation et de la diffusion de contenu convaincant \u00e0 des fins diverses, notamment les m\u00e9dias sociaux, les blogs, les scripts vid\u00e9o pour obtenir un impact et un engagement de campagne &#8211; et un historique de contenu ayant eu une port\u00e9e significative sur toutes les plateformes<\/li>\n\n\n\n<li>Exp\u00e9rience de l&#8217;utilisation de la technologie de mani\u00e8re innovante et cr\u00e9ative dans le cadre d&#8217;une strat\u00e9gie de communication ou de campagne incluant l&#8217;IA<\/li>\n\n\n\n<li>Bonnes comp\u00e9tences en gestion de projet, capable de planifier le travail du projet de mani\u00e8re structur\u00e9e qui permet aux autres de comprendre ce qui sera livr\u00e9 et quand, et facilite la d\u00e9l\u00e9gation, le cas \u00e9ch\u00e9ant<\/li>\n\n\n\n<li>Toute exp\u00e9rience de travail avec des consultants ou des agences de cr\u00e9ation pour produire du contenu pour les m\u00e9dias sociaux, c&#8217;est-\u00e0-dire des vid\u00e9os<\/li>\n<\/ul>\n\n<p><strong>Comp\u00e9tences requises et comportementales<\/strong><\/p>\n\n<ul class=\"wp-block-list\">\n<li>Comp\u00e9tence en gestion de projet<\/li>\n\n\n\n<li>Capacit\u00e9 \u00e0 travailler de mani\u00e8re autonome<\/li>\n\n\n\n<li>Exp\u00e9rience dans l&#8217;utilisation de logiciels de retouche d&#8217;images et de vid\u00e9os tels que Photoshop, Canva pour produire du contenu attrayant pour les m\u00e9dias sociaux et\/ou Premi\u00e8re, des logiciels en ligne comme Canva ou Runway ou similaires pour cr\u00e9er des vid\u00e9os.<\/li>\n\n\n\n<li>La compr\u00e9hension, la capacit\u00e9 et le go\u00fbt pour conceptualiser, filmer et\/ou \u00e9diter des vid\u00e9os courtes ou autres formats tr\u00e8s performants sur t\u00e9l\u00e9phones mobiles\/appareil photo sont pr\u00e9f\u00e9rables, ainsi que figurer dans\/ou pr\u00e9senter de telles vid\u00e9os est un plus.<\/li>\n\n\n\n<li>Faire preuve de cr\u00e9ativit\u00e9 et d&#8217;innovation<\/li>\n\n\n\n<li>Exp\u00e9rience et int\u00e9r\u00eat pour l&#8217;utilisation de l&#8217;IA<\/li>\n\n\n\n<li>Excellentes comp\u00e9tences en communication \u2013 verbale et \u00e9crite<\/li>\n\n\n\n<li>La ma\u00eetrise du fran\u00e7ais et de l&#8217;anglais est pr\u00e9f\u00e9rable<\/li>\n\n\n\n<li>Analyse et interpr\u00e9tation des donn\u00e9es<\/li>\n<\/ul>\n\n<p><em>Greenpeace Afrique est une organisation qui pr\u00f4ne l&#8217;\u00e9galit\u00e9 des chances et qui s&#8217;engage \u00e0 promouvoir la diversit\u00e9 au sein de ses effectifs, <\/em><em>ind\u00e9pendamment <\/em><em>du sexe, de la nationalit\u00e9, du handicap, de l&#8217;orientation sexuelle, de la culture, de la religion et<\/em><em> <\/em><em>origine ethnique .<\/em><em>&nbsp;<\/em><\/p>\n\n<p><em>Les candidats qualifi\u00e9s et int\u00e9ress\u00e9s doivent envoyer une lettre de motivation et un CV \u00e0 <\/em><a href=\"mailto:rafrica@greenpeace.org\"><em>rafrica@greenpeace.org <\/em><\/a><em>avec la ligne d&#8217;objet &#8211;<\/em><strong><em> Sp\u00e9cialiste des m\u00e9dias sociaux <\/em><\/strong><em>comme objet du message avant le <\/em><strong><em>31 janvier 2025.<\/em><\/strong><\/p>\n","protected":false},"excerpt":{"rendered":"<p>Titre : Sp\u00e9cialiste des m\u00e9dias sociaux<\/p>\n","protected":false},"author":83,"featured_media":3892,"comment_status":"closed","ping_status":"closed","sticky":false,"template":"","format":"standard","meta":{"_acf_changed":false,"ep_exclude_from_search":false,"p4_og_title":"","p4_og_description":"","p4_og_image":"","p4_og_image_id":"","p4_seo_canonical_url":"","p4_campaign_name":"","p4_local_project":"","p4_basket_name":"","p4_department":"","footnotes":""},"categories":[17],"tags":[42],"p4-page-type":[132],"class_list":["post-56858","post","type-post","status-publish","format-standard","has-post-thumbnail","hentry","category-non-classifiee","tag-greenpeaceafrique","p4-page-type-emplois-1"],"acf":[],"_links":{"self":[{"href":"https:\/\/www.greenpeace.org\/africa\/fr\/wp-json\/wp\/v2\/posts\/56858","targetHints":{"allow":["GET"]}}],"collection":[{"href":"https:\/\/www.greenpeace.org\/africa\/fr\/wp-json\/wp\/v2\/posts"}],"about":[{"href":"https:\/\/www.greenpeace.org\/africa\/fr\/wp-json\/wp\/v2\/types\/post"}],"author":[{"embeddable":true,"href":"https:\/\/www.greenpeace.org\/africa\/fr\/wp-json\/wp\/v2\/users\/83"}],"replies":[{"embeddable":true,"href":"https:\/\/www.greenpeace.org\/africa\/fr\/wp-json\/wp\/v2\/comments?post=56858"}],"version-history":[{"count":3,"href":"https:\/\/www.greenpeace.org\/africa\/fr\/wp-json\/wp\/v2\/posts\/56858\/revisions"}],"predecessor-version":[{"id":56878,"href":"https:\/\/www.greenpeace.org\/africa\/fr\/wp-json\/wp\/v2\/posts\/56858\/revisions\/56878"}],"wp:featuredmedia":[{"embeddable":true,"href":"https:\/\/www.greenpeace.org\/africa\/fr\/wp-json\/wp\/v2\/media\/3892"}],"wp:attachment":[{"href":"https:\/\/www.greenpeace.org\/africa\/fr\/wp-json\/wp\/v2\/media?parent=56858"}],"wp:term":[{"taxonomy":"category","embeddable":true,"href":"https:\/\/www.greenpeace.org\/africa\/fr\/wp-json\/wp\/v2\/categories?post=56858"},{"taxonomy":"post_tag","embeddable":true,"href":"https:\/\/www.greenpeace.org\/africa\/fr\/wp-json\/wp\/v2\/tags?post=56858"},{"taxonomy":"p4-page-type","embeddable":true,"href":"https:\/\/www.greenpeace.org\/africa\/fr\/wp-json\/wp\/v2\/p4-page-type?post=56858"}],"curies":[{"name":"wp","href":"https:\/\/api.w.org\/{rel}","templated":true}]}}