{"id":57082,"date":"2025-02-25T15:21:32","date_gmt":"2025-02-25T15:21:32","guid":{"rendered":"https:\/\/www.greenpeace.org\/africa\/?p=57082"},"modified":"2025-02-25T15:26:56","modified_gmt":"2025-02-25T15:26:56","slug":"de-limportance-des-forets-dans-la-lutte-contre-le-changement-climatique-et-si-les-ecoliers-devenaient-les-gardiens-des-forets-de-demain","status":"publish","type":"post","link":"https:\/\/www.greenpeace.org\/africa\/fr\/les-blogs\/57082\/de-limportance-des-forets-dans-la-lutte-contre-le-changement-climatique-et-si-les-ecoliers-devenaient-les-gardiens-des-forets-de-demain\/","title":{"rendered":"De l\u2019importance des for\u00eats dans la lutte contre le changement climatique &#8211; Et si les \u00e9coliers devenaient les gardiens des for\u00eats de demain ?"},"content":{"rendered":"\n<figure class=\"wp-block-image size-large\"><img loading=\"lazy\" decoding=\"async\" width=\"1024\" height=\"683\" src=\"https:\/\/www.greenpeace.org\/static\/planet4-africa-stateless\/2025\/02\/b18821af-img-20250221-wa0171-1024x683.jpg\" alt=\"\" class=\"wp-image-57095\" srcset=\"https:\/\/www.greenpeace.org\/static\/planet4-africa-stateless\/2025\/02\/b18821af-img-20250221-wa0171-1024x683.jpg 1024w, https:\/\/www.greenpeace.org\/static\/planet4-africa-stateless\/2025\/02\/b18821af-img-20250221-wa0171-300x200.jpg 300w, https:\/\/www.greenpeace.org\/static\/planet4-africa-stateless\/2025\/02\/b18821af-img-20250221-wa0171-768x512.jpg 768w, https:\/\/www.greenpeace.org\/static\/planet4-africa-stateless\/2025\/02\/b18821af-img-20250221-wa0171-1536x1025.jpg 1536w, https:\/\/www.greenpeace.org\/static\/planet4-africa-stateless\/2025\/02\/b18821af-img-20250221-wa0171-2048x1366.jpg 2048w, https:\/\/www.greenpeace.org\/static\/planet4-africa-stateless\/2025\/02\/b18821af-img-20250221-wa0171-510x340.jpg 510w\" sizes=\"auto, (max-width: 1024px) 100vw, 1024px\" \/><figcaption class=\"wp-element-caption\">Par <strong>Esther bakanda<\/strong>, Volontaire Greenpeace Afrique<\/figcaption><\/figure>\n\n<p>L\u2019\u00e9cole EDAP\/ISP-Mbandaka dans la province de l&#8217;Equateur en R\u00e9publique Democratique du Congo (RDC) a vibr\u00e9 le vendredi 21 f\u00e9vrier 2025 au rythme d\u2019une sensibilisation environnementale pour \u00e9coliers lors d\u2019un atelier organis\u00e9 par les volontaires de Greenpeace Afrique. Cet \u00e9v\u00e9nement a rassembl\u00e9 les \u00e9l\u00e8ves, enseignants et volontaires autour d\u2019un objectif commun : \u201cEveiller les consciences sur l\u2019importance des for\u00eats et les cons\u00e9quences du changement climatique\u201d.<\/p>\n\n<h2 class=\"wp-block-heading\"><strong>Un programme \u00e9ducatif et interactif<\/strong><\/h2>\n\n<figure class=\"wp-block-image size-large\"><img loading=\"lazy\" decoding=\"async\" width=\"1024\" height=\"854\" src=\"https:\/\/www.greenpeace.org\/static\/planet4-africa-stateless\/2025\/02\/16a14dd2-img-20250221-wa0269-1-1024x854.jpg\" alt=\"\" class=\"wp-image-57097\" srcset=\"https:\/\/www.greenpeace.org\/static\/planet4-africa-stateless\/2025\/02\/16a14dd2-img-20250221-wa0269-1-1024x854.jpg 1024w, https:\/\/www.greenpeace.org\/static\/planet4-africa-stateless\/2025\/02\/16a14dd2-img-20250221-wa0269-1-300x250.jpg 300w, https:\/\/www.greenpeace.org\/static\/planet4-africa-stateless\/2025\/02\/16a14dd2-img-20250221-wa0269-1-768x640.jpg 768w, https:\/\/www.greenpeace.org\/static\/planet4-africa-stateless\/2025\/02\/16a14dd2-img-20250221-wa0269-1-1536x1280.jpg 1536w, https:\/\/www.greenpeace.org\/static\/planet4-africa-stateless\/2025\/02\/16a14dd2-img-20250221-wa0269-1-2048x1707.jpg 2048w, https:\/\/www.greenpeace.org\/static\/planet4-africa-stateless\/2025\/02\/16a14dd2-img-20250221-wa0269-1-1639x1366.jpg 1639w, https:\/\/www.greenpeace.org\/static\/planet4-africa-stateless\/2025\/02\/16a14dd2-img-20250221-wa0269-1-408x340.jpg 408w\" sizes=\"auto, (max-width: 1024px) 100vw, 1024px\" \/><\/figure>\n\n<p>Apr\u00e8s un accueil chaleureux, suivi d\u2019une pr\u00e9sentation sur les actions de Greenpeace Afrique en faveur des for\u00eats, les \u00e9l\u00e8ves ont assist\u00e9 \u00e0 un expos\u00e9 de Esther Bakanda sur l\u2019importance des for\u00eats dans la lutte contre le changement climatique.<\/p>\n\n<h2 class=\"wp-block-heading\"><strong>Un atelier cr\u00e9atif pour apprendre en s\u2019amusant<\/strong><\/h2>\n\n<figure class=\"wp-block-image size-large\"><img loading=\"lazy\" decoding=\"async\" width=\"1024\" height=\"683\" src=\"https:\/\/www.greenpeace.org\/static\/planet4-africa-stateless\/2025\/02\/5f4c024c-img-20250221-wa0235-1024x683.jpg\" alt=\"\" class=\"wp-image-57091\" srcset=\"https:\/\/www.greenpeace.org\/static\/planet4-africa-stateless\/2025\/02\/5f4c024c-img-20250221-wa0235-1024x683.jpg 1024w, https:\/\/www.greenpeace.org\/static\/planet4-africa-stateless\/2025\/02\/5f4c024c-img-20250221-wa0235-300x200.jpg 300w, https:\/\/www.greenpeace.org\/static\/planet4-africa-stateless\/2025\/02\/5f4c024c-img-20250221-wa0235-768x512.jpg 768w, https:\/\/www.greenpeace.org\/static\/planet4-africa-stateless\/2025\/02\/5f4c024c-img-20250221-wa0235-1536x1025.jpg 1536w, https:\/\/www.greenpeace.org\/static\/planet4-africa-stateless\/2025\/02\/5f4c024c-img-20250221-wa0235-2048x1366.jpg 2048w, https:\/\/www.greenpeace.org\/static\/planet4-africa-stateless\/2025\/02\/5f4c024c-img-20250221-wa0235-510x340.jpg 510w\" sizes=\"auto, (max-width: 1024px) 100vw, 1024px\" \/><\/figure>\n\n<p>L\u2019un des moments forts de la matin\u00e9e fut l\u2019atelier de dessin sous le th\u00e8me \u201cLa for\u00eat, les animaux, les cabanes et les hommes\u201d. Arm\u00e9s de crayons et de feutres, les enfants ont illustr\u00e9 leurs visions de la nature et exprim\u00e9 leur engagement \u00e0 travers l\u2019art.<\/p>\n\n<h2 class=\"wp-block-heading\"><strong>Former les d\u00e9fenseurs de la nature de demain<\/strong><\/h2>\n\n<figure class=\"wp-block-image size-large\"><img loading=\"lazy\" decoding=\"async\" width=\"1024\" height=\"683\" src=\"https:\/\/www.greenpeace.org\/static\/planet4-africa-stateless\/2025\/02\/7c948d2d-img-20250221-wa0253-1024x683.jpg\" alt=\"\" class=\"wp-image-57089\" srcset=\"https:\/\/www.greenpeace.org\/static\/planet4-africa-stateless\/2025\/02\/7c948d2d-img-20250221-wa0253-1024x683.jpg 1024w, https:\/\/www.greenpeace.org\/static\/planet4-africa-stateless\/2025\/02\/7c948d2d-img-20250221-wa0253-300x200.jpg 300w, https:\/\/www.greenpeace.org\/static\/planet4-africa-stateless\/2025\/02\/7c948d2d-img-20250221-wa0253-768x512.jpg 768w, https:\/\/www.greenpeace.org\/static\/planet4-africa-stateless\/2025\/02\/7c948d2d-img-20250221-wa0253-1536x1025.jpg 1536w, https:\/\/www.greenpeace.org\/static\/planet4-africa-stateless\/2025\/02\/7c948d2d-img-20250221-wa0253-2048x1366.jpg 2048w, https:\/\/www.greenpeace.org\/static\/planet4-africa-stateless\/2025\/02\/7c948d2d-img-20250221-wa0253-510x340.jpg 510w\" sizes=\"auto, (max-width: 1024px) 100vw, 1024px\" \/><\/figure>\n\n<p>L\u2019activit\u00e9 s\u2019est poursuivie avec une intervention de Dieudonn\u00e9 Lembongo sur les \u00e9co-gestes pour prot\u00e9ger l\u2019environnement au quotidien. Les \u00e9l\u00e8ves ont ensuite pr\u00e9sent\u00e9 leurs \u0153uvres&nbsp; qui mettaient en avant des messages forts en faveur de la nature.<\/p>\n\n<h2 class=\"wp-block-heading\"><strong>Un engagement symbolis\u00e9<\/strong><\/h2>\n\n<figure class=\"wp-block-image size-large\"><img loading=\"lazy\" decoding=\"async\" width=\"1024\" height=\"816\" src=\"https:\/\/www.greenpeace.org\/static\/planet4-africa-stateless\/2025\/02\/993471d0-img-20250221-wa0243-1024x816.jpg\" alt=\"\" class=\"wp-image-57087\" srcset=\"https:\/\/www.greenpeace.org\/static\/planet4-africa-stateless\/2025\/02\/993471d0-img-20250221-wa0243-1024x816.jpg 1024w, https:\/\/www.greenpeace.org\/static\/planet4-africa-stateless\/2025\/02\/993471d0-img-20250221-wa0243-300x239.jpg 300w, https:\/\/www.greenpeace.org\/static\/planet4-africa-stateless\/2025\/02\/993471d0-img-20250221-wa0243-768x612.jpg 768w, https:\/\/www.greenpeace.org\/static\/planet4-africa-stateless\/2025\/02\/993471d0-img-20250221-wa0243-1536x1225.jpg 1536w, https:\/\/www.greenpeace.org\/static\/planet4-africa-stateless\/2025\/02\/993471d0-img-20250221-wa0243-2048x1633.jpg 2048w, https:\/\/www.greenpeace.org\/static\/planet4-africa-stateless\/2025\/02\/993471d0-img-20250221-wa0243-1713x1366.jpg 1713w, https:\/\/www.greenpeace.org\/static\/planet4-africa-stateless\/2025\/02\/993471d0-img-20250221-wa0243-426x340.jpg 426w\" sizes=\"auto, (max-width: 1024px) 100vw, 1024px\" \/><\/figure>\n\n<p>Pour cl\u00f4turer cette journ\u00e9e inspirante, des pins de &#8220;Champions d\u2019\u00e9cole&#8221; ont \u00e9t\u00e9 remis aux \u00e9l\u00e8ves les plus engag\u00e9s. Une photo de groupe et des t\u00e9moignages d\u2019\u00e9l\u00e8ves et d\u2019enseignants ont marqu\u00e9 la fin de l\u2019\u00e9v\u00e9nement.<\/p>\n\n<figure class=\"wp-block-image size-large\"><img loading=\"lazy\" decoding=\"async\" width=\"1024\" height=\"632\" src=\"https:\/\/www.greenpeace.org\/static\/planet4-africa-stateless\/2025\/02\/52383e98-img-20250221-wa0165-1024x632.jpg\" alt=\"\" class=\"wp-image-57085\" srcset=\"https:\/\/www.greenpeace.org\/static\/planet4-africa-stateless\/2025\/02\/52383e98-img-20250221-wa0165-1024x632.jpg 1024w, https:\/\/www.greenpeace.org\/static\/planet4-africa-stateless\/2025\/02\/52383e98-img-20250221-wa0165-300x185.jpg 300w, https:\/\/www.greenpeace.org\/static\/planet4-africa-stateless\/2025\/02\/52383e98-img-20250221-wa0165-768x474.jpg 768w, https:\/\/www.greenpeace.org\/static\/planet4-africa-stateless\/2025\/02\/52383e98-img-20250221-wa0165-1536x949.jpg 1536w, https:\/\/www.greenpeace.org\/static\/planet4-africa-stateless\/2025\/02\/52383e98-img-20250221-wa0165-2048x1265.jpg 2048w, https:\/\/www.greenpeace.org\/static\/planet4-africa-stateless\/2025\/02\/52383e98-img-20250221-wa0165-510x315.jpg 510w\" sizes=\"auto, (max-width: 1024px) 100vw, 1024px\" \/><\/figure>\n\n<p>Cette journ\u00e9e a d\u00e9montr\u00e9 que les enfants sont des acteurs du changement et que la sensibilisation doit commencer d\u00e8s le plus jeune \u00e2ge. Prot\u00e9ger la for\u00eat, c\u2019est prot\u00e9ger notre avenir !&nbsp;<\/p>\n\n<figure class=\"wp-block-image size-large\"><img loading=\"lazy\" decoding=\"async\" width=\"683\" height=\"1024\" src=\"https:\/\/www.greenpeace.org\/static\/planet4-africa-stateless\/2025\/02\/3139ddf3-img-20250221-wa0278-683x1024.jpg\" alt=\"\" class=\"wp-image-57083\" srcset=\"https:\/\/www.greenpeace.org\/static\/planet4-africa-stateless\/2025\/02\/3139ddf3-img-20250221-wa0278-683x1024.jpg 683w, https:\/\/www.greenpeace.org\/static\/planet4-africa-stateless\/2025\/02\/3139ddf3-img-20250221-wa0278-200x300.jpg 200w, https:\/\/www.greenpeace.org\/static\/planet4-africa-stateless\/2025\/02\/3139ddf3-img-20250221-wa0278-768x1151.jpg 768w, https:\/\/www.greenpeace.org\/static\/planet4-africa-stateless\/2025\/02\/3139ddf3-img-20250221-wa0278-1025x1536.jpg 1025w, https:\/\/www.greenpeace.org\/static\/planet4-africa-stateless\/2025\/02\/3139ddf3-img-20250221-wa0278-1366x2048.jpg 1366w, https:\/\/www.greenpeace.org\/static\/planet4-africa-stateless\/2025\/02\/3139ddf3-img-20250221-wa0278-911x1366.jpg 911w, https:\/\/www.greenpeace.org\/static\/planet4-africa-stateless\/2025\/02\/3139ddf3-img-20250221-wa0278-227x340.jpg 227w, https:\/\/www.greenpeace.org\/static\/planet4-africa-stateless\/2025\/02\/3139ddf3-img-20250221-wa0278.jpg 1708w\" sizes=\"auto, (max-width: 683px) 100vw, 683px\" \/><\/figure>\n\n<p><\/p>\n\n<p class=\"has-beige-100-background-color has-background\"><strong>Contact:<\/strong><br><br>Raphael Mavambu, Communication et Media, <a href=\"mailto:rmavambu@greenpeace.org\">rmavambu@greenpeace.org<\/a>,<\/p>\n","protected":false},"excerpt":{"rendered":"<p>L\u2019e\u0301cole EDAP\/ISP-Mbandaka dans la province de l&#8217;Equateur en R\u00e9publique Democratique du Congo (RDC) a vibre\u0301 le vendredi 21 fe\u0301vrier 2025 au rythme d\u2019une sensibilisation environnementale pour \u00e9coliers lors d\u2019un atelier organise\u0301 par les volontaires de Greenpeace Afrique.<\/p>\n","protected":false},"author":83,"featured_media":57085,"comment_status":"closed","ping_status":"closed","sticky":false,"template":"","format":"standard","meta":{"_acf_changed":false,"ep_exclude_from_search":false,"p4_og_title":"","p4_og_description":"","p4_og_image":"https:\/\/www.greenpeace.org\/static\/planet4-africa-stateless\/2025\/02\/a424ab88-gp-africa-blog-25.02.2025.jpg","p4_og_image_id":"57100","p4_seo_canonical_url":"","p4_campaign_name":"","p4_local_project":"","p4_basket_name":"","p4_department":"","footnotes":""},"categories":[52],"tags":[54,55],"p4-page-type":[104],"class_list":["post-57082","post","type-post","status-publish","format-standard","has-post-thumbnail","hentry","category-proteger-lenvironnement","tag-forets","tag-rdc","p4-page-type-les-blogs"],"acf":[],"_links":{"self":[{"href":"https:\/\/www.greenpeace.org\/africa\/fr\/wp-json\/wp\/v2\/posts\/57082","targetHints":{"allow":["GET"]}}],"collection":[{"href":"https:\/\/www.greenpeace.org\/africa\/fr\/wp-json\/wp\/v2\/posts"}],"about":[{"href":"https:\/\/www.greenpeace.org\/africa\/fr\/wp-json\/wp\/v2\/types\/post"}],"author":[{"embeddable":true,"href":"https:\/\/www.greenpeace.org\/africa\/fr\/wp-json\/wp\/v2\/users\/83"}],"replies":[{"embeddable":true,"href":"https:\/\/www.greenpeace.org\/africa\/fr\/wp-json\/wp\/v2\/comments?post=57082"}],"version-history":[{"count":2,"href":"https:\/\/www.greenpeace.org\/africa\/fr\/wp-json\/wp\/v2\/posts\/57082\/revisions"}],"predecessor-version":[{"id":57102,"href":"https:\/\/www.greenpeace.org\/africa\/fr\/wp-json\/wp\/v2\/posts\/57082\/revisions\/57102"}],"wp:featuredmedia":[{"embeddable":true,"href":"https:\/\/www.greenpeace.org\/africa\/fr\/wp-json\/wp\/v2\/media\/57085"}],"wp:attachment":[{"href":"https:\/\/www.greenpeace.org\/africa\/fr\/wp-json\/wp\/v2\/media?parent=57082"}],"wp:term":[{"taxonomy":"category","embeddable":true,"href":"https:\/\/www.greenpeace.org\/africa\/fr\/wp-json\/wp\/v2\/categories?post=57082"},{"taxonomy":"post_tag","embeddable":true,"href":"https:\/\/www.greenpeace.org\/africa\/fr\/wp-json\/wp\/v2\/tags?post=57082"},{"taxonomy":"p4-page-type","embeddable":true,"href":"https:\/\/www.greenpeace.org\/africa\/fr\/wp-json\/wp\/v2\/p4-page-type?post=57082"}],"curies":[{"name":"wp","href":"https:\/\/api.w.org\/{rel}","templated":true}]}}