{"id":57212,"date":"2025-03-24T13:27:58","date_gmt":"2025-03-24T13:27:58","guid":{"rendered":"https:\/\/www.greenpeace.org\/africa\/?p=57212"},"modified":"2025-03-24T14:09:29","modified_gmt":"2025-03-24T14:09:29","slug":"a-kinshasa-greenpeace-afrique-celebre-la-journee-internationale-des-forets-sous-le-theme-ma-foret-mon-avenir","status":"publish","type":"post","link":"https:\/\/www.greenpeace.org\/africa\/fr\/communiques-de-presse\/57212\/a-kinshasa-greenpeace-afrique-celebre-la-journee-internationale-des-forets-sous-le-theme-ma-foret-mon-avenir\/","title":{"rendered":"A Kinshasa, Greenpeace Afrique c\u00e9l\u00e8bre la Journ\u00e9e Internationale des For\u00eats sous le th\u00e8me \u201cMa for\u00eat, mon avenir\u201d"},"content":{"rendered":"\n<figure class=\"wp-block-image size-full\"><img loading=\"lazy\" decoding=\"async\" width=\"613\" height=\"406\" src=\"https:\/\/www.greenpeace.org\/static\/planet4-africa-stateless\/2025\/03\/f3152d49-1-ma-foret-mon-avenir.png\" alt=\"\" class=\"wp-image-57216\" srcset=\"https:\/\/www.greenpeace.org\/static\/planet4-africa-stateless\/2025\/03\/f3152d49-1-ma-foret-mon-avenir.png 613w, https:\/\/www.greenpeace.org\/static\/planet4-africa-stateless\/2025\/03\/f3152d49-1-ma-foret-mon-avenir-300x199.png 300w, https:\/\/www.greenpeace.org\/static\/planet4-africa-stateless\/2025\/03\/f3152d49-1-ma-foret-mon-avenir-510x338.png 510w\" sizes=\"auto, (max-width: 613px) 100vw, 613px\" \/><\/figure>\n\n<p><strong>Kinshasa, 24 mars 2025 \u2013 <\/strong>Face \u00e0 l\u2019urgence \u00e9cologique, Greenpeace Afrique renforce son engagement aux c\u00f4t\u00e9s des communaut\u00e9s locales et des peuples autochtones pour la protection des for\u00eats du Bassin du Congo. \u00c0 l\u2019occasion de la Journ\u00e9e Internationale des For\u00eats, c\u00e9l\u00e9br\u00e9e chaque 21 mars, l\u2019organisation a marqu\u00e9 les esprits \u00e0 Kinshasa avec un message clair : pr\u00e9server ces for\u00eats, c\u2019est garantir l\u2019avenir des populations qui en d\u00e9pendent et du climat mondial.<\/p>\n\n<p>Sous le th\u00e8me <strong><em>\u201cMa for\u00eat, mon avenir\u201d<\/em><\/strong>, cet \u00e9v\u00e9nement a \u00e9t\u00e9 l\u2019occasion d\u2019un v\u00e9ritable dialogue avec les acteurs de terrain, ceux qui vivent et prot\u00e8gent ces \u00e9cosyst\u00e8mes au quotidien. Greenpeace Afrique a r\u00e9it\u00e9r\u00e9 sa d\u00e9termination \u00e0 soutenir leur combat contre la d\u00e9forestation, l\u2019exploitation industrielle abusive et l\u2019accaparement des terres, en appelant \u00e0 la cr\u00e9ation d\u2019une Journ\u00e9e r\u00e9gionale d\u00e9di\u00e9e au Bassin du Congo.<\/p>\n\n<h3 class=\"wp-block-heading\"><strong>Un cri d\u2019alarme et une vision d\u2019avenir<\/strong><\/h3>\n\n<p>Les militants de Greenpeace Afrique, aux c\u00f4t\u00e9s d\u2019experts et de d\u00e9fenseurs de l\u2019environnement, ont rappel\u00e9 une r\u00e9alit\u00e9 alarmante : la d\u00e9forestation et l\u2019exploitation industrielle menacent gravement le deuxi\u00e8me plus grand poumon vert de la plan\u00e8te. Mais loin du fatalisme, l\u2019\u00e9v\u00e9nement a port\u00e9 un message de d\u00e9termination et d\u2019innovation. Ateliers interactifs, d\u00e9bats inspirants et rencontres avec des leaders environnementaux ont offert aux participants des outils concrets pour agir.<\/p>\n\n<p><strong>Une fresque murale, symbole d\u2019un avenir \u00e0 prot\u00e9ger&nbsp;&nbsp;&nbsp;<\/strong><\/p>\n\n<figure class=\"wp-block-image size-full\"><img loading=\"lazy\" decoding=\"async\" width=\"612\" height=\"277\" src=\"https:\/\/www.greenpeace.org\/static\/planet4-africa-stateless\/2025\/03\/df7883ba-2-ma-foret-mon-avenir.png\" alt=\"\" class=\"wp-image-57218\" srcset=\"https:\/\/www.greenpeace.org\/static\/planet4-africa-stateless\/2025\/03\/df7883ba-2-ma-foret-mon-avenir.png 612w, https:\/\/www.greenpeace.org\/static\/planet4-africa-stateless\/2025\/03\/df7883ba-2-ma-foret-mon-avenir-300x136.png 300w, https:\/\/www.greenpeace.org\/static\/planet4-africa-stateless\/2025\/03\/df7883ba-2-ma-foret-mon-avenir-510x231.png 510w\" sizes=\"auto, (max-width: 612px) 100vw, 612px\" \/><\/figure>\n\n<p>Au c\u0153ur de cette mobilisation, une fresque murale participative a vu le jour, r\u00e9alis\u00e9e par des artistes locaux, des militants de Greenpeace Afrique et des habitants de Kinshasa. Cette \u0153uvre collective, reflet des espoirs et des luttes des communaut\u00e9s foresti\u00e8res, met en lumi\u00e8re l\u2019importance des for\u00eats du Bassin du Congo et les menaces qui p\u00e8sent sur elles.<\/p>\n\n<p>Plus qu\u2019une simple \u0153uvre artistique, cette fresque est un puissant vecteur de sensibilisation et de mobilisation. Elle illustre les ravages de l\u2019exploitation ill\u00e9gale du bois et de la d\u00e9forestation, dont les cons\u00e9quences se font sentir aussi bien sur le climat mondial que sur la survie des communaut\u00e9s locales. Elle incarne \u00e9galement un \u00e9lan d\u2019espoir et de r\u00e9silience, symbolisant un avenir o\u00f9 ces \u00e9cosyst\u00e8mes sont pr\u00e9serv\u00e9s gr\u00e2ce \u00e0 une gestion durable, inclusive et respectueuse des savoirs et des droits des peuples autochtones.<\/p>\n\n<p><strong>Vers une Journ\u00e9e du Bassin du Congo : un combat \u00e0 amplifier<\/strong><\/p>\n\n<figure class=\"wp-block-image size-full\"><img loading=\"lazy\" decoding=\"async\" width=\"615\" height=\"379\" src=\"https:\/\/www.greenpeace.org\/static\/planet4-africa-stateless\/2025\/03\/3a0e54df-3-ma-foret-mon-avenir.png\" alt=\"\" class=\"wp-image-57220\" srcset=\"https:\/\/www.greenpeace.org\/static\/planet4-africa-stateless\/2025\/03\/3a0e54df-3-ma-foret-mon-avenir.png 615w, https:\/\/www.greenpeace.org\/static\/planet4-africa-stateless\/2025\/03\/3a0e54df-3-ma-foret-mon-avenir-300x185.png 300w, https:\/\/www.greenpeace.org\/static\/planet4-africa-stateless\/2025\/03\/3a0e54df-3-ma-foret-mon-avenir-510x314.png 510w\" sizes=\"auto, (max-width: 615px) 100vw, 615px\" \/><\/figure>\n\n<p>Dans la continuit\u00e9 de son engagement de longue date aux c\u00f4t\u00e9s des peuples autochtones et des communaut\u00e9s locales, Greenpeace Afrique a lanc\u00e9 un appel fort aux gouvernements et aux institutions internationales : il est temps de reconna\u00eetre officiellement l\u2019importance strat\u00e9gique du Bassin du Congo et de cr\u00e9er une Journ\u00e9e r\u00e9gionale d\u00e9di\u00e9e \u00e0 sa pr\u00e9servation.<\/p>\n\n<p>\u201cLe Bassin du Congo est bien plus qu\u2019une simple for\u00eat ; c\u2019est un patrimoine mondial essentiel pour notre survie collective. En instaurant une journ\u00e9e r\u00e9gionale d\u00e9di\u00e9e au Bassin du Congo, nous pouvons mobiliser davantage d\u2019efforts pour prot\u00e9ger cet \u00e9cosyst\u00e8me face aux pressions croissantes li\u00e9es \u00e0 l\u2019exploitation industrielle et au changement climatique.\u201d insiste Bonaventure Bondo, responsable de la campagne For\u00eats chez Greenpeace Afrique.<\/p>\n\n<p>Cette journ\u00e9e r\u00e9gionale permettrait de renforcer la concertation entre gouvernements, organisations environnementales et communaut\u00e9s locales, en mettant en place des politiques de gestion inclusives, durables et respectueuses des droits de ceux qui vivent en harmonie avec ces for\u00eats depuis des g\u00e9n\u00e9rations.<\/p>\n\n<p><strong>L&#8217;enjeu majeur : Sensibiliser les communaut\u00e9s et mobiliser l&#8217;engagement citoyen<\/strong><\/p>\n\n<figure class=\"wp-block-image size-full\"><img loading=\"lazy\" decoding=\"async\" width=\"617\" height=\"447\" src=\"https:\/\/www.greenpeace.org\/static\/planet4-africa-stateless\/2025\/03\/cd983315-4-ma-foret-mon-avenir.png\" alt=\"\" class=\"wp-image-57222\" srcset=\"https:\/\/www.greenpeace.org\/static\/planet4-africa-stateless\/2025\/03\/cd983315-4-ma-foret-mon-avenir.png 617w, https:\/\/www.greenpeace.org\/static\/planet4-africa-stateless\/2025\/03\/cd983315-4-ma-foret-mon-avenir-300x217.png 300w, https:\/\/www.greenpeace.org\/static\/planet4-africa-stateless\/2025\/03\/cd983315-4-ma-foret-mon-avenir-469x340.png 469w\" sizes=\"auto, (max-width: 617px) 100vw, 617px\" \/><\/figure>\n\n<p>Au-del\u00e0 des plaidoyers institutionnels, Greenpeace Afrique mise sur l\u2019action locale et l\u2019engagement citoyen pour pr\u00e9server les for\u00eats. Lors de l&#8217;\u00e9v\u00e9nement, des ateliers interactifs ont permis d&#8217;explorer des solutions concr\u00e8tes telles que le d\u00e9veloppement de l\u2019agroforesterie, la promotion des \u00e9nergies alternatives pour r\u00e9duire la d\u00e9pendance au bois et le renforcement des droits fonciers des populations autochtones.<\/p>\n\n<figure class=\"wp-block-image size-full\"><img loading=\"lazy\" decoding=\"async\" width=\"617\" height=\"409\" src=\"https:\/\/www.greenpeace.org\/static\/planet4-africa-stateless\/2025\/03\/4efd809f-5-ma-foret-mon-avenir.png\" alt=\"\" class=\"wp-image-57224\" srcset=\"https:\/\/www.greenpeace.org\/static\/planet4-africa-stateless\/2025\/03\/4efd809f-5-ma-foret-mon-avenir.png 617w, https:\/\/www.greenpeace.org\/static\/planet4-africa-stateless\/2025\/03\/4efd809f-5-ma-foret-mon-avenir-300x199.png 300w, https:\/\/www.greenpeace.org\/static\/planet4-africa-stateless\/2025\/03\/4efd809f-5-ma-foret-mon-avenir-510x338.png 510w\" sizes=\"auto, (max-width: 617px) 100vw, 617px\" \/><\/figure>\n\n<p>Greenpeace Afrique r\u00e9it\u00e8re son engagement ind\u00e9fectible en faveur de la protection durable des for\u00eats africaines, tout en appelant toutes les parties prenantes \u2013 gouvernements locaux, organisations internationales, peuples autochtones et communaut\u00e9s locales \u2013 \u00e0 s&#8217;unir pour agir. La cr\u00e9ation d&#8217;une Journ\u00e9e r\u00e9gionale d\u00e9di\u00e9e au Bassin du Congo constituerait une \u00e9tape d\u00e9cisive pour renforcer la prise de conscience collective et mobiliser les ressources financi\u00e8res et humaines indispensables \u00e0 la sauvegarde de cet \u00e9cosyst\u00e8me vital.<\/p>\n\n<p>FIN<\/p>\n\n<p class=\"has-beige-100-background-color has-background\">Pour plus d\u2019informations ou demandes m\u00e9dias :<br><br><strong>Rapha\u00ebl Mavambu, <\/strong>Responsable M\u00e9dia &amp; Communication, <a href=\"mailto:rmavambu@greenpeace.org\">rmavambu@greenpeace.org<\/a>. Greenpeace Afrique<\/p>\n\n<p><\/p>\n","protected":false},"excerpt":{"rendered":"<p>Kinshasa, 24 mars 2025 \u2013 Face \u00e0 l\u2019urgence \u00e9cologique, Greenpeace Afrique renforce son engagement aux c\u00f4t\u00e9s des communaut\u00e9s locales et des peuples autochtones pour la protection des for\u00eats du Bassin du Congo.<\/p>\n","protected":false},"author":83,"featured_media":57214,"comment_status":"closed","ping_status":"closed","sticky":false,"template":"","format":"standard","meta":{"_acf_changed":false,"ep_exclude_from_search":false,"p4_og_title":"","p4_og_description":"","p4_og_image":"","p4_og_image_id":"","p4_seo_canonical_url":"","p4_campaign_name":"","p4_local_project":"","p4_basket_name":"","p4_department":"","footnotes":""},"categories":[52],"tags":[42,111,54],"p4-page-type":[51],"class_list":["post-57212","post","type-post","status-publish","format-standard","has-post-thumbnail","hentry","category-proteger-lenvironnement","tag-greenpeaceafrique","tag-drc-fr","tag-forets","p4-page-type-communiques-de-presse"],"acf":[],"_links":{"self":[{"href":"https:\/\/www.greenpeace.org\/africa\/fr\/wp-json\/wp\/v2\/posts\/57212","targetHints":{"allow":["GET"]}}],"collection":[{"href":"https:\/\/www.greenpeace.org\/africa\/fr\/wp-json\/wp\/v2\/posts"}],"about":[{"href":"https:\/\/www.greenpeace.org\/africa\/fr\/wp-json\/wp\/v2\/types\/post"}],"author":[{"embeddable":true,"href":"https:\/\/www.greenpeace.org\/africa\/fr\/wp-json\/wp\/v2\/users\/83"}],"replies":[{"embeddable":true,"href":"https:\/\/www.greenpeace.org\/africa\/fr\/wp-json\/wp\/v2\/comments?post=57212"}],"version-history":[{"count":1,"href":"https:\/\/www.greenpeace.org\/africa\/fr\/wp-json\/wp\/v2\/posts\/57212\/revisions"}],"predecessor-version":[{"id":57226,"href":"https:\/\/www.greenpeace.org\/africa\/fr\/wp-json\/wp\/v2\/posts\/57212\/revisions\/57226"}],"wp:featuredmedia":[{"embeddable":true,"href":"https:\/\/www.greenpeace.org\/africa\/fr\/wp-json\/wp\/v2\/media\/57214"}],"wp:attachment":[{"href":"https:\/\/www.greenpeace.org\/africa\/fr\/wp-json\/wp\/v2\/media?parent=57212"}],"wp:term":[{"taxonomy":"category","embeddable":true,"href":"https:\/\/www.greenpeace.org\/africa\/fr\/wp-json\/wp\/v2\/categories?post=57212"},{"taxonomy":"post_tag","embeddable":true,"href":"https:\/\/www.greenpeace.org\/africa\/fr\/wp-json\/wp\/v2\/tags?post=57212"},{"taxonomy":"p4-page-type","embeddable":true,"href":"https:\/\/www.greenpeace.org\/africa\/fr\/wp-json\/wp\/v2\/p4-page-type?post=57212"}],"curies":[{"name":"wp","href":"https:\/\/api.w.org\/{rel}","templated":true}]}}