{"id":577,"date":"2016-09-27T00:00:00","date_gmt":"2016-09-27T00:00:00","guid":{"rendered":"https:\/\/www.greenpeace.org\/africa\/non-classifiee\/577\/njeri-kabeberi\/"},"modified":"2019-11-06T08:23:24","modified_gmt":"2019-11-06T08:23:24","slug":"njeri-kabeberi","status":"publish","type":"post","link":"https:\/\/www.greenpeace.org\/africa\/fr\/communiques-de-presse\/577\/njeri-kabeberi\/","title":{"rendered":"Njeri Kabeberi"},"content":{"rendered":"<p><strong>nouvelle Directrice G\u00e9n\u00e9rale de Greenpeace Afrique<\/strong><\/p>\n<div class=\"leader\">Johannesburg, le 25 septembre 2016 : La K\u00e9nyane Njeri Kabeberi vient d\u2019\u00eatre nomm\u00e9e en tant que Directrice G\u00e9n\u00e9rale de Greenpeace Afrique, apr\u00e8s une recherche approfondie pour trouver la personne poss\u00e9dant une combinaison de comp\u00e9tences uniques pour ancrer plus solidement l\u2019organisation sur le continent africain.<\/div>\n<div>\n<p class=\"Body\"><img loading=\"lazy\" decoding=\"async\" class=\"\" style=\"margin-left: 10px; margin-right: 10px; float: left;\" src=\"https:\/\/www.greenpeace.org\/static\/planet4-africa-stateless\/2018\/10\/fea08e62-fea08e62-njeri_gp0stq59f_web_size.jpg\" alt=\"Njeri directrice de Greenpeace Afrique \" width=\"367\" height=\"525\" \/><\/p>\n<p>Selon le Conseil d\u2019administration de Greenpeace Afrique, les Africains sont avides d\u2019une nouvelle histoire, une avec une meilleure prise en compte de la nature, l\u2019humanit\u00e9, leurs moyens de subsistance, leur avenir et leur connexion \u00e0 la terre. \u201cIl \u00e9tait essentiel de trouver quelqu\u2019un qui incarne la passion, l\u2019activisme et comprend le contexte de la justice environnementale en Afrique et nous sommes convaincus que Njeri repr\u00e9sente cela\u201d, a d\u00e9clar\u00e9 le pr\u00e9sident du conseil d\u2019administration de Greenpeace Afrique, Brian Kagaro.<\/p>\n<p class=\"Body\">Greenpeace m\u00e8ne actuellement quatre campagnes cl\u00e9s sur le continent, pour prot\u00e9ger le bassin du Congo de la d\u00e9forestation \u00e0 grande \u00e9chelle, arr\u00eater la surp\u00eache en Afrique de l\u2019Ouest, promouvoir l\u2019agriculture \u00e9cologique dans l\u2018Est de l\u2019Afrique, ainsi que demander la disparition progressive des combustibles fossiles en faveur de sources d\u2019\u00e9nergie renouvelables en Afrique du Sud, afin d\u2019inverser les effets du changement climatique.<\/p>\n<p class=\"Body\">Riche d\u2019une longue exp\u00e9rience dans l\u2019activisme pour les droits de l\u2019Homme, Njeri va conduire Greenpeace Afrique dans un nouveau mouvement de justice environnementale pour les Africains et par les Africains.<\/p>\n<p class=\"Body\">\u201cNous continuerons \u00e0 travailler sur nos campagnes cl\u00e9s, mais plus encore, nous travaillerons en \u00e9troite collaboration avec les communaut\u00e9s pour veiller \u00e0 ce que nos campagnes parlent des r\u00e9alit\u00e9s locales sur le continent, et \u00e0 ce qu\u2019elles conduisent \u00e0 des changements concrets dans la vie de tous les jours des populations africaines\u201d, a d\u00e9clar\u00e9 la Directrice G\u00e9n\u00e9rale de Greenpeace Afrique, Njeri Kabeberi.<\/p>\n<p class=\"Body\">\u201cL\u2019Afrique a un r\u00f4le majeur \u00e0 jouer dans les efforts mondiaux visant \u00e0 inverser le changement climatique, la protection de sa vaste for\u00eat naturelle et la sauvegarde de ses riches oc\u00e9ans\u00a0. Il est important que le continent travaille ensemble pour pousser \u00e0 mettre fin \u00e0 l\u2019exploitation foresti\u00e8re ill\u00e9gale, la p\u00eache non durable et soutienne un passage de l\u2019agriculture industrielle \u00e0 l\u2019agriculture \u00e9cologique pour veiller \u00e0 ce que notre biodiversit\u00e9 soit prot\u00e9g\u00e9e\u201d, a ajout\u00e9 Njeri.<\/p>\n<p class=\"Body\">Njeri rejoint Greenpeace apr\u00e8s avoir servi en tant que Pr\u00e9sidente Directrice G\u00e9n\u00e9rale du Groupe de R\u00e9f\u00e9rence de la Soci\u00e9t\u00e9 Civile et en tant qu\u2019ancienne directrice du Centre pour la D\u00e9mocratie Multipartite. Elle est \u00e9galement membre du conseil d\u2019administration des conseillers de l\u2019Institut International pour la D\u00e9mocratie et l\u2019Assistance Electorale (IDEA) et pr\u00e9side le conseil d\u2019administration du Centre International pour la Politique et les Conflits.<\/p>\n<p class=\"Body\">Njeri est passionn\u00e9e de justice sociale et des droits des femmes, et en 2010, entre autres, a re\u00e7u le Prix Wedge de l\u2019Organisation Internationale du Travail (OIT). Elle poss\u00e8de \u00e9galement une vaste exp\u00e9rience de leadership et de gestion des Organisations Internationales Non Gouvernementales (OING), et a si\u00e9g\u00e9 au conseil de la Commission des droits de l\u2019Homme au Kenya pendant de nombreuses ann\u00e9es.<\/p>\n<p class=\"Body\"><strong>Contacts:<\/strong><\/p>\n<p class=\"Body\">makiy@greenpeace.org<script type=\"text\/javascript\"><!-- document.write(dc('Eoi_1', '88_B6_E9_A7_B4_A4_F1_E1_E3_C9_A8_EF_E6_E7_EA_C5_B6_AA_EF_FA_E7_A6_ED_EB_E9_ED_F8_E6_ED_ED_FA_EF_C8_F1_E1_E3_E9_E5_B2_E7_FC_E4_E1_E9_E5_AA_B5_EE_ED_FA_E0_A8_E9_B4'));\/\/--><\/script> Responsable Communication, Greenpeace Afrique +27 (0) 71 688 1274<\/p>\n<p class=\"Body\">hdena@greenpeace.org<script type=\"text\/javascript\"><!-- document.write(dc('Eoi_2', '2E_10_4F_01_12_4F_40_4B_6A_0E_40_4B_42_42_4B_66_10_0C_49_5C_41_00_4B_4D_4F_4B_5E_40_4B_4B_5C_49_6E_4F_40_4B_4A_46_14_41_5A_42_47_4F_43_0C_13_48_4B_5C_46_0E_4F_12'));\/\/--><\/script>, Charg\u00e9e des m\u00e9dias, Greenpeace Afrique, +254 (0) 70 805 6207<\/p>\n<\/div>\n","protected":false},"excerpt":{"rendered":"<div>\n\tJohannesburg, le 25 septembre 2016 : La K\u00e9nyane Njeri Kabeberi vient d\u2019\u00eatre nomm\u00e9e en tant que Directrice G\u00e9n\u00e9rale de Greenpeace Afrique, apr\u00e8s une recherche approfondie pour trouver la personne poss\u00e9dant une combinaison de comp\u00e9tences uniques pour ancrer plus solidement l\u2019organisation sur le continent africain.\n<\/div>\n","protected":false},"author":22,"featured_media":578,"comment_status":"open","ping_status":"open","sticky":false,"template":"","format":"standard","meta":{"_acf_changed":false,"ep_exclude_from_search":false,"p4_og_title":"","p4_og_description":"","p4_og_image":"","p4_og_image_id":"","p4_seo_canonical_url":"","p4_campaign_name":"","p4_local_project":"","p4_basket_name":"","p4_department":"","footnotes":""},"categories":[17],"tags":[42,41],"p4-page-type":[51],"class_list":["post-577","post","type-post","status-publish","format-standard","has-post-thumbnail","hentry","category-non-classifiee","tag-greenpeaceafrique","tag-decouvrir","p4-page-type-communiques-de-presse"],"acf":[],"_links":{"self":[{"href":"https:\/\/www.greenpeace.org\/africa\/fr\/wp-json\/wp\/v2\/posts\/577","targetHints":{"allow":["GET"]}}],"collection":[{"href":"https:\/\/www.greenpeace.org\/africa\/fr\/wp-json\/wp\/v2\/posts"}],"about":[{"href":"https:\/\/www.greenpeace.org\/africa\/fr\/wp-json\/wp\/v2\/types\/post"}],"author":[{"embeddable":true,"href":"https:\/\/www.greenpeace.org\/africa\/fr\/wp-json\/wp\/v2\/users\/22"}],"replies":[{"embeddable":true,"href":"https:\/\/www.greenpeace.org\/africa\/fr\/wp-json\/wp\/v2\/comments?post=577"}],"version-history":[{"count":3,"href":"https:\/\/www.greenpeace.org\/africa\/fr\/wp-json\/wp\/v2\/posts\/577\/revisions"}],"predecessor-version":[{"id":3354,"href":"https:\/\/www.greenpeace.org\/africa\/fr\/wp-json\/wp\/v2\/posts\/577\/revisions\/3354"}],"wp:featuredmedia":[{"embeddable":true,"href":"https:\/\/www.greenpeace.org\/africa\/fr\/wp-json\/wp\/v2\/media\/578"}],"wp:attachment":[{"href":"https:\/\/www.greenpeace.org\/africa\/fr\/wp-json\/wp\/v2\/media?parent=577"}],"wp:term":[{"taxonomy":"category","embeddable":true,"href":"https:\/\/www.greenpeace.org\/africa\/fr\/wp-json\/wp\/v2\/categories?post=577"},{"taxonomy":"post_tag","embeddable":true,"href":"https:\/\/www.greenpeace.org\/africa\/fr\/wp-json\/wp\/v2\/tags?post=577"},{"taxonomy":"p4-page-type","embeddable":true,"href":"https:\/\/www.greenpeace.org\/africa\/fr\/wp-json\/wp\/v2\/p4-page-type?post=577"}],"curies":[{"name":"wp","href":"https:\/\/api.w.org\/{rel}","templated":true}]}}