{"id":58645,"date":"2025-08-20T15:12:03","date_gmt":"2025-08-20T15:12:03","guid":{"rendered":"https:\/\/www.greenpeace.org\/africa\/?p=58645"},"modified":"2025-08-20T15:13:36","modified_gmt":"2025-08-20T15:13:36","slug":"les-negociations-sur-le-traite-pour-locean-reprennent-alors-que-les-appels-en-faveur-de-sanctuaires-en-haute-mer-sintensifient","status":"publish","type":"post","link":"https:\/\/www.greenpeace.org\/africa\/fr\/communique-de-presse\/58645\/les-negociations-sur-le-traite-pour-locean-reprennent-alors-que-les-appels-en-faveur-de-sanctuaires-en-haute-mer-sintensifient\/","title":{"rendered":"Les n\u00e9gociations sur le Trait\u00e9 pour l\u2019oc\u00e9an reprennent, alors que les appels en faveur de sanctuaires en haute mer s\u2019intensifient"},"content":{"rendered":"\n<p><strong>20 ao\u00fbt 2025, New York (\u00c9tats-Unis)<\/strong> \u2014 Les gouvernements sont de retour aux n\u00e9gociations du <strong>Trait\u00e9 mondial pour l\u2019oc\u00e9an<\/strong> apr\u00e8s la vague de ratifications enregistr\u00e9e lors de la Conf\u00e9rence des Nations unies sur l\u2019oc\u00e9an en juin. Le Trait\u00e9 devrait atteindre dans les prochains mois le nombre de ratifications requis pour son entr\u00e9e en vigueur.&nbsp;<\/p>\n\n<p>Connues sous le nom de deuxi\u00e8me Commission pr\u00e9paratoire BBNJ, les discussions qui se tiennent \u00e0 New York au cours des deux prochaines semaines constituent un moment cl\u00e9 pour instaurer la gouvernance n\u00e9cessaire \u00e0 la cr\u00e9ation d\u2019un r\u00e9seau de sanctuaires en haute mer. Les gouvernements doivent d\u00e9sormais s\u2019accorder sur le processus de cr\u00e9ation des premi\u00e8res aires prot\u00e9g\u00e9es au titre du Trait\u00e9 si nous voulons prot\u00e9ger 30 % des oc\u00e9ans d\u2019ici 2030 \u2014 un objectif jug\u00e9 indispensable par la communaut\u00e9 scientifique.<\/p>\n\n<p>Greenpeace et ses alli\u00e9s appellent \u00e0 une protection juste et \u00e9quitable de l\u2019oc\u00e9an et plaident pour des avanc\u00e9es sur des sites prioritaires dans l\u2019Atlantique et \u00e0 travers le monde.<\/p>\n\n<p>Au deuxi\u00e8me jour des pourparlers, Greenpeace a organis\u00e9 un \u00e9v\u00e9nement au si\u00e8ge des Nations unies avec des militant\u00b7es, des scientifiques et des membres de communaut\u00e9s autochtones. Ensemble, ils ont d\u00e9fendu la cr\u00e9ation de grandes nouvelles aires marines prot\u00e9g\u00e9es en haute mer, dans l\u2019Atlantique et ailleurs, qui contribueraient \u00e0 l\u2019objectif 30 x 30. L\u2019\u00e9v\u00e9nement, avec des intervenant\u00b7es des Bermudes, du Nig\u00e9ria et du Canada, a demand\u00e9 que l\u2019on reconnaisse et que l\u2019on renforce, avec int\u00e9grit\u00e9, les droits des communaut\u00e9s locales et autochtones, en permettant une co-gouvernance fond\u00e9e \u00e0 la fois sur le savoir scientifique et les connaissances traditionnelles. Cette approche ancr\u00e9e et inclusive garantira des aires marines prot\u00e9g\u00e9es \u00e0 la fois \u00e9cologiquement robustes et socialement justes.<\/p>\n\n<figure class=\"wp-block-image size-large\"><img loading=\"lazy\" decoding=\"async\" width=\"1024\" height=\"683\" src=\"https:\/\/www.greenpeace.org\/static\/planet4-africa-stateless\/2025\/08\/0f5a2ed0-gp0su6ipp-1024x683.jpg\" alt=\"UN Ocean Talks Side Event in New York. \u00a9 Stephanie Keith \/ Greenpeace\" class=\"wp-image-58646\" srcset=\"https:\/\/www.greenpeace.org\/static\/planet4-africa-stateless\/2025\/08\/0f5a2ed0-gp0su6ipp-1024x683.jpg 1024w, https:\/\/www.greenpeace.org\/static\/planet4-africa-stateless\/2025\/08\/0f5a2ed0-gp0su6ipp-300x200.jpg 300w, https:\/\/www.greenpeace.org\/static\/planet4-africa-stateless\/2025\/08\/0f5a2ed0-gp0su6ipp-768x512.jpg 768w, https:\/\/www.greenpeace.org\/static\/planet4-africa-stateless\/2025\/08\/0f5a2ed0-gp0su6ipp-510x340.jpg 510w, https:\/\/www.greenpeace.org\/static\/planet4-africa-stateless\/2025\/08\/0f5a2ed0-gp0su6ipp.jpg 1200w\" sizes=\"auto, (max-width: 1024px) 100vw, 1024px\" \/><\/figure>\n\n<p><strong>Noelle Young<\/strong>, \u00ab Sustainability Solutionist \u00bb et d\u00e9l\u00e9gu\u00e9e pour la justice environnementale (Bermudes), a d\u00e9clar\u00e9 :<br><em>\u00ab La mer des Sargasses doit devenir l\u2019une des premi\u00e8res aires marines prot\u00e9g\u00e9es de haute mer en vertu du Trait\u00e9 sur la haute mer. C\u2019est l\u2019une des zones les plus \u00e9tudi\u00e9es, racont\u00e9es et riches en donn\u00e9es de l\u2019oc\u00e9an mondial. une mer sans fronti\u00e8res, anim\u00e9e par les migrations d\u2019innombrables esp\u00e8ces. Les Bermudes sont la seule nation physiquement li\u00e9e \u00e0 la mer des Sargasses. Tout ce que nous sommes est profond\u00e9ment li\u00e9 \u00e0 la sant\u00e9 de ce syst\u00e8me oc\u00e9anique unique : de notre s\u00e9curit\u00e9 alimentaire et acc\u00e8s \u00e0 l\u2019eau douce \u00e0 la sant\u00e9 humaine et \u00e0 notre fragilit\u00e9 \u00e9conomique. Les Bermudes, aux c\u00f4t\u00e9s d\u2019autres juridictions insulaires infranationales, doivent obtenir l\u2019autorisation d\u2019aider \u00e0 orienter ce Trait\u00e9 vers une v\u00e9ritable justice environnementale. \u00c0 l\u2019image des courants qui se rejoignent dans une m\u00eame mer, les voix des p\u00eacheurs, des armateurs, des communaut\u00e9s locales et autochtones, des gouvernements et des ONG doivent converger pour guider notre avenir. \u00bb<\/em><\/p>\n\n<p><strong>Pr Babajide Alo<\/strong> (Nig\u00e9ria), conseiller scientifique et principal n\u00e9gociateur de l\u2019AGN pour le BBNJ, a d\u00e9clar\u00e9 :<br><em>\u00ab La science est claire : les sanctuaires jouent un r\u00f4le crucial pour pr\u00e9server la biodiversit\u00e9 et garantir la s\u00e9curit\u00e9 alimentaire de milliards de personnes qui d\u00e9pendent des ressources oc\u00e9aniques. L\u2019Afrique poss\u00e8de d\u2019immenses \u00e9cosyst\u00e8mes marins et c\u00f4tiers, dont des zones essentielles comme le golfe de Guin\u00e9e, la mer Rouge, l\u2019oc\u00e9an Indien occidental et l\u2019Atlantique Sud. Des scientifiques locaux autonomis\u00e9s sont la base de sanctuaires marins r\u00e9silients, \u00e9quitables et fond\u00e9s sur des preuves. L\u2019un des volets centraux du Trait\u00e9 BBNJ est le renforcement des capacit\u00e9s dans les pays en d\u00e9veloppement. Le Trait\u00e9 doit \u00eatre un outil pour engager de mani\u00e8re significative et renforcer les comp\u00e9tences scientifiques et techniques des chercheurs africains. Cela r\u00e9duira la d\u00e9pendance \u00e0 l\u2019\u00e9gard d\u2019experts externes et favorisera l\u2019appropriation locale des nouveaux sanctuaires marins. \u00bb<\/em><\/p>\n\n<p>Les discussions se pencheront aussi sur les points de blocage du Trait\u00e9 et sur sa capacit\u00e9 r\u00e9elle \u00e0 prot\u00e9ger 30 % des oc\u00e9ans d\u2019ici 2030. Le Trait\u00e9 doit pouvoir d\u00e9ployer des mesures rapidement, sans d\u00e9pendre d\u2019organismes comme certaines organisations r\u00e9gionales de gestion des p\u00eaches qui, depuis des d\u00e9cennies, ont laiss\u00e9 se poursuivre la d\u00e9gradation des oc\u00e9ans pour fournir le niveau de protection dont l\u2019oc\u00e9an a besoin. Les d\u00e9l\u00e9gu\u00e9s aborderont \u00e9galement la participation des observateurs aux futures Conf\u00e9rences des Parties (COP) du Trait\u00e9 pour l\u2019oc\u00e9an, une condition essentielle pour garantir la transparence et la participation \u00e9quitable de la soci\u00e9t\u00e9 civile, des Peuples autochtones et des communaut\u00e9s locales.<\/p>\n\n<p>Aucune d\u00e9cision finale ne sera prise lors de ces r\u00e9unions, mais elles commenceront \u00e0 d\u00e9bloquer ces points de contention. Ceux-ci seront d\u00e9terminants pour savoir si le Trait\u00e9 pourra instaurer des mesures de gestion efficaces en haute mer, y compris le niveau de protection des aires marines prot\u00e9g\u00e9es cr\u00e9\u00e9es au titre du Trait\u00e9.<\/p>\n\n<p><strong>Megan Randles<\/strong>, cheffe de d\u00e9l\u00e9gation pour Greenpeace, a d\u00e9clar\u00e9 :<br><em>\u00ab Pendant des ann\u00e9es, les points d\u2019achoppement du Trait\u00e9 sont rest\u00e9s en coulisses. Au cours de ces discussions, les gouvernements ont l\u2019occasion de r\u00e9soudre ces questions difficiles et d\u2019\u00e9viter que le Trait\u00e9 ne se <\/em><em>r\u00e9duise<\/em><em> <\/em><em>\u00e0 des<\/em><em> effets <\/em><em>d&#8217;annonce<\/em><em> : des zones prot\u00e9g\u00e9es sur le papier mais d\u00e9pourvues de mesures concr\u00e8tes pour stopper les activit\u00e9s humaines destructrices. Au contraire, le Trait\u00e9 doit r\u00e9volutionner la gouvernance des oc\u00e9ans en fermant de vastes zones \u00e0 l\u2019extraction et aux activit\u00e9s destructrices, et en prot\u00e9geant 30 % des oc\u00e9ans d\u2019ici 2030. \u00bb<\/em><\/p>\n\n<p>\u00c0 ce jour, 52 pays (plus l\u2019Union europ\u00e9enne) ont ratifi\u00e9 le Trait\u00e9 mondial pour l\u2019oc\u00e9an. 60 ratifications par des pays sont n\u00e9cessaires pour son entr\u00e9e en vigueur. Greenpeace exhorte les gouvernements \u00e0 ratifier le Trait\u00e9 au plus vite.<\/p>\n\n<p><strong>FIN<\/strong><\/p>\n\n<p class=\"has-beige-100-background-color has-background\"><strong>Notes aux r\u00e9dactions<\/strong><br><br>Des photos de l\u2019\u00e9v\u00e9nement sont disponibles dans la m\u00e9diath\u00e8que de&nbsp; Greenpeace.<br><br>Des porte-parole de Greenpeace sont disponibles en anglais, fran\u00e7ais et allemand pendant toute la Commission pr\u00e9paratoire. Merci de contacter <a href=\"mailto:indoye@greenpeace.org\"><strong>Ibrahima Ka Ndoye<\/strong><\/a><strong> <\/strong>pour plus d\u2019informations.<br><br><strong>Contacts presse<\/strong> :<br><br>Ibrahima Ka Ndoye &#8211; Coordonnateur des Communications Internationales,&nbsp;Email : <a href=\"mailto:indoye@greenpeace.org\">indoye@greenpeace.org<\/a><\/p>\n","protected":false},"excerpt":{"rendered":"<p>Les gouvernements sont de retour aux n\u00e9gociations du Trait\u00e9 mondial pour l\u2019oc\u00e9an apr\u00e8s la vague de ratifications enregistr\u00e9e lors de la Conf\u00e9rence des Nations unies sur l\u2019oc\u00e9an en juin.<\/p>\n","protected":false},"author":83,"featured_media":57700,"comment_status":"closed","ping_status":"closed","sticky":false,"template":"","format":"standard","meta":{"_acf_changed":false,"ep_exclude_from_search":false,"p4_og_title":"","p4_og_description":"","p4_og_image":"","p4_og_image_id":"","p4_seo_canonical_url":"","p4_campaign_name":"Oceans Are Life","p4_local_project":"","p4_basket_name":"Oceans","p4_department":"","footnotes":""},"categories":[52],"tags":[42,96],"p4-page-type":[127],"class_list":["post-58645","post","type-post","status-publish","format-standard","has-post-thumbnail","hentry","category-proteger-lenvironnement","tag-greenpeaceafrique","tag-oceans-fr","p4-page-type-communique-de-presse"],"acf":[],"_links":{"self":[{"href":"https:\/\/www.greenpeace.org\/africa\/fr\/wp-json\/wp\/v2\/posts\/58645","targetHints":{"allow":["GET"]}}],"collection":[{"href":"https:\/\/www.greenpeace.org\/africa\/fr\/wp-json\/wp\/v2\/posts"}],"about":[{"href":"https:\/\/www.greenpeace.org\/africa\/fr\/wp-json\/wp\/v2\/types\/post"}],"author":[{"embeddable":true,"href":"https:\/\/www.greenpeace.org\/africa\/fr\/wp-json\/wp\/v2\/users\/83"}],"replies":[{"embeddable":true,"href":"https:\/\/www.greenpeace.org\/africa\/fr\/wp-json\/wp\/v2\/comments?post=58645"}],"version-history":[{"count":2,"href":"https:\/\/www.greenpeace.org\/africa\/fr\/wp-json\/wp\/v2\/posts\/58645\/revisions"}],"predecessor-version":[{"id":58653,"href":"https:\/\/www.greenpeace.org\/africa\/fr\/wp-json\/wp\/v2\/posts\/58645\/revisions\/58653"}],"wp:featuredmedia":[{"embeddable":true,"href":"https:\/\/www.greenpeace.org\/africa\/fr\/wp-json\/wp\/v2\/media\/57700"}],"wp:attachment":[{"href":"https:\/\/www.greenpeace.org\/africa\/fr\/wp-json\/wp\/v2\/media?parent=58645"}],"wp:term":[{"taxonomy":"category","embeddable":true,"href":"https:\/\/www.greenpeace.org\/africa\/fr\/wp-json\/wp\/v2\/categories?post=58645"},{"taxonomy":"post_tag","embeddable":true,"href":"https:\/\/www.greenpeace.org\/africa\/fr\/wp-json\/wp\/v2\/tags?post=58645"},{"taxonomy":"p4-page-type","embeddable":true,"href":"https:\/\/www.greenpeace.org\/africa\/fr\/wp-json\/wp\/v2\/p4-page-type?post=58645"}],"curies":[{"name":"wp","href":"https:\/\/api.w.org\/{rel}","templated":true}]}}