{"id":58902,"date":"2025-09-17T11:58:00","date_gmt":"2025-09-17T11:58:00","guid":{"rendered":"https:\/\/www.greenpeace.org\/africa\/?p=58902"},"modified":"2025-09-23T09:41:37","modified_gmt":"2025-09-23T09:41:37","slug":"de-kinshasa-a-mbandaka-un-plaidoyer-qui-ouvre-les-portes-pour-lokolama","status":"publish","type":"post","link":"https:\/\/www.greenpeace.org\/africa\/fr\/les-blogs\/58902\/de-kinshasa-a-mbandaka-un-plaidoyer-qui-ouvre-les-portes-pour-lokolama\/","title":{"rendered":"De Kinshasa \u00e0 Mbandaka : un plaidoyer qui ouvre les portes pour Lokolama"},"content":{"rendered":"\n<div class=\"wp-block-query posts-list p4-query-loop is-custom-layout-list is-layout-flow wp-block-query-is-layout-flow\">\n\n<ul class=\"wp-block-post-template is-layout-flow wp-block-post-template-is-layout-flow\"><li class=\"wp-block-post post-58712 post type-post status-publish format-standard has-post-thumbnail hentry category-inspirer-le-mouvement tag-greenpeaceafrique tag-forets tag-rdc p4-page-type-communiques-de-presse\">\n\n<div class=\"wp-block-columns is-layout-flex wp-container-core-columns-is-layout-9d6595d7 wp-block-columns-is-layout-flex\"><figure class=\"wp-block-post-featured-image\"><a href=\"https:\/\/www.greenpeace.org\/africa\/fr\/communiques-de-presse\/58712\/carnet-de-voyage-au-coeur-du-bassin-du-congo-voix-et-espoirs-des-peuples-autochtones\/\" target=\"_self\"  ><img loading=\"lazy\" decoding=\"async\" width=\"960\" height=\"720\" src=\"https:\/\/www.greenpeace.org\/static\/planet4-africa-stateless\/2025\/08\/6c937047-voices-and-hopes-of-indigenous-peoples.jpg\" class=\"attachment-post-thumbnail size-post-thumbnail wp-post-image wp-stateless-item\" alt=\"Carnet de voyage au c\u0153ur du Bassin du Congo : voix et espoirs des Peuples Autochtones\" style=\"object-fit:cover;\" srcset=\"https:\/\/www.greenpeace.org\/static\/planet4-africa-stateless\/2025\/08\/6c937047-voices-and-hopes-of-indigenous-peoples.jpg 960w, https:\/\/www.greenpeace.org\/static\/planet4-africa-stateless\/2025\/08\/6c937047-voices-and-hopes-of-indigenous-peoples-300x225.jpg 300w, https:\/\/www.greenpeace.org\/static\/planet4-africa-stateless\/2025\/08\/6c937047-voices-and-hopes-of-indigenous-peoples-768x576.jpg 768w, https:\/\/www.greenpeace.org\/static\/planet4-africa-stateless\/2025\/08\/6c937047-voices-and-hopes-of-indigenous-peoples-453x340.jpg 453w\" sizes=\"auto, (max-width: 960px) 100vw, 960px\" data-image-size=\"post-thumbnail\" data-stateless-media-bucket=\"planet4-africa-stateless\" data-stateless-media-name=\"2025\/08\/6c937047-voices-and-hopes-of-indigenous-peoples.jpg\" \/><\/a><\/figure>\n\n\n<div class=\"wp-block-group is-layout-flow wp-block-group-is-layout-flow\">\n<div class=\"wp-block-group is-layout-flex wp-block-group-is-layout-flex\"><div class=\"wp-block-post-terms\"><a href=\"https:\/\/www.greenpeace.org\/africa\/fr\/category\/issues-fr\/inspirer-le-mouvement\/\">Inspirer le Mouvement<\/a><\/div>\n\n<div class=\"taxonomy-post_tag wp-block-post-terms\"><a href=\"https:\/\/www.greenpeace.org\/africa\/fr\/tag\/greenpeaceafrique\/\" rel=\"tag\">GreenpeaceAfrique<\/a><span class=\"wp-block-post-terms__separator\"> <\/span><a href=\"https:\/\/www.greenpeace.org\/africa\/fr\/tag\/forets\/\" rel=\"tag\">For\u00eats<\/a><span class=\"wp-block-post-terms__separator\"> <\/span><a href=\"https:\/\/www.greenpeace.org\/africa\/fr\/tag\/rdc\/\" rel=\"tag\">RDC<\/a><\/div><\/div>\n\n\n<h3 class=\"wp-block-post-title\"><a href=\"https:\/\/www.greenpeace.org\/africa\/fr\/communiques-de-presse\/58712\/carnet-de-voyage-au-coeur-du-bassin-du-congo-voix-et-espoirs-des-peuples-autochtones\/\" target=\"_self\" >Carnet de voyage au c\u0153ur du Bassin du Congo : voix et espoirs des Peuples Autochtones<\/a><\/h3>\n\n<div class=\"wp-block-post-excerpt\"><p class=\"wp-block-post-excerpt__excerpt\">En ao\u00fbt 2025, Greenpeace Afrique a men\u00e9 une exp\u00e9dition exceptionnelle au c\u0153ur du Bassin du Congo, dans les villages de Lokolama et Penz\u00e9l\u00e9, ainsi qu\u2019\u00e0 Mbandaka, en province de l\u2019\u00c9quateur. L\u2019objectif : \u201cdocumenter les solutions locales, renforcer les liens avec les communaut\u00e9s, amplifier leurs voix et c\u00e9l\u00e9brer la Journ\u00e9e internationale des Peuples Autochtones\u201d. <\/p><\/div>\n\n\n<div class=\"wp-block-group posts-list-meta is-layout-flow wp-block-group-is-layout-flow\"><span class='article-list-item-author'>Raphael Mavambu<\/span>\n\n<div class=\"wp-block-post-date\"><time datetime=\"2025-08-26T05:03:13+00:00\">26 August 2025<\/time><\/div><\/div>\n<\/div>\n<\/div>\n\n<\/li><\/ul>\n\n\n<div class=\"wp-block-buttons carousel-controls is-horizontal is-content-justification-space-between is-nowrap is-layout-flex wp-container-core-buttons-is-layout-044bd602 wp-block-buttons-is-layout-flex\">\n<div class=\"wp-block-button carousel-control-prev\"><button type=\"button\" class=\"wp-block-button__link wp-element-button\">Previous Carousel Slide<\/button><\/div>\n\n\n\n<div class=\"wp-block-button carousel-control-next\"><button type=\"button\" class=\"wp-block-button__link wp-element-button\">Next Carousel Slide<\/button><\/div>\n<\/div>\n<\/div>\n\n<p>Dans la lutte pour la protection des for\u00eats du Bassin du Congo, les victoires ne se gagnent pas uniquement dans les villages ou au c\u0153ur des tourbi\u00e8res. Elles se jouent aussi dans les couloirs du pouvoir. C\u2019est avec cette conviction que Greenpeace Afrique a port\u00e9 la voix des communaut\u00e9s autochtones de <strong>Lokolama<\/strong> jusque dans les bureaux officiels, de <strong>Kinshasa \u00e0 Mbandaka<\/strong>.<\/p>\n\n<h2 class=\"wp-block-heading\"><strong>Un obstacle administratif lev\u00e9<\/strong><\/h2>\n\n<p>Depuis plusieurs mois, une d\u00e9cision administrative emp\u00eachait Greenpeace Afrique de soutenir directement la communaut\u00e9 de Lokolama. Une mesure incomprise et injuste, qui paralysait des initiatives locales pourtant vitales pour la survie de la for\u00eat et le bien-\u00eatre de ses habitants.<\/p>\n\n<p>Face \u00e0 cette situation, notre \u00e9quipe a multipli\u00e9 les d\u00e9marches. Deux rencontres strat\u00e9giques ont eu lieu avec le <strong>Gouverneur de la province de l\u2019\u00c9quateur<\/strong>, l\u2019une \u00e0 Kinshasa et l\u2019autre \u00e0 Mbandaka. Lors de ces \u00e9changes, nous avons pr\u00e9sent\u00e9 un plaidoyer clair : <strong>lever les restrictions et permettre aux communaut\u00e9s de continuer leur travail de protection<\/strong>.<\/p>\n\n<h2 class=\"wp-block-heading\"><strong>Une avanc\u00e9e majeure<\/strong><\/h2>\n\n<p>\u00c0 la suite de ces discussions, une victoire a \u00e9t\u00e9 obtenue : <strong>la lev\u00e9e officielle de la d\u00e9cision<\/strong>. D\u00e9sormais, Greenpeace Afrique peut de nouveau accompagner les habitants de Lokolama dans leurs projets de gestion durable et de conservation des for\u00eats.<\/p>\n\n<p>Mais cette avanc\u00e9e ne s\u2019arr\u00eate pas l\u00e0. Un <strong>m\u00e9morandum d\u2019entente<\/strong> entre Lokolama et Penz\u00e9l\u00e9, deux communaut\u00e9s longtemps en conflit, doit encore \u00eatre finalis\u00e9 et soumis au Gouverneur pour sceller d\u00e9finitivement la r\u00e9conciliation et s\u00e9curiser l\u2019avenir de leurs for\u00eats.<\/p>\n\n<h2 class=\"wp-block-heading\"><strong>La politique au service des peuples<\/strong><\/h2>\n\n<p>Ce succ\u00e8s d\u00e9montre que le plaidoyer politique, quand il est ancr\u00e9 dans les r\u00e9alit\u00e9s des communaut\u00e9s, peut changer la donne. C\u2019est un rappel que <strong>les d\u00e9cisions prises dans les capitales doivent toujours refl\u00e9ter les besoins des populations qui vivent au contact direct de la for\u00eat<\/strong>.<\/p>\n\n<p><em>\u00ab Sans reconnaissance ni soutien, nos efforts sont vains. Mais avec des d\u00e9cisions justes, nous pouvons prot\u00e9ger nos for\u00eats et b\u00e2tir un avenir meilleur pour nos enfants \u00bb<\/em>, a affirm\u00e9 un leader de Lokolama apr\u00e8s l\u2019annonce.<\/p>\n\n<h2 class=\"wp-block-heading\"><strong>Un signal fort avant la COP30<\/strong><\/h2>\n\n<p>\u00c0 l\u2019approche de la COP30, cet \u00e9pisode envoie un message clair : la <strong>voix des peuples autochtones et des communaut\u00e9s locales doit \u00eatre entendue et respect\u00e9e<\/strong> \u00e0 tous les niveaux de gouvernance. Leur r\u00f4le n\u2019est pas secondaire : il est central pour l\u2019avenir du Bassin du Congo.<\/p>\n\n<div class=\"wp-block-query posts-list p4-query-loop is-custom-layout-list is-layout-flow wp-block-query-is-layout-flow\">\n<div class=\"wp-block-group is-content-justification-space-between is-layout-flex wp-container-core-group-is-layout-3d213aab wp-block-group-is-layout-flex\">\n<h2 class=\"wp-block-heading\">Related Posts<\/h2>\n\n\n<li class=\" wp-block-navigation-item see-all-link wp-block-navigation-link\"><a class=\"wp-block-navigation-item__content\"  href=\"https:\/\/www.greenpeace.org\/africa\/fr\/news-stories\/\"><span class=\"wp-block-navigation-item__label\">See all posts<\/span><\/a><\/li><\/div>\n\n\n\n<p style=\"margin-top:24px;margin-bottom:36px\"><\/p>\n\n\n\n\n<ul class=\"wp-block-post-template is-layout-flow wp-block-post-template-is-layout-flow\"><li class=\"wp-block-post post-58725 post type-post status-publish format-standard has-post-thumbnail hentry category-inspirer-le-mouvement tag-greenpeaceafrique tag-forets tag-rdc p4-page-type-les-blogs\">\n\n<div class=\"wp-block-columns is-layout-flex wp-container-core-columns-is-layout-9d6595d7 wp-block-columns-is-layout-flex\"><figure class=\"wp-block-post-featured-image\"><a href=\"https:\/\/www.greenpeace.org\/africa\/fr\/les-blogs\/58725\/lokolama-au-coeur-des-solutions-forestieres-autochtones-du-bassin-du-congo\/\" target=\"_self\"  ><img loading=\"lazy\" decoding=\"async\" width=\"1600\" height=\"900\" src=\"https:\/\/www.greenpeace.org\/static\/planet4-africa-stateless\/2025\/08\/d6b8b474-ip-1.jpg\" class=\"attachment-post-thumbnail size-post-thumbnail wp-post-image wp-stateless-item\" alt=\"Lokolama : Au c\u0153ur des solutions foresti\u00e8res autochtones du Bassin du Congo\" style=\"object-fit:cover;\" srcset=\"https:\/\/www.greenpeace.org\/static\/planet4-africa-stateless\/2025\/08\/d6b8b474-ip-1.jpg 1600w, https:\/\/www.greenpeace.org\/static\/planet4-africa-stateless\/2025\/08\/d6b8b474-ip-1-300x169.jpg 300w, https:\/\/www.greenpeace.org\/static\/planet4-africa-stateless\/2025\/08\/d6b8b474-ip-1-1024x576.jpg 1024w, https:\/\/www.greenpeace.org\/static\/planet4-africa-stateless\/2025\/08\/d6b8b474-ip-1-768x432.jpg 768w, https:\/\/www.greenpeace.org\/static\/planet4-africa-stateless\/2025\/08\/d6b8b474-ip-1-1536x864.jpg 1536w, https:\/\/www.greenpeace.org\/static\/planet4-africa-stateless\/2025\/08\/d6b8b474-ip-1-510x287.jpg 510w\" sizes=\"auto, (max-width: 1600px) 100vw, 1600px\" data-image-size=\"post-thumbnail\" data-stateless-media-bucket=\"planet4-africa-stateless\" data-stateless-media-name=\"2025\/08\/d6b8b474-ip-1.jpg\" \/><\/a><\/figure>\n\n\n<div class=\"wp-block-group is-layout-flow wp-block-group-is-layout-flow\">\n<div class=\"wp-block-group is-layout-flex wp-block-group-is-layout-flex\"><div class=\"wp-block-post-terms\"><a href=\"https:\/\/www.greenpeace.org\/africa\/fr\/category\/issues-fr\/inspirer-le-mouvement\/\">Inspirer le Mouvement<\/a><\/div>\n\n<div class=\"taxonomy-post_tag wp-block-post-terms\"><a href=\"https:\/\/www.greenpeace.org\/africa\/fr\/tag\/greenpeaceafrique\/\" rel=\"tag\">GreenpeaceAfrique<\/a><span class=\"wp-block-post-terms__separator\"> <\/span><a href=\"https:\/\/www.greenpeace.org\/africa\/fr\/tag\/forets\/\" rel=\"tag\">For\u00eats<\/a><span class=\"wp-block-post-terms__separator\"> <\/span><a href=\"https:\/\/www.greenpeace.org\/africa\/fr\/tag\/rdc\/\" rel=\"tag\">RDC<\/a><\/div><\/div>\n\n\n<h3 class=\"wp-block-post-title\"><a href=\"https:\/\/www.greenpeace.org\/africa\/fr\/les-blogs\/58725\/lokolama-au-coeur-des-solutions-forestieres-autochtones-du-bassin-du-congo\/\" target=\"_self\" >Lokolama : Au c\u0153ur des solutions foresti\u00e8res autochtones du Bassin du Congo<\/a><\/h3>\n\n<div class=\"wp-block-post-excerpt\"><p class=\"wp-block-post-excerpt__excerpt\">Au d\u00e9but du mois, je suis parti pour le village de Lokolama avec l&#8217;\u00e9quipe de Greenpeace Afrique, dans la province de l\u2019\u00c9quateur, pour une immersion au c\u0153ur du patrimoine vivant des peuples autochtones. <\/p><\/div>\n\n\n<div class=\"wp-block-group posts-list-meta is-layout-flow wp-block-group-is-layout-flow\"><span class='article-list-item-author'>Raphael Mavambu<\/span>\n\n<div class=\"wp-block-post-date\"><time datetime=\"2025-08-27T05:33:04+00:00\">27 August 2025<\/time><\/div><\/div>\n<\/div>\n<\/div>\n\n<\/li><li class=\"wp-block-post post-58789 post type-post status-publish format-standard has-post-thumbnail hentry category-inspirer-le-mouvement tag-greenpeaceafrique tag-forets tag-rdc p4-page-type-les-blogs\">\n\n<div class=\"wp-block-columns is-layout-flex wp-container-core-columns-is-layout-9d6595d7 wp-block-columns-is-layout-flex\"><figure class=\"wp-block-post-featured-image\"><a href=\"https:\/\/www.greenpeace.org\/africa\/fr\/les-blogs\/58789\/du-conflit-a-la-cooperation-quand-lokolama-et-penzele-tracent-ensemble-lavenir-de-leurs-forets\/\" target=\"_self\"  ><img loading=\"lazy\" decoding=\"async\" width=\"1600\" height=\"900\" src=\"https:\/\/www.greenpeace.org\/static\/planet4-africa-stateless\/2025\/09\/5a1e403f-raphael-blog-2-1.jpg\" class=\"attachment-post-thumbnail size-post-thumbnail wp-post-image wp-stateless-item\" alt=\"Du conflit \u00e0 la coop\u00e9ration : quand Lokolama et Penz\u00e9l\u00e9 tracent ensemble l\u2019avenir de leurs for\u00eats\" style=\"object-fit:cover;\" srcset=\"https:\/\/www.greenpeace.org\/static\/planet4-africa-stateless\/2025\/09\/5a1e403f-raphael-blog-2-1.jpg 1600w, https:\/\/www.greenpeace.org\/static\/planet4-africa-stateless\/2025\/09\/5a1e403f-raphael-blog-2-1-300x169.jpg 300w, https:\/\/www.greenpeace.org\/static\/planet4-africa-stateless\/2025\/09\/5a1e403f-raphael-blog-2-1-1024x576.jpg 1024w, https:\/\/www.greenpeace.org\/static\/planet4-africa-stateless\/2025\/09\/5a1e403f-raphael-blog-2-1-768x432.jpg 768w, https:\/\/www.greenpeace.org\/static\/planet4-africa-stateless\/2025\/09\/5a1e403f-raphael-blog-2-1-1536x864.jpg 1536w, https:\/\/www.greenpeace.org\/static\/planet4-africa-stateless\/2025\/09\/5a1e403f-raphael-blog-2-1-510x287.jpg 510w\" sizes=\"auto, (max-width: 1600px) 100vw, 1600px\" data-image-size=\"post-thumbnail\" data-stateless-media-bucket=\"planet4-africa-stateless\" data-stateless-media-name=\"2025\/09\/5a1e403f-raphael-blog-2-1.jpg\" \/><\/a><\/figure>\n\n\n<div class=\"wp-block-group is-layout-flow wp-block-group-is-layout-flow\">\n<div class=\"wp-block-group is-layout-flex wp-block-group-is-layout-flex\"><div class=\"wp-block-post-terms\"><a href=\"https:\/\/www.greenpeace.org\/africa\/fr\/category\/issues-fr\/inspirer-le-mouvement\/\">Inspirer le Mouvement<\/a><\/div>\n\n<div class=\"taxonomy-post_tag wp-block-post-terms\"><a href=\"https:\/\/www.greenpeace.org\/africa\/fr\/tag\/greenpeaceafrique\/\" rel=\"tag\">GreenpeaceAfrique<\/a><span class=\"wp-block-post-terms__separator\"> <\/span><a href=\"https:\/\/www.greenpeace.org\/africa\/fr\/tag\/forets\/\" rel=\"tag\">For\u00eats<\/a><span class=\"wp-block-post-terms__separator\"> <\/span><a href=\"https:\/\/www.greenpeace.org\/africa\/fr\/tag\/rdc\/\" rel=\"tag\">RDC<\/a><\/div><\/div>\n\n\n<h3 class=\"wp-block-post-title\"><a href=\"https:\/\/www.greenpeace.org\/africa\/fr\/les-blogs\/58789\/du-conflit-a-la-cooperation-quand-lokolama-et-penzele-tracent-ensemble-lavenir-de-leurs-forets\/\" target=\"_self\" >Du conflit \u00e0 la coop\u00e9ration : quand Lokolama et Penz\u00e9l\u00e9 tracent ensemble l\u2019avenir de leurs for\u00eats<\/a><\/h3>\n\n<div class=\"wp-block-post-excerpt\"><p class=\"wp-block-post-excerpt__excerpt\">Au c\u0153ur de la province de l\u2019\u00c9quateur, les villages de Lokolama et Penz\u00e9l\u00e9 partagent une m\u00eame mission : celle de prot\u00e9ger les for\u00eats qui nourrissent leurs familles et abritent une biodiversit\u00e9 exceptionnelle. <\/p><\/div>\n\n\n<div class=\"wp-block-group posts-list-meta is-layout-flow wp-block-group-is-layout-flow\"><span class='article-list-item-author'>Raphael Mavambu<\/span>\n\n<div class=\"wp-block-post-date\"><time datetime=\"2025-09-02T15:10:46+00:00\">2 September 2025<\/time><\/div><\/div>\n<\/div>\n<\/div>\n\n<\/li><li class=\"wp-block-post post-58844 post type-post status-publish format-standard has-post-thumbnail hentry category-inspirer-le-mouvement tag-greenpeaceafrique tag-forets tag-rdc p4-page-type-les-blogs\">\n\n<div class=\"wp-block-columns is-layout-flex wp-container-core-columns-is-layout-9d6595d7 wp-block-columns-is-layout-flex\"><figure class=\"wp-block-post-featured-image\"><a href=\"https:\/\/www.greenpeace.org\/africa\/fr\/les-blogs\/58844\/une-foret-sur-grand-ecran-quand-limage-rallume-la-flamme-de-la-protection-a-lokolama\/\" target=\"_self\"  ><img loading=\"lazy\" decoding=\"async\" width=\"1600\" height=\"901\" src=\"https:\/\/www.greenpeace.org\/static\/planet4-africa-stateless\/2025\/09\/5857fa7d-blog3-1.jpg\" class=\"attachment-post-thumbnail size-post-thumbnail wp-post-image wp-stateless-item\" alt=\"Une for\u00eat sur grand \u00e9cran : quand l\u2019image rallume la flamme de la protection \u00e0 Lokolama\" style=\"object-fit:cover;\" srcset=\"https:\/\/www.greenpeace.org\/static\/planet4-africa-stateless\/2025\/09\/5857fa7d-blog3-1.jpg 1600w, https:\/\/www.greenpeace.org\/static\/planet4-africa-stateless\/2025\/09\/5857fa7d-blog3-1-300x169.jpg 300w, https:\/\/www.greenpeace.org\/static\/planet4-africa-stateless\/2025\/09\/5857fa7d-blog3-1-1024x577.jpg 1024w, https:\/\/www.greenpeace.org\/static\/planet4-africa-stateless\/2025\/09\/5857fa7d-blog3-1-768x432.jpg 768w, https:\/\/www.greenpeace.org\/static\/planet4-africa-stateless\/2025\/09\/5857fa7d-blog3-1-1536x865.jpg 1536w, https:\/\/www.greenpeace.org\/static\/planet4-africa-stateless\/2025\/09\/5857fa7d-blog3-1-510x287.jpg 510w\" sizes=\"auto, (max-width: 1600px) 100vw, 1600px\" data-image-size=\"post-thumbnail\" data-stateless-media-bucket=\"planet4-africa-stateless\" data-stateless-media-name=\"2025\/09\/5857fa7d-blog3-1.jpg\" \/><\/a><\/figure>\n\n\n<div class=\"wp-block-group is-layout-flow wp-block-group-is-layout-flow\">\n<div class=\"wp-block-group is-layout-flex wp-block-group-is-layout-flex\"><div class=\"wp-block-post-terms\"><a href=\"https:\/\/www.greenpeace.org\/africa\/fr\/category\/issues-fr\/inspirer-le-mouvement\/\">Inspirer le Mouvement<\/a><\/div>\n\n<div class=\"taxonomy-post_tag wp-block-post-terms\"><a href=\"https:\/\/www.greenpeace.org\/africa\/fr\/tag\/greenpeaceafrique\/\" rel=\"tag\">GreenpeaceAfrique<\/a><span class=\"wp-block-post-terms__separator\"> <\/span><a href=\"https:\/\/www.greenpeace.org\/africa\/fr\/tag\/forets\/\" rel=\"tag\">For\u00eats<\/a><span class=\"wp-block-post-terms__separator\"> <\/span><a href=\"https:\/\/www.greenpeace.org\/africa\/fr\/tag\/rdc\/\" rel=\"tag\">RDC<\/a><\/div><\/div>\n\n\n<h3 class=\"wp-block-post-title\"><a href=\"https:\/\/www.greenpeace.org\/africa\/fr\/les-blogs\/58844\/une-foret-sur-grand-ecran-quand-limage-rallume-la-flamme-de-la-protection-a-lokolama\/\" target=\"_self\" >Une for\u00eat sur grand \u00e9cran : quand l\u2019image rallume la flamme de la protection \u00e0 Lokolama<\/a><\/h3>\n\n<div class=\"wp-block-post-excerpt\"><p class=\"wp-block-post-excerpt__excerpt\">Plus de 100 membres de la communaut\u00e9 se sont rassembl\u00e9s pour assister \u00e0 une projection sp\u00e9ciale consacr\u00e9e \u00e0 la for\u00eat du Bassin du Congo. <\/p><\/div>\n\n\n<div class=\"wp-block-group posts-list-meta is-layout-flow wp-block-group-is-layout-flow\"><span class='article-list-item-author'>Raphael Mavambu<\/span>\n\n<div class=\"wp-block-post-date\"><time datetime=\"2025-09-09T10:10:07+00:00\">9 September 2025<\/time><\/div><\/div>\n<\/div>\n<\/div>\n\n<\/li><\/ul>\n\n\n<div class=\"wp-block-buttons carousel-controls is-horizontal is-content-justification-space-between is-nowrap is-layout-flex wp-container-core-buttons-is-layout-044bd602 wp-block-buttons-is-layout-flex\">\n<div class=\"wp-block-button carousel-control-prev\"><button type=\"button\" class=\"wp-block-button__link wp-element-button\">Previous Carousel Slide<\/button><\/div>\n\n\n\n<div class=\"wp-block-button carousel-control-next\"><button type=\"button\" class=\"wp-block-button__link wp-element-button\">Next Carousel Slide<\/button><\/div>\n<\/div>\n\n\n<li class=\" wp-block-navigation-item see-all-link wp-block-navigation-link\"><a class=\"wp-block-navigation-item__content\"  href=\"https:\/\/www.greenpeace.org\/africa\/fr\/news-stories\/\"><span class=\"wp-block-navigation-item__label\">See all posts<\/span><\/a><\/li><\/div>\n\n<p><\/p>\n","protected":false},"excerpt":{"rendered":"<p>Dans la lutte pour la protection des for\u00eats du Bassin du Congo, les victoires ne se gagnent pas uniquement dans les villages ou au c\u0153ur des tourbi\u00e8res. Elles se jouent aussi dans les couloirs du pouvoir. <\/p>\n","protected":false},"author":83,"featured_media":58904,"comment_status":"closed","ping_status":"closed","sticky":false,"template":"","format":"standard","meta":{"_acf_changed":false,"ep_exclude_from_search":false,"p4_og_title":"","p4_og_description":"","p4_og_image":"","p4_og_image_id":"","p4_seo_canonical_url":"","p4_campaign_name":"","p4_local_project":"","p4_basket_name":"","p4_department":"","footnotes":""},"categories":[34],"tags":[42,54,55],"p4-page-type":[104],"class_list":["post-58902","post","type-post","status-publish","format-standard","has-post-thumbnail","hentry","category-inspirethemovement","tag-greenpeaceafrique","tag-forets","tag-rdc","p4-page-type-les-blogs"],"acf":[],"_links":{"self":[{"href":"https:\/\/www.greenpeace.org\/africa\/fr\/wp-json\/wp\/v2\/posts\/58902","targetHints":{"allow":["GET"]}}],"collection":[{"href":"https:\/\/www.greenpeace.org\/africa\/fr\/wp-json\/wp\/v2\/posts"}],"about":[{"href":"https:\/\/www.greenpeace.org\/africa\/fr\/wp-json\/wp\/v2\/types\/post"}],"author":[{"embeddable":true,"href":"https:\/\/www.greenpeace.org\/africa\/fr\/wp-json\/wp\/v2\/users\/83"}],"replies":[{"embeddable":true,"href":"https:\/\/www.greenpeace.org\/africa\/fr\/wp-json\/wp\/v2\/comments?post=58902"}],"version-history":[{"count":2,"href":"https:\/\/www.greenpeace.org\/africa\/fr\/wp-json\/wp\/v2\/posts\/58902\/revisions"}],"predecessor-version":[{"id":58937,"href":"https:\/\/www.greenpeace.org\/africa\/fr\/wp-json\/wp\/v2\/posts\/58902\/revisions\/58937"}],"wp:featuredmedia":[{"embeddable":true,"href":"https:\/\/www.greenpeace.org\/africa\/fr\/wp-json\/wp\/v2\/media\/58904"}],"wp:attachment":[{"href":"https:\/\/www.greenpeace.org\/africa\/fr\/wp-json\/wp\/v2\/media?parent=58902"}],"wp:term":[{"taxonomy":"category","embeddable":true,"href":"https:\/\/www.greenpeace.org\/africa\/fr\/wp-json\/wp\/v2\/categories?post=58902"},{"taxonomy":"post_tag","embeddable":true,"href":"https:\/\/www.greenpeace.org\/africa\/fr\/wp-json\/wp\/v2\/tags?post=58902"},{"taxonomy":"p4-page-type","embeddable":true,"href":"https:\/\/www.greenpeace.org\/africa\/fr\/wp-json\/wp\/v2\/p4-page-type?post=58902"}],"curies":[{"name":"wp","href":"https:\/\/api.w.org\/{rel}","templated":true}]}}