{"id":59118,"date":"2025-10-03T19:25:54","date_gmt":"2025-10-03T19:25:54","guid":{"rendered":"https:\/\/www.greenpeace.org\/africa\/?p=59118"},"modified":"2025-10-03T19:25:58","modified_gmt":"2025-10-03T19:25:58","slug":"la-reponse-cest-nous-appel-sans-fard-des-jeunes-autochtones-pour-le-climat-et-la-biodiversite","status":"publish","type":"post","link":"https:\/\/www.greenpeace.org\/africa\/fr\/communiques-de-presse\/59118\/la-reponse-cest-nous-appel-sans-fard-des-jeunes-autochtones-pour-le-climat-et-la-biodiversite\/","title":{"rendered":"La r\u00e9ponse, c\u2019est NOUS : appel sans fard des jeunes autochtones pour le climat et la biodiversit\u00e9\u00a0"},"content":{"rendered":"\n<figure class=\"wp-block-image size-full\"><img loading=\"lazy\" decoding=\"async\" width=\"800\" height=\"533\" src=\"https:\/\/www.greenpeace.org\/static\/planet4-africa-stateless\/2025\/10\/677fb640-the-answer-is-us-indigenous-youth-climate-and-biodiversity-message.jpg\" alt=\"\" class=\"wp-image-59120\" srcset=\"https:\/\/www.greenpeace.org\/static\/planet4-africa-stateless\/2025\/10\/677fb640-the-answer-is-us-indigenous-youth-climate-and-biodiversity-message.jpg 800w, https:\/\/www.greenpeace.org\/static\/planet4-africa-stateless\/2025\/10\/677fb640-the-answer-is-us-indigenous-youth-climate-and-biodiversity-message-300x200.jpg 300w, https:\/\/www.greenpeace.org\/static\/planet4-africa-stateless\/2025\/10\/677fb640-the-answer-is-us-indigenous-youth-climate-and-biodiversity-message-768x512.jpg 768w, https:\/\/www.greenpeace.org\/static\/planet4-africa-stateless\/2025\/10\/677fb640-the-answer-is-us-indigenous-youth-climate-and-biodiversity-message-510x340.jpg 510w\" sizes=\"auto, (max-width: 800px) 100vw, 800px\" \/><\/figure>\n\n<p><strong>Sorong, Papouasie occidentale \u2013 29 septembre 2025<\/strong> \u2013 Une nouvelle alliance mondiale des jeunes autochtones est n\u00e9e au c\u0153ur des for\u00eats tropicales de Papouasie occidentale. Pendant une semaine, 89 jeunes issus des sept r\u00e9gions coutumi\u00e8res de Papouasie, ainsi que des repr\u00e9sentants venus du Bassin du Congo, de l\u2019Amazonie et de Born\u00e9o, se sont rassembl\u00e9s au <strong>Camp des D\u00e9fenseurs de la For\u00eat<\/strong> \u00e0 Sira. Leur objectif : unir leurs voix pour d\u00e9fendre leurs terres, leurs droits et la plan\u00e8te face \u00e0 l\u2019urgence climatique et \u00e0 l\u2019effondrement de la biodiversit\u00e9.<\/p>\n\n<p>\u00c0 l\u2019approche des grandes n\u00e9gociations internationales sur le climat et la biodiversit\u00e9, les participants ont adopt\u00e9 la <strong>D\u00e9claration de Sira<\/strong>, un appel fort et sans \u00e9quivoque aux dirigeants mondiaux : reconna\u00eetre et prot\u00e9ger l\u00e9galement les droits des peuples autochtones, garantir leur inclusion dans les d\u00e9cisions, et assurer un acc\u00e8s direct aux financements climatiques pour celles et ceux qui sont les meilleurs gardiens des \u00e9cosyst\u00e8mes vitaux de la plan\u00e8te.<\/p>\n\n<p><em>\u00ab Du Bassin du Congo, de l\u2019Amazonie, de Born\u00e9o, du M\u00e9kong et de la Papouasie, nous faisons face aux m\u00eames menaces. Pendant trois jours, nous avons parl\u00e9 d\u2019une seule voix : d\u00e9fendre la Terre, exiger notre place \u00e0 la table des d\u00e9cisions et faire reconna\u00eetre nos savoirs traditionnels comme des solutions au changement climatique \u00bb,<\/em> a d\u00e9clar\u00e9 <strong>Gylain Mbale Mola<\/strong>, leader autochtone du Bassin du Congo.<\/p>\n\n<p>Pour <strong>Nabot Sreklefat<\/strong>, membre de la jeunesse autochtone Knasaimos, cette rencontre est historique :&nbsp;<\/p>\n\n<p><em>\u00ab Trop souvent, les voix des jeunes, et en particulier celles des jeunes autochtones,&nbsp; sont mises de c\u00f4t\u00e9. Ce camp est une source d\u2019inspiration immense. J\u2019esp\u00e8re que notre D\u00e9claration de Sira r\u00e9sonnera jusque dans les salles de n\u00e9gociation de la COP30. \u00bb<\/em><\/p>\n\n<p>De son c\u00f4t\u00e9, <strong>Bonaventure Bondo<\/strong>, charg\u00e9 de campagne Bassin du Congo pour Greenpeace Afrique, souligne l\u2019importance de ce moment :<\/p>\n\n<p><em>\u00ab La D\u00e9claration de Sira est un outil de plaidoyer incontournable. Elle incarne l\u2019engagement collectif des jeunes autochtones \u00e0 d\u00e9fendre leurs droits et \u00e0 exiger leur place dans la gouvernance mondiale du climat. \u00c0 l\u2019approche de la COP30, les dirigeants doivent l\u2019entendre et agir : soutenir celles et ceux qui, chaque jour, prot\u00e8gent nos for\u00eats, c\u2019est prot\u00e9ger l\u2019avenir de l\u2019humanit\u00e9. \u00bb<\/em><\/p>\n\n<p>&nbsp;Lire la D\u00e9claration de Sira en <a href=\"https:\/\/docs.google.com\/document\/d\/1YLD31g8T7oHtcR1c0zDiZCzDLuvrQ620TEvOdYzgqto\/edit?usp=sharing\">fran\u00e7ais<br><\/a>Photos et vid\u00e9os <a href=\"https:\/\/media.greenpeace.org\/asset-management\/27MZIFJR6F8BJ?&amp;WS=SearchResults&amp;Flat=FP\">disponibles<\/a><\/p>\n","protected":false},"excerpt":{"rendered":"<p>Une nouvelle alliance mondiale des jeunes autochtones est n\u00e9e au c\u0153ur des for\u00eats tropicales de Papouasie occidentale. Pendant une semaine, 89 jeunes issus des sept r\u00e9gions coutumi\u00e8res de Papouasie, ainsi que des repr\u00e9sentants venus du Bassin du Congo, de l\u2019Amazonie et de Born\u00e9o, se sont rassembl\u00e9s au Camp des D\u00e9fenseurs de la For\u00eat \u00e0 Sira.<\/p>\n","protected":false},"author":83,"featured_media":59120,"comment_status":"closed","ping_status":"closed","sticky":false,"template":"","format":"standard","meta":{"_acf_changed":false,"ep_exclude_from_search":false,"p4_og_title":"","p4_og_description":"","p4_og_image":"","p4_og_image_id":"","p4_seo_canonical_url":"","p4_campaign_name":"","p4_local_project":"","p4_basket_name":"","p4_department":"","footnotes":""},"categories":[57],"tags":[42,54],"p4-page-type":[51],"class_list":["post-59118","post","type-post","status-publish","format-standard","has-post-thumbnail","hentry","category-inspirer-le-mouvement","tag-greenpeaceafrique","tag-forets","p4-page-type-communiques-de-presse"],"acf":[],"_links":{"self":[{"href":"https:\/\/www.greenpeace.org\/africa\/fr\/wp-json\/wp\/v2\/posts\/59118","targetHints":{"allow":["GET"]}}],"collection":[{"href":"https:\/\/www.greenpeace.org\/africa\/fr\/wp-json\/wp\/v2\/posts"}],"about":[{"href":"https:\/\/www.greenpeace.org\/africa\/fr\/wp-json\/wp\/v2\/types\/post"}],"author":[{"embeddable":true,"href":"https:\/\/www.greenpeace.org\/africa\/fr\/wp-json\/wp\/v2\/users\/83"}],"replies":[{"embeddable":true,"href":"https:\/\/www.greenpeace.org\/africa\/fr\/wp-json\/wp\/v2\/comments?post=59118"}],"version-history":[{"count":1,"href":"https:\/\/www.greenpeace.org\/africa\/fr\/wp-json\/wp\/v2\/posts\/59118\/revisions"}],"predecessor-version":[{"id":59122,"href":"https:\/\/www.greenpeace.org\/africa\/fr\/wp-json\/wp\/v2\/posts\/59118\/revisions\/59122"}],"wp:featuredmedia":[{"embeddable":true,"href":"https:\/\/www.greenpeace.org\/africa\/fr\/wp-json\/wp\/v2\/media\/59120"}],"wp:attachment":[{"href":"https:\/\/www.greenpeace.org\/africa\/fr\/wp-json\/wp\/v2\/media?parent=59118"}],"wp:term":[{"taxonomy":"category","embeddable":true,"href":"https:\/\/www.greenpeace.org\/africa\/fr\/wp-json\/wp\/v2\/categories?post=59118"},{"taxonomy":"post_tag","embeddable":true,"href":"https:\/\/www.greenpeace.org\/africa\/fr\/wp-json\/wp\/v2\/tags?post=59118"},{"taxonomy":"p4-page-type","embeddable":true,"href":"https:\/\/www.greenpeace.org\/africa\/fr\/wp-json\/wp\/v2\/p4-page-type?post=59118"}],"curies":[{"name":"wp","href":"https:\/\/api.w.org\/{rel}","templated":true}]}}