{"id":59295,"date":"2025-10-14T13:28:10","date_gmt":"2025-10-14T13:28:10","guid":{"rendered":"https:\/\/www.greenpeace.org\/africa\/?p=59295"},"modified":"2025-10-21T13:41:00","modified_gmt":"2025-10-21T13:41:00","slug":"militant-des-campagnes-forets-et-de-la-biodiversite","status":"publish","type":"post","link":"https:\/\/www.greenpeace.org\/africa\/fr\/emplois-1\/59295\/militant-des-campagnes-forets-et-de-la-biodiversite\/","title":{"rendered":"Militant des Campagnes For\u00eats et de la Biodiversit\u00e9"},"content":{"rendered":"\n<p><strong>Titre <\/strong>: Militant des Campagnes For\u00eats et de la Biodiversit\u00e9<\/p>\n\n<p><strong>D\u00e9partement <\/strong>: Programmes<\/p>\n\n<p><strong>Dur\u00e9e <\/strong>: Contrat \u00e0 dur\u00e9e ind\u00e9termin\u00e9e<\/p>\n\n<p><strong>Rattach\u00e9 au: <\/strong>Responsable des campagnes For\u00eats et de la biodiversit\u00e9<\/p>\n\n<p><strong>Localisation : <\/strong>Cameroun<\/p>\n\n<hr class=\"wp-block-separator has-alpha-channel-opacity\"\/>\n\n<h2 class=\"wp-block-heading\"><strong>Objectif du r\u00f4le<\/strong><\/h2>\n\n<p>Le\/La charg\u00e9(e) de campagne For\u00eats et Biodiversit\u00e9 contribuera \u00e0 la planification strat\u00e9gique et \u00e0 la mise en \u0153uvre des actions de la campagne For\u00eats et Biodiversit\u00e9 du GPAF gr\u00e2ce \u00e0 une approche int\u00e9gr\u00e9e permettant de collecter des fonds et de mobiliser le public afin de cr\u00e9er un contre-pouvoir efficace. Il\/Elle collabore avec le\/la responsable de la campagne For\u00eats et Biodiversit\u00e9 pour concevoir des campagnes fond\u00e9es sur des donn\u00e9es probantes, en \u00e9troite collaboration avec diff\u00e9rentes \u00e9quipes afin d&#8217;assurer l&#8217;efficacit\u00e9 des actions For\u00eats et Biodiversit\u00e9. Il\/Elle suivra les nouvelles opportunit\u00e9s d&#8217;action en mati\u00e8re de biodiversit\u00e9 et de climat dans le paysage africain, analysera les tendances et soumettra des suggestions au GPAf pour y r\u00e9pondre. Il\/Elle travaillera \u00e9galement en \u00e9troite collaboration avec les responsables de campagne concern\u00e9s pour \u00e9laborer des strat\u00e9gies de r\u00e9ponse multisectorielles.<\/p>\n\n<p>Ce poste implique efficacement les principales parties prenantes, notamment les gouvernements, les entreprises, les avocats, les agriculteurs, les m\u00e9dias et la soci\u00e9t\u00e9 civile, en coordination avec le\/la responsable For\u00eats et Biodiversit\u00e9 pour la mise en \u0153uvre des interventions de campagne. Le\/La charg\u00e9(e) de campagne For\u00eats et Biodiversit\u00e9 contribue aux processus du cycle de gestion de projet pour les activit\u00e9s For\u00eats et Biodiversit\u00e9, de l&#8217;\u00e9valuation \u00e0 la r\u00e9daction du rapport.<\/p>\n\n<h2 class=\"wp-block-heading\"><strong>Fonctions principales<\/strong><\/h2>\n\n<p><strong>Planification et mise en \u0153uvre des travaux du projet<\/strong><\/p>\n\n<ul class=\"wp-block-list\">\n<li>Contribuer \u00e0 l\u2019\u00e9laboration et \u00e0 la mise en \u0153uvre de la strat\u00e9gie For\u00eats et Biodiversit\u00e9.<\/li>\n\n\n\n<li>Assurer la planification et l&#8217;ex\u00e9cution efficaces des activit\u00e9s du projet, conform\u00e9ment \u00e0 la strat\u00e9gie de campagne. Planifier et ex\u00e9cuter les activit\u00e9s de campagne, le travail m\u00e9diatique, la recherche, le travail politique et institutionnel, ainsi que l&#8217;utilisation d&#8217;approches juridiques et scientifiques, en collaboration avec les \u00e9quipes concern\u00e9es.<\/li>\n\n\n\n<li>Assure que les activit\u00e9s du projet sont communiqu\u00e9es d\u2019une mani\u00e8re qui trouve un \u00e9cho aupr\u00e8s des publics cibles.<\/li>\n\n\n\n<li>Assure que des rapports\/r\u00e9sultats scientifiques\/soumissions de haute qualit\u00e9 sont produits et utilis\u00e9s comme outils de campagne<\/li>\n<\/ul>\n\n<p><strong>Gestion de projet<\/strong><\/p>\n\n<ul class=\"wp-block-list\">\n<li>Contribue aux processus du cycle de projet, y compris la planification, la mise en \u0153uvre, le suivi et l&#8217;\u00e9tablissement de rapports, en veillant \u00e0 ce que le travail de la campagne refl\u00e8te la qualit\u00e9, la rapidit\u00e9 et l&#8217;efficacit\u00e9.<\/li>\n\n\n\n<li>Pr\u00e9parer et mettre en \u0153uvre un plan de travail individuel avec des objectifs de performance mesurables sur la mani\u00e8re dont le r\u00f4le contribue aux r\u00e9sultats des for\u00eats et de la biodiversit\u00e9.<\/li>\n\n\n\n<li>Assure la soumission en temps voulu des r\u00e9sultats au responsable de la campagne pour consolidation.<\/li>\n\n\n\n<li>Contribue \u00e0 l\u2019\u00e9laboration, \u00e0 la planification et \u00e0 la mise en \u0153uvre de la strat\u00e9gie d\u2019engagement et de collecte de fonds li\u00e9e aux travaux de projet pertinents.<\/li>\n<\/ul>\n\n<p><strong>R\u00e9activit\u00e9<\/strong><\/p>\n\n<ul class=\"wp-block-list\">\n<li>Les opportunit\u00e9s r\u00e9actives sont identifi\u00e9es et les activit\u00e9s de campagne sont planifi\u00e9es et ex\u00e9cut\u00e9es en temps opportun pour progresser sur la ToC.<\/li>\n\n\n\n<li>Veille \u00e0 ce que Greenpeace Afrique puisse r\u00e9pondre efficacement aux opportunit\u00e9s strat\u00e9giques et influencer le d\u00e9veloppement de la l\u00e9gislation et des pratiques nationales et internationales pertinentes.<\/li>\n<\/ul>\n\n<p><strong>Cr\u00e9ation de r\u00e9seaux externes et communication<\/strong><\/p>\n\n<ul class=\"wp-block-list\">\n<li>\u00c9tablir une communication et assurer une collaboration avec les autorit\u00e9s locales, les organismes internationaux, les ONG, les partenaires, les avocats, les dirigeants communautaires et toutes les autres parties prenantes importantes au sein de chaque projet, selon les besoins.<\/li>\n\n\n\n<li>Repr\u00e9senter Greenpeace Afrique lors des r\u00e9unions, \u00e9tablir la communication et assurer la collaboration avec les autorit\u00e9s locales, les organismes internationaux, les ONG, les partenaires, les avocats, les dirigeants communautaires et toutes les autres parties prenantes importantes selon les besoins en coordination avec l&#8217;\u00e9quipe For\u00eats et Biodiversit\u00e9.<\/li>\n\n\n\n<li>D\u00e9velopper, construire des alliances et entretenir de bonnes relations avec d\u2019autres ONG et d\u2019autres groupes concern\u00e9s.<\/li>\n\n\n\n<li>En collaboration avec l&#8217;\u00e9quipe d&#8217;engagement de Greenpeace Afrique, concevoir, cr\u00e9er et utiliser une gamme d&#8217;outils de communication (actions directes, communication directe, m\u00e9dias traditionnels et nouveaux, fiches d&#8217;information et informations publiques) pour communiquer avec les publics cibles et atteindre les objectifs de la campagne.<\/li>\n\n\n\n<li>Pr\u00e9parez des notes d\u2019information et des mises \u00e0 jour substantielles pour informer le personnel, les m\u00e9dias et les parties prenantes sur les probl\u00e8mes sp\u00e9cifiques de la campagne, les progr\u00e8s et les r\u00e9sultats.<\/li>\n<\/ul>\n\n<h2 class=\"wp-block-heading\"><strong>Qualifications et exp\u00e9riences<\/strong><\/h2>\n\n<ul class=\"wp-block-list\">\n<li>Dipl\u00f4me universitaire en sciences sociales, politiques, d\u00e9veloppement, biodiversit\u00e9 ou domaine connexe.<\/li>\n<\/ul>\n\n<ul class=\"wp-block-list\">\n<li>Connaissance du paysage PESTLE du bassin du Congo.<\/li>\n\n\n\n<li>Exp\u00e9rience de travail au sein d&#8217;une \u00e9quipe internationale et multiculturelle.<\/li>\n\n\n\n<li>Un fort \u00e9tat d\u2019esprit panafricain.<\/li>\n\n\n\n<li>Capacit\u00e9 \u00e0 \u00eatre r\u00e9actif aux \u00e9v\u00e9nements ext\u00e9rieurs.<\/li>\n\n\n\n<li>Connaissance du cycle de gestion de projet.<\/li>\n\n\n\n<li>Capacit\u00e9 \u00e0 n\u00e9gocier, \u00e0 \u00e9tablir un consensus, \u00e0 r\u00e9unir diverses parties prenantes et \u00e0 faciliter le dialogue vers des r\u00e9sultats mutuels.<\/li>\n\n\n\n<li>Connaissances et\/ou exp\u00e9rience en mati\u00e8re de campagnes, de contenu de plaidoyer cr\u00e9atif, d\u2019ex\u00e9cution de strat\u00e9gies, de lobbying et de projets de d\u00e9marchage.<\/li>\n\n\n\n<li>Ma\u00eetrise du fran\u00e7ais oral et \u00e9crit requise, la connaissance de l\u2019anglais est recommand\u00e9e.<\/li>\n<\/ul>\n\n<p><em>Greenpeace Afrique est une organisation qui \u0153uvre pour l\u2019\u00e9galit\u00e9 des chances et qui s\u2019engage \u00e0 promouvoir la diversit\u00e9 au sein de son organisation.<\/em><em> <\/em><em>main-d&#8217;\u0153uvre, <\/em><em>ind\u00e9pendamment <\/em><em>du sexe, de la nationalit\u00e9, du handicap, de l&#8217;orientation sexuelle, de la culture, de la religion et<\/em><em> <\/em><em>origine ethnique .<\/em><em>&nbsp;<\/em><\/p>\n\n<p><em>Les candidats qualifi\u00e9s int\u00e9ress\u00e9s doivent envoyer une lettre de motivation et un CV \u00e0 <\/em><a href=\"mailto:rafrica@greenpeace.org\"><em>rafrica@greenpeace.org <\/em><\/a><em>avec la ligne d&#8217;objet &#8211;<\/em><strong><em> Envoyez votre message \u00ab Militants des campagnes For\u00eats et de la biodiversit\u00e9 \u00bb <\/em><\/strong><em><em>En raison de l\u2019urgence de ce poste, les candidatures seront examin\u00e9es au fur et \u00e0 mesure que nous les recevrons.<\/em><\/em><\/p>\n","protected":false},"excerpt":{"rendered":"<p>Opportunit\u00e9 d\u2019emploi: Militant des Campagnes For\u00eats et de la Biodiversit\u00e9<\/p>\n","protected":false},"author":83,"featured_media":3893,"comment_status":"closed","ping_status":"closed","sticky":false,"template":"","format":"standard","meta":{"_acf_changed":false,"ep_exclude_from_search":false,"p4_og_title":"","p4_og_description":"","p4_og_image":"","p4_og_image_id":"","p4_seo_canonical_url":"","p4_campaign_name":"","p4_local_project":"","p4_basket_name":"","p4_department":"","footnotes":""},"categories":[133],"tags":[42],"p4-page-type":[132],"class_list":["post-59295","post","type-post","status-publish","format-standard","has-post-thumbnail","hentry","category-travaille-avec-nous","tag-greenpeaceafrique","p4-page-type-emplois-1"],"acf":[],"_links":{"self":[{"href":"https:\/\/www.greenpeace.org\/africa\/fr\/wp-json\/wp\/v2\/posts\/59295","targetHints":{"allow":["GET"]}}],"collection":[{"href":"https:\/\/www.greenpeace.org\/africa\/fr\/wp-json\/wp\/v2\/posts"}],"about":[{"href":"https:\/\/www.greenpeace.org\/africa\/fr\/wp-json\/wp\/v2\/types\/post"}],"author":[{"embeddable":true,"href":"https:\/\/www.greenpeace.org\/africa\/fr\/wp-json\/wp\/v2\/users\/83"}],"replies":[{"embeddable":true,"href":"https:\/\/www.greenpeace.org\/africa\/fr\/wp-json\/wp\/v2\/comments?post=59295"}],"version-history":[{"count":3,"href":"https:\/\/www.greenpeace.org\/africa\/fr\/wp-json\/wp\/v2\/posts\/59295\/revisions"}],"predecessor-version":[{"id":59380,"href":"https:\/\/www.greenpeace.org\/africa\/fr\/wp-json\/wp\/v2\/posts\/59295\/revisions\/59380"}],"wp:featuredmedia":[{"embeddable":true,"href":"https:\/\/www.greenpeace.org\/africa\/fr\/wp-json\/wp\/v2\/media\/3893"}],"wp:attachment":[{"href":"https:\/\/www.greenpeace.org\/africa\/fr\/wp-json\/wp\/v2\/media?parent=59295"}],"wp:term":[{"taxonomy":"category","embeddable":true,"href":"https:\/\/www.greenpeace.org\/africa\/fr\/wp-json\/wp\/v2\/categories?post=59295"},{"taxonomy":"post_tag","embeddable":true,"href":"https:\/\/www.greenpeace.org\/africa\/fr\/wp-json\/wp\/v2\/tags?post=59295"},{"taxonomy":"p4-page-type","embeddable":true,"href":"https:\/\/www.greenpeace.org\/africa\/fr\/wp-json\/wp\/v2\/p4-page-type?post=59295"}],"curies":[{"name":"wp","href":"https:\/\/api.w.org\/{rel}","templated":true}]}}