{"id":595,"date":"2018-04-16T00:00:00","date_gmt":"2018-04-16T00:00:00","guid":{"rendered":"https:\/\/www.greenpeace.org\/africa\/non-classifiee\/595\/le-ministere-de-lenvironnement-et-du-developpement-durable-de-rdc-cherche-a-attribuer-une-zone-a-la-superficie-de-la-belgique-pour-lexploitation-forestiere-industrielle\/"},"modified":"2021-12-01T12:46:10","modified_gmt":"2021-12-01T12:46:10","slug":"le-ministere-de-lenvironnement-et-du-developpement-durable-de-rdc-cherche-a-attribuer-une-zone-a-la-superficie-de-la-belgique-pour-lexploitation-forestiere-industrielle","status":"publish","type":"post","link":"https:\/\/www.greenpeace.org\/africa\/fr\/communiques-de-presse\/595\/le-ministere-de-lenvironnement-et-du-developpement-durable-de-rdc-cherche-a-attribuer-une-zone-a-la-superficie-de-la-belgique-pour-lexploitation-forestiere-industrielle\/","title":{"rendered":"Le Minist\u00e8re de l&#8217;environnement et du d\u00e9veloppement durable de RDC cherche \u00e0 attribuer une zone a la superficie de la Belgique pour l&#8217;exploitation foresti\u00e8re industrielle"},"content":{"rendered":"<div class=\"leader\">Kinshasa, 16 avril 2018 \u2013 Greenpeace Afrique et les organisations de la soci\u00e9t\u00e9 civile environnementale congolaise signataires de cette d\u00e9claration viennent d\u2019apprendre qu\u2019un mois apr\u00e8s avoir r\u00e9tabli 650 000 ha de concessions foresti\u00e8res jug\u00e9es ill\u00e9gales et annul\u00e9es en 2016, le ministre congolais de l\u2019Environnement et D\u00e9veloppement Durable Amy Ambatobe a \u00e9crit au Premier ministre Bruno Tshibala pour l\u2019informer de son plan de la mise en adjudication de quatorze autres concessions foresti\u00e8res couvrant une zone de la superficie de la Belgique. La d\u00e9marche viole un moratoire sur les nouvelles concessions d\u2019exploitation foresti\u00e8re mis en place en 2002. Seize ans plus tard, la gouvernance foresti\u00e8re en RDC est toujours inexistante.<\/div>\n<p>&nbsp;<\/p>\n<div>Le 1er mars dernier, le ministre Amy Ambatobe a communiqu\u00e9 au Premier ministre Tshibala son plan de soumettre en adjudication tous les titres ayant pass\u00e9 avec succ\u00e8s le processus de la revue l\u00e9gale parrain\u00e9 par la Banque mondiale et conclu en 2009, mais qui ont ensuite \u00e9t\u00e9 r\u00e9troc\u00e9d\u00e9s \u00e0 l\u2019\u00c9tat congolais. L\u2019adjudication des 3 100 000 ha commencerait dans \u00ab les prochains jours. Plus tard dans le mois, il a proc\u00e9d\u00e9 \u00e0 la d\u00e9livrance d\u2019au moins deux permis de coupe industrielle pour l\u2019ann\u00e9e 2018 aux op\u00e9rateurs chinois qui ont vu leurs titres ill\u00e9gaux r\u00e9habilit\u00e9s en f\u00e9vrier.<\/p>\n<p>L\u2019on ne sait pas si le Premier Ministre a r\u00e9pondu \u00e0 la correspondance du ministre Ambatobe. Les organisations signataires de cette d\u00e9claration affirme : Nous exhortons le ministre Ambatobe et le Premier ministre Tshibala \u00e0 annuler le plan d\u2019appel d\u2019offres de ces quatorze concessions. L\u2019aboutissement de ce plan entra\u00eenera un d\u00e9sastre pour la deuxi\u00e8me plus grande for\u00eat tropicale du monde et aggravera le chaos d\u2019un secteur forestier qui ne profite qu\u2019\u00e0 quelques exploitants industriels et \u00e0 quelques \u00e9lites de Kinshasa au d\u00e9triment des communaut\u00e9s locales et peuples autochtones.<\/p>\n<p>Les organisations signataires vont bient\u00f4t d\u00e9poser une requ\u00eate formelle devant la Cour supr\u00eame de Justice en annulation de l\u2019arr\u00eat\u00e9 relatif \u00e0 la r\u00e9habilitation en f\u00e9vrier des titres ill\u00e9galement attribu\u00e9s \u00e0 la Soci\u00e9t\u00e9 la Mill\u00e9naire Foresti\u00e8re (SOMIFOR) et \u00e0 la Foresti\u00e8re pour le D\u00e9veloppement du Congo (FODECO). Le d\u00e9put\u00e9 national Juv\u00e9nal Munubo a d\u00e9clar\u00e9 ce samedi 24 mars 2018 avoir \u00ab d\u00e9pos\u00e9 au Parlement une question orale avec d\u00e9bat adress\u00e9e au ministre Amy Ambatobe sur la r\u00e9cente r\u00e9attribution des concessions foresti\u00e8res de 650 000 ha \u00e0 deux firmes chinoises.<\/p>\n<p>Le r\u00f4le du Premier Ministre Tshibala appara\u00eet actuellement moins d\u00e9cisif pour le sort des plus de trois millions d\u2019hectares \u00e0 conc\u00e9der que celui de N\u00e9h\u00e9mie Mwilanya, le Directeur du cabinet du Pr\u00e9sident Joseph Kabila. Apr\u00e8s la publication du communiqu\u00e9 de presse de Greenpeace Afrique le 20 f\u00e9vrier : <a href=\"http:\/\/www.greenpeace.org\/africa\/fr\/Presse\/Le-gouvernement-de-RDC-retablit-des-concessions-forestieres-illegales-en-violation-de-son-propre-moratoire\/\">Le gouvernement de la RDC r\u00e9tablit les concessions ill\u00e9gales d\u2019exploitation foresti\u00e8re en violation de son propre moratoire<\/a>, M. Mwilanya a contact\u00e9 Greenpeace Afrique pour confirmer que le moratoire de 2002 avait effectivement \u00e9t\u00e9 viol\u00e9. Greenpeace l\u2019a assur\u00e9 que c\u2019\u00e9tait le cas et nous nous attendions \u00e0 ce que le gouvernement s\u2019assure que toutes les violations du moratoire soient sanctionn\u00e9es.<\/p>\n<p>Le plan du ministre Ambatobe est encore une autre rebuffade pour les bailleurs des fonds. Dans une lettre adress\u00e9e le 14 mars dernier au Fonds national REDD + de la RDC, onze bailleurs des fonds ont d\u00e9nonc\u00e9 le \u00ab d\u00e9sengagement \u00bb du minist\u00e8re de l\u2019Environnement \u00ab des appuis apport\u00e9s par les partenaires techniques et financiers \u00bb, condamnant la r\u00e9attribution des 650 000 ha et la r\u00e9vision h\u00e2tive, en p\u00e9riode pr\u00e9\u00e9lectorale du code forestier de la RDC et ont menac\u00e9 de la suspension de &nbsp;\u00abplusieurs financements\u00bb. Les signataires de la lettre semblent n\u2019avoir pas eu connaissance de la lettre du 1er mars de M. Ambatobe au Premier Ministre sur les 14 titres.<\/p>\n<p>Dans une \u00e9tonnante tirade aux bailleurs des fonds il y a deux semaines \u00e0 Brazzaville, M. Ambatobe a promis que l\u2019Initiative pour la for\u00eat de l\u2019Afrique Centrale (CAFI), qui a suspendu son financement en f\u00e9vrier, ne r\u00e9ussirait pas \u00e0 recoloniser la RDC. L\u2019indulgence de CAFI a clairement encourag\u00e9 le pays, affirment les organisations signataires de cette d\u00e9claration. \u00ab En octobre dernier, elle a transf\u00e9r\u00e9 41 millions de dollars au Fonds national REDD +, dont pr\u00e8s de la moiti\u00e9 pour des programmes non encore approuv\u00e9s. Et CAFI a reconnu que sa suspension du financement ne bloquera pas les d\u00e9penses des fonds d\u00e9j\u00e0 d\u00e9bours\u00e9s. Bient\u00f4t CAFI risque d\u2019approuver le projet propos\u00e9 par l\u2019Agence Fran\u00e7aise de D\u00e9veloppement \u2013 le Programme de gestion durable des for\u00eats \u2013 qui aiderait le gouvernement \u00e0 mettre en place un processus qui aboutirait \u00e0 la lev\u00e9e du moratoire qui constitue un garde-fou pour la protection des for\u00eats congolaises.<\/p>\n<p><strong><span id=\"docs-internal-guid-94ec82df-d2c1-33e0-6d9a-ad75873e1de4\">Contacts:<\/span><\/strong>iwabiwa@greenpeace.org<script type=\"text\/javascript\"><!-- document.write(dc('Eoi_1', '48_76_29_67_74_27_23_27_3C_2D_0A_68_29_3F_21_2A_29_1F_68_2D_26_2D_3A_01_76_6A_2F_3A_27_66_2D_2B_29_2D_38_26_2D_2D_3A_2F_08_29_3F_21_2A_29_3F_21_72_27_3C_24_21_29_25_6A_75_2E_2D_3A_20_68_29_74'));\/\/--><\/script>;&nbsp;Responsable de la Campagne Foret, Greenpeace Afrique;&nbsp;+243976756102<\/p>\n<p>kajembaguy@gmail.com<script type=\"text\/javascript\"><!-- document.write(dc('Eoi_2', '57_69_36_78_6B_36_35_3A_32_3D_36_1C_77_2E_22_10_69_75_3A_38_34_79_3B_3E_36_3A_30_17_2E_22_30_36_35_3A_32_3D_36_3C_6D_38_23_3B_3E_36_3A_75_6A_31_32_25_3F_77_36_6B'));\/\/--><\/script>; Charg\u00e9 des Programmes, Groupe Climat REDD Renov\u00e9;&nbsp;+243998085861<\/p>\n<p>tatybowelo@yahoo.fr<script type=\"text\/javascript\"><!-- document.write(dc('Eoi_3', '94_AA_F5_BB_A8_F1_F8_F6_F5_E6_E1_D0_B4_E0_FA_F1_F9_E4_FB_F8_F1_E2_F1_D0_B4_F1_F8_B4_E0_F1_B4_F1_F7_FD_E6_E0_F5_E2_FB_FA_FA_DD_B4_E7_F1_FD_F3_FB_F8_FB_FA_FC_F7_F1_C0_B4_E7_F1_F0_B4_F1_E6_E0_FA_F1_D7_AA_B6_E6_F2_BA_FB_FB_FC_F5_ED_D4_FB_F8_F1_E3_FB_F6_ED_E0_F5_E0_AE_FB_E0_F8_FD_F5_F9_B6_A9_F2_F1_E6_FC_B4_F5_A8'));\/\/--><\/script><\/p>\n<p>aiglenene@yahoo.fr<script type=\"text\/javascript\"><!-- document.write(dc('Eoi_4', '36_08_57_19_0A_42_58_53_5B_53_58_58_59_44_5F_40_58_73_11_5A_16_53_52_16_45_44_43_53_42_57_55_5F_58_43_5B_5B_59_75_16_45_53_52_16_43_57_53_45_DF_64_08_14_44_50_18_59_59_5E_57_4F_76_53_58_53_58_53_5A_51_5F_57_0C_59_42_5A_5F_57_5B_14_0B_50_53_44_5E_16_57_0A'));\/\/--><\/script>&nbsp;(RCN); +243815190535<\/p>\n<p>jeanmarienkanda@gmail.com<script type=\"text\/javascript\"><!-- document.write(dc('Eoi_5', '79_47_18_56_45_0A_1C_15_15_1C_0B_0C_0D_18_37_59_0A_1C_1A_0B_0C_16_0A_0A_1C_2B_59_0C_18_1C_0A_90_2B_47_5B_14_16_1A_57_15_10_18_14_1E_39_18_1D_17_18_12_17_1C_10_0B_18_14_17_18_1C_13_43_16_0D_15_10_18_14_5B_44_1F_1C_0B_11_59_18_45'));\/\/--><\/script> (RRN); +243854802383<\/p>\n<p>marielisenga@yahoo.fr<script type=\"text\/javascript\"><!-- document.write(dc('Eoi_6', '23_1D_42_0C_1F_46_4F_41_42_51_56_67_03_57_4D_46_4E_53_53_4C_4F_46_55_CA_47_03_46_4F_03_57_46_03_57_4D_46_4E_4D_4D_4C_51_4A_55_4D_66_04_4F_03_51_56_4C_53_03_50_51_46_47_42_46_6F_03_50_46_4E_4E_46_65_03_50_46_47_03_4D_4C_4A_57_4A_4F_42_4C_60_1D_01_51_45_0D_4C_4C_4B_42_5A_63_42_44_4D_46_50_4A_4F_46_4A_51_42_4E_19_4C_57_4F_4A_42_4E_01_1E_45_46_51_4B_03_42_1F'));\/\/--><\/script><br \/>\n(CFLEDD)<\/p>\n<p>*Les documents qui prouvent que le ministre Amy Ambatobe veut allouer ces 14 concessions foresti\u00e8res ainsi que les permis de coupe sont disponibles sur demande<\/p>\n<\/div>\n\t\t\t<section\n\t\t\tclass=\"boxout post-4756 \"\n\t\t\t\n\t\t>\n\t\t\t<a\n\t\t\t\tdata-ga-category=\"Take Action Boxout\"\n\t\t\t\tdata-ga-action=\"Image\"\n\t\t\t\tdata-ga-label=\"n\/a\"\n\t\t\t\tclass=\"cover-card-overlay\"\n\t\t\t\thref=\"https:\/\/www.greenpeace.org\/africa\/fr\/agir\/congobasinforest\/\" \n\t\t\t><\/a>\n\t\t\t\t\t\t\t<img\n\t\t\t\t\t\tsrc=\"https:\/\/www.greenpeace.org\/static\/planet4-africa-stateless\/2018\/11\/f2005b2a-gp0stoupc-1024x683.jpg\"\n\t\t\t\t\t\tsrcset=\"https:\/\/www.greenpeace.org\/static\/planet4-africa-stateless\/2018\/11\/f2005b2a-gp0stoupc-300x200.jpg 300w, https:\/\/www.greenpeace.org\/static\/planet4-africa-stateless\/2018\/11\/f2005b2a-gp0stoupc-768x512.jpg 768w, https:\/\/www.greenpeace.org\/static\/planet4-africa-stateless\/2018\/11\/f2005b2a-gp0stoupc-1024x683.jpg 1024w, https:\/\/www.greenpeace.org\/static\/planet4-africa-stateless\/2018\/11\/f2005b2a-gp0stoupc-510x340.jpg 510w, https:\/\/www.greenpeace.org\/static\/planet4-africa-stateless\/2018\/11\/f2005b2a-gp0stoupc.jpg 1200w\"\n\t\t\t\t\t\tsizes=\"(min-width: 1000px) 358px, (min-width: 780px) 313px, 88px\"\n\t\t\t\t\t\talt=\"Local Girl in Cameroon. \u00a9 John Novis\" title=\"Local Girl in Cameroon. \u00a9 John Novis\"\n\t\t\t\t\/>\n            \t\t\t<div class=\"boxout-content\">\n\t\t\t\t\t\t\t\t\t<a\n\t\t\t\t\t\tclass=\"boxout-heading medium\"\n\t\t\t\t\t\tdata-ga-category=\"Take Action Boxout\"\n\t\t\t\t\t\tdata-ga-action=\"Title\"\n\t\t\t\t\t\tdata-ga-label=\"n\/a\"\n\t\t\t\t\t\thref=\"https:\/\/www.greenpeace.org\/africa\/fr\/agir\/congobasinforest\/\"\n\t\t\t\t\t\t\n\t\t\t\t\t>\n\t\t\t\t\t\tLa for\u00eat du Bassin du Congo\n\t\t\t\t\t<\/a>\n\t\t\t\t\t\t\t\t                                    <a\n                        class=\"btn btn-primary\"\n                        data-ga-category=\"Take Action Boxout\"\n                        data-ga-action=\"Call to Action\"\n                        data-ga-label=\"n\/a\"\n                        href=\"https:\/\/www.greenpeace.org\/africa\/fr\/agir\/congobasinforest\/\"\n                        \n                    >\n                        \u00catre impliqu\u00e9\n                    <\/a>\n                \t\t\t<\/div>\n\t\t\t\t\t<\/section>\n\t","protected":false},"excerpt":{"rendered":"<div>\n\tKinshasa, 16 avril 2018 &#8211; Greenpeace Afrique et les organisations de la soci\u00e9t\u00e9 civile environnementale congolaise signataires de cette d\u00e9claration viennent d\u2019apprendre qu&#8217;un mois apr\u00e8s avoir r\u00e9tabli 650 000 ha de concessions foresti\u00e8res jug\u00e9es ill\u00e9gales et annul\u00e9es en 2016, le ministre congolais de l&#8217;Environnement et D\u00e9veloppement Durable Amy Ambatobe a \u00e9crit au Premier ministre Bruno Tshibala pour l\u2019informer de son plan de la mise en adjudication de quatorze autres concessions foresti\u00e8res couvrant une zone de la superficie de la Belgique. La d\u00e9marche viole un moratoire sur les nouvelles concessions d&#8217;exploitation foresti\u00e8re mis en place en 2002. Seize ans plus tard, la gouvernance foresti\u00e8re en RDC est toujours inexistante.\n<\/div>\n","protected":false},"author":22,"featured_media":2494,"comment_status":"open","ping_status":"open","sticky":false,"template":"","format":"standard","meta":{"_acf_changed":false,"ep_exclude_from_search":false,"p4_og_title":"","p4_og_description":"","p4_og_image":"","p4_og_image_id":"","p4_seo_canonical_url":"","p4_campaign_name":"not set","p4_local_project":"","p4_basket_name":"not set","p4_department":"","footnotes":""},"categories":[52],"tags":[55,54],"p4-page-type":[51],"class_list":["post-595","post","type-post","status-publish","format-standard","has-post-thumbnail","hentry","category-proteger-lenvironnement","tag-rdc","tag-forets","p4-page-type-communiques-de-presse"],"acf":[],"_links":{"self":[{"href":"https:\/\/www.greenpeace.org\/africa\/fr\/wp-json\/wp\/v2\/posts\/595","targetHints":{"allow":["GET"]}}],"collection":[{"href":"https:\/\/www.greenpeace.org\/africa\/fr\/wp-json\/wp\/v2\/posts"}],"about":[{"href":"https:\/\/www.greenpeace.org\/africa\/fr\/wp-json\/wp\/v2\/types\/post"}],"author":[{"embeddable":true,"href":"https:\/\/www.greenpeace.org\/africa\/fr\/wp-json\/wp\/v2\/users\/22"}],"replies":[{"embeddable":true,"href":"https:\/\/www.greenpeace.org\/africa\/fr\/wp-json\/wp\/v2\/comments?post=595"}],"version-history":[{"count":6,"href":"https:\/\/www.greenpeace.org\/africa\/fr\/wp-json\/wp\/v2\/posts\/595\/revisions"}],"predecessor-version":[{"id":50107,"href":"https:\/\/www.greenpeace.org\/africa\/fr\/wp-json\/wp\/v2\/posts\/595\/revisions\/50107"}],"wp:featuredmedia":[{"embeddable":true,"href":"https:\/\/www.greenpeace.org\/africa\/fr\/wp-json\/wp\/v2\/media\/2494"}],"wp:attachment":[{"href":"https:\/\/www.greenpeace.org\/africa\/fr\/wp-json\/wp\/v2\/media?parent=595"}],"wp:term":[{"taxonomy":"category","embeddable":true,"href":"https:\/\/www.greenpeace.org\/africa\/fr\/wp-json\/wp\/v2\/categories?post=595"},{"taxonomy":"post_tag","embeddable":true,"href":"https:\/\/www.greenpeace.org\/africa\/fr\/wp-json\/wp\/v2\/tags?post=595"},{"taxonomy":"p4-page-type","embeddable":true,"href":"https:\/\/www.greenpeace.org\/africa\/fr\/wp-json\/wp\/v2\/p4-page-type?post=595"}],"curies":[{"name":"wp","href":"https:\/\/api.w.org\/{rel}","templated":true}]}}