{"id":59617,"date":"2025-12-01T10:37:41","date_gmt":"2025-12-01T10:37:41","guid":{"rendered":"https:\/\/www.greenpeace.org\/africa\/?p=59617"},"modified":"2025-12-03T10:46:52","modified_gmt":"2025-12-03T10:46:52","slug":"greenpeace-afrique-exprime-sa-profonde-inquietude-apres-lincident-impliquant-le-petrolier-mersin","status":"publish","type":"post","link":"https:\/\/www.greenpeace.org\/africa\/fr\/communiques-de-presse\/59617\/greenpeace-afrique-exprime-sa-profonde-inquietude-apres-lincident-impliquant-le-petrolier-mersin\/","title":{"rendered":"Greenpeace Afrique exprime sa profonde inqui\u00e9tude apr\u00e8s l\u2019incident impliquant le p\u00e9trolier Mersin"},"content":{"rendered":"\n<p><strong>Dakar, 01 D\u00e9cembre 2025 <\/strong>&#8211; Greenpeace Afrique exprime sa profonde inqui\u00e9tude apr\u00e8s l\u2019incident survenu au large de Dakar impliquant le navire p\u00e9trolier turc Mersin.&nbsp; Nous saluons la mobilisation rapide des \u00e9quipes du Port autonome de Dakar et des autorit\u00e9s maritimes. Cependant, cet \u00e9pisode doit \u00eatre replac\u00e9 dans un contexte plus large : il s\u2019agit d\u2019un \u00e9ni\u00e8me signal d\u2019alerte majeur concernant la s\u00e9curit\u00e9 des activit\u00e9s maritime au S\u00e9n\u00e9gal.<\/p>\n\n<p>Apr\u00e8s la fuite de gaz survenue au large de Saint-Louis en Mars 2025, le projet d\u2019usine de d\u00e9salinisation qui soul\u00e8ve encore de s\u00e9rieuses inqui\u00e9tudes environnementales, l\u2019avarie du navire MERSIN r\u00e9v\u00e8le une tendance pr\u00e9occupante : nos eaux sont expos\u00e9es de mani\u00e8re r\u00e9p\u00e9t\u00e9e \u00e0 des risques industriels insuffisamment anticip\u00e9s.<\/p>\n\n<p>Ce ne sont plus des \u00e9v\u00e9nements isol\u00e9s, mais un sch\u00e9ma qui se r\u00e9p\u00e8te dangereusement. Le communiqu\u00e9 partag\u00e9 par les autorit\u00e9s s\u00e9n\u00e9galaises d\u00e9crit les mesures techniques imm\u00e9diates, mais ne r\u00e9pond pas aux nombreuses questions essentielles pour le public et pour la protection de l\u2019environnement. Greenpeace Afrique appelle donc les autorit\u00e9s comp\u00e9tentes \u00e0 fournir rapidement des \u00e9claircissements sur :<\/p>\n\n<ul class=\"wp-block-list\">\n<li>Les causes r\u00e9elles de l\u2019incident;\u00a0<\/li>\n\n\n\n<li>les risques potentiels pour l\u2019\u00e9cosyst\u00e8me marin, compte tenu de l\u2019\u00e9tat du navire;<\/li>\n\n\n\n<li>l\u2019efficacit\u00e9 r\u00e9elle du barrage antipollution install\u00e9, notamment les observations de fuite ou d\u2019irisation;<\/li>\n\n\n\n<li>le sort du navire, et s\u2019il sera retir\u00e9 rapidement des eaux pour \u00e9viter tout risque suppl\u00e9mentaire.<\/li>\n<\/ul>\n\n<p>Le S\u00e9n\u00e9gal ne peut plus se contenter d\u2019une gestion purement r\u00e9active face \u00e0 des incidents successifs. Nos \u00e9cosyst\u00e8mes marins ne peuvent plus \u00eatre expos\u00e9s \u00e0 des risques r\u00e9p\u00e9t\u00e9s sans transparence ni mesures de pr\u00e9vention robustes. Nous avons \u00e9vit\u00e9 le pire \u00e0 plusieurs reprises : cette chance n\u2019est pas une strat\u00e9gie.<\/p>\n\n<p>Greenpeace Afrique appelle \u00e0 une r\u00e9vision urgente de la gestion des risques industriels en mer, afin de garantir que la protection de l\u2019oc\u00e9an devienne une priorit\u00e9 nationale et non une option.<\/p>\n\n<p>FIN<\/p>\n\n<p class=\"has-beige-100-background-color has-background\"><strong>Contact:<\/strong><br><br>Ibrahima Ka NDOYE, Coordonnateur des Communications Internationales<br>Greenpeace Afrique, +221 77 843 71 72, <a href=\"mailto:indoye@greenpeace.org\">indoye@greenpeace.org<\/a>\u00a0<\/p>\n\n<p><\/p>\n","protected":false},"excerpt":{"rendered":"<p>Greenpeace Afrique exprime sa profonde inqui\u00e9tude apr\u00e8s l\u2019incident survenu au large de Dakar impliquant le navire p\u00e9trolier turc Mersin.<\/p>\n","protected":false},"author":83,"featured_media":59619,"comment_status":"closed","ping_status":"closed","sticky":false,"template":"","format":"standard","meta":{"_acf_changed":false,"ep_exclude_from_search":false,"p4_og_title":"","p4_og_description":"","p4_og_image":"","p4_og_image_id":"","p4_seo_canonical_url":"","p4_campaign_name":"","p4_local_project":"","p4_basket_name":"","p4_department":"","footnotes":""},"categories":[52],"tags":[42,96,77],"p4-page-type":[51],"class_list":["post-59617","post","type-post","status-publish","format-standard","has-post-thumbnail","hentry","category-proteger-lenvironnement","tag-greenpeaceafrique","tag-oceans-fr","tag-senegal-fr","p4-page-type-communiques-de-presse"],"acf":[],"_links":{"self":[{"href":"https:\/\/www.greenpeace.org\/africa\/fr\/wp-json\/wp\/v2\/posts\/59617","targetHints":{"allow":["GET"]}}],"collection":[{"href":"https:\/\/www.greenpeace.org\/africa\/fr\/wp-json\/wp\/v2\/posts"}],"about":[{"href":"https:\/\/www.greenpeace.org\/africa\/fr\/wp-json\/wp\/v2\/types\/post"}],"author":[{"embeddable":true,"href":"https:\/\/www.greenpeace.org\/africa\/fr\/wp-json\/wp\/v2\/users\/83"}],"replies":[{"embeddable":true,"href":"https:\/\/www.greenpeace.org\/africa\/fr\/wp-json\/wp\/v2\/comments?post=59617"}],"version-history":[{"count":1,"href":"https:\/\/www.greenpeace.org\/africa\/fr\/wp-json\/wp\/v2\/posts\/59617\/revisions"}],"predecessor-version":[{"id":59621,"href":"https:\/\/www.greenpeace.org\/africa\/fr\/wp-json\/wp\/v2\/posts\/59617\/revisions\/59621"}],"wp:featuredmedia":[{"embeddable":true,"href":"https:\/\/www.greenpeace.org\/africa\/fr\/wp-json\/wp\/v2\/media\/59619"}],"wp:attachment":[{"href":"https:\/\/www.greenpeace.org\/africa\/fr\/wp-json\/wp\/v2\/media?parent=59617"}],"wp:term":[{"taxonomy":"category","embeddable":true,"href":"https:\/\/www.greenpeace.org\/africa\/fr\/wp-json\/wp\/v2\/categories?post=59617"},{"taxonomy":"post_tag","embeddable":true,"href":"https:\/\/www.greenpeace.org\/africa\/fr\/wp-json\/wp\/v2\/tags?post=59617"},{"taxonomy":"p4-page-type","embeddable":true,"href":"https:\/\/www.greenpeace.org\/africa\/fr\/wp-json\/wp\/v2\/p4-page-type?post=59617"}],"curies":[{"name":"wp","href":"https:\/\/api.w.org\/{rel}","templated":true}]}}