{"id":60224,"date":"2026-03-23T15:15:40","date_gmt":"2026-03-23T15:15:40","guid":{"rendered":"https:\/\/www.greenpeace.org\/africa\/?p=60224"},"modified":"2026-03-23T15:15:48","modified_gmt":"2026-03-23T15:15:48","slug":"journee-des-forets-2026-greenpeace-afrique-appelle-a-accelerer-les-reformes-pour-securiser-les-droits-des-communautes-au-cameroun","status":"publish","type":"post","link":"https:\/\/www.greenpeace.org\/africa\/fr\/communiques-de-presse\/60224\/journee-des-forets-2026-greenpeace-afrique-appelle-a-accelerer-les-reformes-pour-securiser-les-droits-des-communautes-au-cameroun\/","title":{"rendered":"Journ\u00e9e des for\u00eats 2026 :\u00a0 Greenpeace Afrique appelle \u00e0 acc\u00e9l\u00e9rer les r\u00e9formes pour s\u00e9curiser les droits des communaut\u00e9s au Cameroun"},"content":{"rendered":"\n<p><strong>Yaound\u00e9, 21 mars 2026<\/strong> \u2013 \u00c0 l\u2019occasion de la Journ\u00e9e internationale des for\u00eats, Greenpeace Afrique a organis\u00e9 \u00e0 Yaound\u00e9 une mobilisation publique visant \u00e0 sensibiliser sur la protection des for\u00eats du Bassin du Congo et les droits des communaut\u00e9s locales.<\/p>\n\n<p>Pour marquer cette journ\u00e9e, l\u2019organisation a r\u00e9uni jeunes, acteurs de la soci\u00e9t\u00e9 civile, institutions publiques, journalistes et scientifiques autour d\u2019activit\u00e9s d\u2019engagement public, notamment des panels de discussion, des expositions et des initiatives de mobilisation. L\u2019objectif \u00e9tait de renforcer la prise de conscience collective et de construire un front commun face aux menaces qui p\u00e8sent sur les for\u00eats et la biodiversit\u00e9.<\/p>\n\n<p>Les r\u00e9sultats d\u2019<a href=\"https:\/\/www.notre-planete.info\/actualites\/276-orpaillage-deforestation-Cameroun\">investigations<\/a> men\u00e9es par des journalistes au Cameroun r\u00e9v\u00e8lent une expansion alarmante de l\u2019activit\u00e9 mini\u00e8re dans l\u2019Est du pays. En seulement 14 ans, la superficie mini\u00e8re y a augment\u00e9 de 5 000 %, passant de 82 hectares en 2010 \u00e0 plus de 4 600 hectares en 2024. Cette dynamique s\u2019est accompagn\u00e9e d\u2019une perte estim\u00e9e \u00e0 pr\u00e8s de 270 000 hectares de for\u00eat primaire.<\/p>\n\n<p>Or, les for\u00eats jouent un r\u00f4le essentiel dans la r\u00e9gulation du climat, en particulier \u00e0 l\u2019\u00e9chelle locale, et contribuent, avec les sols, au stockage du carbone. Dans ce contexte, la Journ\u00e9e internationale des for\u00eats rappelle l\u2019urgence de renforcer leur protection et de lutter plus efficacement contre la criminalit\u00e9 environnementale et les d\u00e9faillances de gouvernance.<\/p>\n\n<p>La mobilisation tenue \u00e0 Yaound\u00e9 a \u00e9galement permis d\u2019engager un dialogue constructif sur la gouvernance foresti\u00e8re, la s\u00e9curisation des droits fonciers des communaut\u00e9s et la promotion de solutions durables port\u00e9es par les communaut\u00e9s locales et les peuples autochtones (CLPA).<\/p>\n\n<p>Pour Greenpeace Afrique, ces r\u00e9formes sont indispensables pour garantir une protection effective des for\u00eats et le bien-\u00eatre des populations qui en d\u00e9pendent.<\/p>\n\n<p><em>\u00ab L\u2019exploitation des ressources naturelles se fait tr\u00e8s souvent sur des terres revendiqu\u00e9es par les communaut\u00e9s au titre de leurs droits fonciers coutumiers. Loin de favoriser le d\u00e9veloppement local, ces projets causent des dommages environnementaux et sociaux consid\u00e9rables et menacent des \u00e9cosyst\u00e8mes que les communaut\u00e9s prot\u00e8gent depuis des g\u00e9n\u00e9rations \u00bb<\/em>, a d\u00e9clar\u00e9 <strong>Stella Tchoukep, Charg\u00e9e de la campagne For\u00eats chez Greenpeace Afrique.<\/strong><\/p>\n\n<p>Les communaut\u00e9s locales et les peuples autochtones sont ainsi priv\u00e9s de leurs terres agricoles et de leurs for\u00eats, autrefois sources de subsistance, aujourd\u2019hui d\u00e9grad\u00e9es et pollu\u00e9es.<\/p>\n\n<p>Greenpeace Afrique appelle le gouvernement camerounais \u00e0 renforcer les m\u00e9canismes de protection des for\u00eats et \u00e0 garantir les droits des communaut\u00e9s dont les moyens de subsistance en d\u00e9pendent. L\u2019organisation exhorte notamment les d\u00e9cideurs \u00e0 :<\/p>\n\n<ul class=\"wp-block-list\">\n<li>reconna\u00eetre et s\u00e9curiser les droits fonciers coutumiers des peuples autochtones et des communaut\u00e9s locales dans les r\u00e9formes en cours ;<\/li>\n\n\n\n<li>instaurer un moratoire sur les nouveaux projets p\u00e9troliers, gaziers, miniers et agro-industriels dans les zones \u00e0 haute valeur \u00e9cologique ;<\/li>\n\n\n\n<li>garantir un acc\u00e8s direct et \u00e9quitable des communaut\u00e9s aux financements climat et biodiversit\u00e9 ;<\/li>\n\n\n\n<li>promouvoir des solutions port\u00e9es par les communaut\u00e9s, telles que l\u2019agro\u00e9cologie et les \u00e9conomies locales durables d\u00e9velopp\u00e9es dans les for\u00eats communautaires.<\/li>\n<\/ul>\n\n<p>Cette mobilisation intervient \u00e9galement dans un contexte o\u00f9 Greenpeace Afrique a lanc\u00e9 une <a href=\"https:\/\/pages.greenpeaceafrica.org\/soutenir-un-changement-historique-du-cadre-juridique-africain?utm_campaign=climate-justice&amp;utm_source=whatsapp&amp;utm_medium=social&amp;utm_content=button&amp;utm_term=fre-hr-court-petition-launch\">p\u00e9tition<\/a> appelant la Cour africaine des droits de l\u2019homme et des peuples \u00e0 reconna\u00eetre la crise climatique, caus\u00e9e en partie par la d\u00e9forestation, comme une violation des droits humains.<\/p>\n\n<p class=\"has-grey-200-background-color has-background\"><strong>CONTACT PRESSE :<\/strong><br><br><strong>Stella Tchoukep, Chargee de la Campagne Foret. <\/strong><a href=\"mailto:tmerline@greenpeace.org\"><strong>tmerline@greenpeace.org<\/strong><\/a><strong>\u00a0,<\/strong>\u00a0+237 6 94 59 06 79<br><br><strong>Luchelle Feukeng Tabo, Charg\u00e9e de la Communication et du storytelling, <\/strong>Greenpeace Afrique\u00a0 <a href=\"mailto:lfeukeng@greenpeace.org\">lfeukeng@greenpeace.org<\/a>\/+237656463545<\/p>\n","protected":false},"excerpt":{"rendered":"<p>Yaound\u00e9, 21 mars 2026 \u2013 \u00c0 l\u2019occasion de la Journ\u00e9e internationale des for\u00eats, Greenpeace Afrique a organis\u00e9 \u00e0 Yaound\u00e9 une mobilisation publique visant \u00e0 sensibiliser sur la protection des for\u00eats du Bassin du Congo et les droits des communaut\u00e9s locales.<\/p>\n","protected":false},"author":83,"featured_media":60227,"comment_status":"closed","ping_status":"closed","sticky":false,"template":"","format":"standard","meta":{"_acf_changed":false,"ep_exclude_from_search":false,"p4_og_title":"","p4_og_description":"","p4_og_image":"","p4_og_image_id":"","p4_seo_canonical_url":"","p4_campaign_name":"","p4_local_project":"","p4_basket_name":"","p4_department":"","footnotes":""},"categories":[52],"tags":[56,42,54],"p4-page-type":[51],"class_list":["post-60224","post","type-post","status-publish","format-standard","has-post-thumbnail","hentry","category-proteger-lenvironnement","tag-cameroun","tag-greenpeaceafrique","tag-forets","p4-page-type-communiques-de-presse"],"acf":[],"_links":{"self":[{"href":"https:\/\/www.greenpeace.org\/africa\/fr\/wp-json\/wp\/v2\/posts\/60224","targetHints":{"allow":["GET"]}}],"collection":[{"href":"https:\/\/www.greenpeace.org\/africa\/fr\/wp-json\/wp\/v2\/posts"}],"about":[{"href":"https:\/\/www.greenpeace.org\/africa\/fr\/wp-json\/wp\/v2\/types\/post"}],"author":[{"embeddable":true,"href":"https:\/\/www.greenpeace.org\/africa\/fr\/wp-json\/wp\/v2\/users\/83"}],"replies":[{"embeddable":true,"href":"https:\/\/www.greenpeace.org\/africa\/fr\/wp-json\/wp\/v2\/comments?post=60224"}],"version-history":[{"count":2,"href":"https:\/\/www.greenpeace.org\/africa\/fr\/wp-json\/wp\/v2\/posts\/60224\/revisions"}],"predecessor-version":[{"id":60229,"href":"https:\/\/www.greenpeace.org\/africa\/fr\/wp-json\/wp\/v2\/posts\/60224\/revisions\/60229"}],"wp:featuredmedia":[{"embeddable":true,"href":"https:\/\/www.greenpeace.org\/africa\/fr\/wp-json\/wp\/v2\/media\/60227"}],"wp:attachment":[{"href":"https:\/\/www.greenpeace.org\/africa\/fr\/wp-json\/wp\/v2\/media?parent=60224"}],"wp:term":[{"taxonomy":"category","embeddable":true,"href":"https:\/\/www.greenpeace.org\/africa\/fr\/wp-json\/wp\/v2\/categories?post=60224"},{"taxonomy":"post_tag","embeddable":true,"href":"https:\/\/www.greenpeace.org\/africa\/fr\/wp-json\/wp\/v2\/tags?post=60224"},{"taxonomy":"p4-page-type","embeddable":true,"href":"https:\/\/www.greenpeace.org\/africa\/fr\/wp-json\/wp\/v2\/p4-page-type?post=60224"}],"curies":[{"name":"wp","href":"https:\/\/api.w.org\/{rel}","templated":true}]}}