{"id":60316,"date":"2026-03-30T12:20:18","date_gmt":"2026-03-30T12:20:18","guid":{"rendered":"https:\/\/www.greenpeace.org\/africa\/?p=60316"},"modified":"2026-03-30T12:20:27","modified_gmt":"2026-03-30T12:20:27","slug":"nous-nourrissons-le-senegal-mais-la-loi-ne-nous-reconnait-pas-les-femmes-transformatrices-reclament-un-statut-legal","status":"publish","type":"post","link":"https:\/\/www.greenpeace.org\/africa\/fr\/communiques-de-presse\/60316\/nous-nourrissons-le-senegal-mais-la-loi-ne-nous-reconnait-pas-les-femmes-transformatrices-reclament-un-statut-legal\/","title":{"rendered":"\u201cNous nourrissons le S\u00e9n\u00e9gal, mais la loi ne nous reconna\u00eet pas\u201d : les femmes transformatrices r\u00e9clament un statut l\u00e9gal"},"content":{"rendered":"\n<p><strong>Thi\u00e8s, le 30 mars 2026<\/strong> \u2013 Alors que le monde entier c\u00e9l\u00e8bre les droits des femmes en ce mois de Mars, le R\u00e9seau des Femmes de la P\u00eache Artisanale du S\u00e9n\u00e9gal (REFEPAS) interpelle les autorit\u00e9s s\u00e9n\u00e9galaises sur l\u2019urgence de reconna\u00eetre officiellement leur m\u00e9tier. Actrices essentielles de la cha\u00eene de valeur halieutique, ces femmes d\u00e9noncent leur inexistence juridique, alors m\u00eame qu\u2019elles jouent un r\u00f4le cl\u00e9 dans la s\u00e9curit\u00e9 alimentaire et l\u2019\u00e9conomie locale.<\/p>\n\n<p>Dans un contexte marqu\u00e9 par la rar\u00e9faction des ressources halieutiques, les conditions de vie et de travail des femmes transformatrices se d\u00e9gradent fortement. Chaque jour, elles constatent des march\u00e9s de plus en plus vides, des revenus en baisse et une pr\u00e9carit\u00e9 grandissante.<\/p>\n\n<p>Derri\u00e8re cette pr\u00e9carit\u00e9, les causes sont bien identifi\u00e9es<strong>.<\/strong> Elle est le r\u00e9sultat de la surexploitation des ressources halieutiques, notamment par des flottes industrielles dont une grande partie des captures est destin\u00e9e \u00e0 l\u2019exportation vers les march\u00e9s \u00e9trangers. Elle est \u00e9galement aggrav\u00e9e par la concurrence des usines de farine et d\u2019huile de poisson, qui d\u00e9tournent des ressources essentielles \u00e0 l\u2019alimentation locale, ainsi que par les menaces croissantes li\u00e9es au d\u00e9veloppement des projets p\u00e9troliers et gaziers le long des c\u00f4tes s\u00e9n\u00e9galaises.<\/p>\n\n<p>Pourtant, malgr\u00e9 leur contribution essentielle, ces femmes ne disposent d\u2019aucun statut l\u00e9gal reconnu, les excluant de fait des processus de prise de d\u00e9cision et des m\u00e9canismes de protection sociale.<\/p>\n\n<p><strong>\u201cNous travaillons chaque jour pour nourrir nos familles et le pays, mais juridiquement, nous n\u2019existons pas. Sans statut, nous n\u2019avons ni protection, ni voix dans les d\u00e9cisions qui nous concernent,\u201d<\/strong> d\u00e9clare Diaba Diop, Pr\u00e9sidente du REFEPAS.<\/p>\n\n<p>\u00c0 travers cette mobilisation, le collectif appelle le gouvernement du S\u00e9n\u00e9gal \u00e0 prendre des mesures concr\u00e8tes et urgentes :<\/p>\n\n<ul class=\"wp-block-list\">\n<li>La reconnaissance officielle du m\u00e9tier de femme transformatrice de produits halieutiques<\/li>\n\n\n\n<li>L\u2019int\u00e9gration effective des femmes dans les instances de gouvernance du secteur de la p\u00eache<\/li>\n\n\n\n<li>Une plus grande transparence dans la gestion des ressources halieutiques<\/li>\n<\/ul>\n\n<p>Le REFEPAS rappelle que la p\u00eache artisanale constitue un pilier de la s\u00e9curit\u00e9 alimentaire nationale et que les femmes en sont des actrices incontournables. Leur marginalisation repr\u00e9sente non seulement une injustice sociale, mais aussi une menace directe pour la r\u00e9silience des communaut\u00e9s c\u00f4ti\u00e8res et l\u2019acc\u00e8s \u00e0 une alimentation durable.<\/p>\n\n<p>En cette journ\u00e9e de c\u00e9l\u00e9bration, leur message est clair : sans reconnaissance et sans protection des femmes transformatrices, c\u2019est toute une cha\u00eene alimentaire qui est menac\u00e9e.<\/p>\n","protected":false},"excerpt":{"rendered":"<p>Alors que le monde entier c\u00e9l\u00e8bre les droits des femmes en ce mois de Mars, le R\u00e9seau des Femmes de la P\u00eache Artisanale du S\u00e9n\u00e9gal (REFEPAS) interpelle les autorit\u00e9s s\u00e9n\u00e9galaises sur l\u2019urgence de reconna\u00eetre officiellement leur m\u00e9tier. <\/p>\n","protected":false},"author":83,"featured_media":60319,"comment_status":"closed","ping_status":"closed","sticky":false,"template":"","format":"standard","meta":{"_acf_changed":false,"ep_exclude_from_search":false,"p4_og_title":"","p4_og_description":"","p4_og_image":"","p4_og_image_id":"","p4_seo_canonical_url":"","p4_campaign_name":"","p4_local_project":"","p4_basket_name":"","p4_department":"","footnotes":""},"categories":[52],"tags":[77,96,42],"p4-page-type":[51],"class_list":["post-60316","post","type-post","status-publish","format-standard","has-post-thumbnail","hentry","category-proteger-lenvironnement","tag-senegal-fr","tag-oceans-fr","tag-greenpeaceafrique","p4-page-type-communiques-de-presse"],"acf":[],"_links":{"self":[{"href":"https:\/\/www.greenpeace.org\/africa\/fr\/wp-json\/wp\/v2\/posts\/60316","targetHints":{"allow":["GET"]}}],"collection":[{"href":"https:\/\/www.greenpeace.org\/africa\/fr\/wp-json\/wp\/v2\/posts"}],"about":[{"href":"https:\/\/www.greenpeace.org\/africa\/fr\/wp-json\/wp\/v2\/types\/post"}],"author":[{"embeddable":true,"href":"https:\/\/www.greenpeace.org\/africa\/fr\/wp-json\/wp\/v2\/users\/83"}],"replies":[{"embeddable":true,"href":"https:\/\/www.greenpeace.org\/africa\/fr\/wp-json\/wp\/v2\/comments?post=60316"}],"version-history":[{"count":2,"href":"https:\/\/www.greenpeace.org\/africa\/fr\/wp-json\/wp\/v2\/posts\/60316\/revisions"}],"predecessor-version":[{"id":60321,"href":"https:\/\/www.greenpeace.org\/africa\/fr\/wp-json\/wp\/v2\/posts\/60316\/revisions\/60321"}],"wp:featuredmedia":[{"embeddable":true,"href":"https:\/\/www.greenpeace.org\/africa\/fr\/wp-json\/wp\/v2\/media\/60319"}],"wp:attachment":[{"href":"https:\/\/www.greenpeace.org\/africa\/fr\/wp-json\/wp\/v2\/media?parent=60316"}],"wp:term":[{"taxonomy":"category","embeddable":true,"href":"https:\/\/www.greenpeace.org\/africa\/fr\/wp-json\/wp\/v2\/categories?post=60316"},{"taxonomy":"post_tag","embeddable":true,"href":"https:\/\/www.greenpeace.org\/africa\/fr\/wp-json\/wp\/v2\/tags?post=60316"},{"taxonomy":"p4-page-type","embeddable":true,"href":"https:\/\/www.greenpeace.org\/africa\/fr\/wp-json\/wp\/v2\/p4-page-type?post=60316"}],"curies":[{"name":"wp","href":"https:\/\/api.w.org\/{rel}","templated":true}]}}