{"id":60500,"date":"2026-04-28T07:49:34","date_gmt":"2026-04-28T07:49:34","guid":{"rendered":"https:\/\/www.greenpeace.org\/africa\/?p=60500"},"modified":"2026-04-30T07:53:58","modified_gmt":"2026-04-30T07:53:58","slug":"cameroun-le-centre-pour-lenvironnement-et-le-developpement-ced-pointe-du-doigt-laccaparement-foncier-et-ses-derives","status":"publish","type":"post","link":"https:\/\/www.greenpeace.org\/africa\/fr\/communiques-de-presse\/60500\/cameroun-le-centre-pour-lenvironnement-et-le-developpement-ced-pointe-du-doigt-laccaparement-foncier-et-ses-derives\/","title":{"rendered":"Cameroun : le Centre pour l\u2019Environnement et le D\u00e9veloppement (CED) pointe du doigt l\u2019accaparement foncier et ses d\u00e9rives"},"content":{"rendered":"\n<p>Yaounde, 28 avril 2026 &#8211; \u00c0 l\u2019issue d\u2019un atelier tenu en avril 2026 \u00e0 Yaound\u00e9, le Centre pour l\u2019Environnement et le D\u00e9veloppement (CED) alerte&nbsp; sur les impacts des investissements fonciers. Son analyse met en lumi\u00e8re des atteintes r\u00e9currentes aux droits des communaut\u00e9s, ainsi que de lourdes cons\u00e9quences environnementales et sanitaires.&nbsp;<\/p>\n\n<figure class=\"wp-block-image size-large\"><img loading=\"lazy\" decoding=\"async\" width=\"1024\" height=\"682\" src=\"https:\/\/www.greenpeace.org\/static\/planet4-africa-stateless\/2026\/04\/7cf55171-image-1024x682.jpeg\" alt=\"\" class=\"wp-image-60503\" srcset=\"https:\/\/www.greenpeace.org\/static\/planet4-africa-stateless\/2026\/04\/7cf55171-image-1024x682.jpeg 1024w, https:\/\/www.greenpeace.org\/static\/planet4-africa-stateless\/2026\/04\/7cf55171-image-300x200.jpeg 300w, https:\/\/www.greenpeace.org\/static\/planet4-africa-stateless\/2026\/04\/7cf55171-image-768x511.jpeg 768w, https:\/\/www.greenpeace.org\/static\/planet4-africa-stateless\/2026\/04\/7cf55171-image-1536x1022.jpeg 1536w, https:\/\/www.greenpeace.org\/static\/planet4-africa-stateless\/2026\/04\/7cf55171-image-510x340.jpeg 510w, https:\/\/www.greenpeace.org\/static\/planet4-africa-stateless\/2026\/04\/7cf55171-image.jpeg 2048w\" sizes=\"auto, (max-width: 1024px) 100vw, 1024px\" \/><\/figure>\n\n<p>R\u00e9unis \u00e0 Soa, en p\u00e9riph\u00e9rie&nbsp; de Yaound\u00e9, pr\u00e8s de 40 participants venus des r\u00e9gions du Littoral, de l\u2019Est, du Sud et de l\u2019Adamaoua ont partag\u00e9 leurs exp\u00e9riences.&nbsp; Objectif :&nbsp; \u00ab <em>croiser les t\u00e9moignages, documenter les impacts&nbsp; et construire un plaidoyer commun <\/em>&nbsp;\u00bb face aux effets&nbsp; des agro-industries, des activit\u00e9s&nbsp; mini\u00e8res et des projets forestiers dans leurs territoires.<\/p>\n\n<p>Les \u00e9changes ont permis d\u2019identifier deux grandes tendances. D\u2019une part, des violations r\u00e9p\u00e9t\u00e9es des droits des communaut\u00e9s. <em>\u00ab Les communaut\u00e9s riveraines ont subi les m\u00eames sch\u00e9mas : spoliations de terres, droits coutumiers ignor\u00e9s, immatriculations abusives facilit\u00e9es par la corruption \u00bb<\/em>, souligne le compte rendu de la rencontre.<\/p>\n\n<p>D\u2019autre part, des impacts environnementaux et sociaux majeurs. Pollution, d\u00e9forestation et d\u00e9gradation parfois irr\u00e9versible des terres affectent directement les populations. <em>\u00ab Les participants ont rapport\u00e9 des cas de diarrh\u00e9es chroniques, d\u2019infertilit\u00e9 ainsi que des mortalit\u00e9s humaines et animales inexpliqu\u00e9es. Des sites culturels ont \u00e9t\u00e9 profan\u00e9s et certaines esp\u00e8ces animales ont disparu \u00bb<\/em>, pr\u00e9cise le <a href=\"https:\/\/cedcameroun.org\/actualite\/crimes-environnementaux-au-cameroun-les-communautes-rurales-brisent-le-silence\/\">rapport. <\/a>.<\/p>\n\n<p><strong>Pour Stella Tchoukep, charg\u00e9e de campagne For\u00eat \u00e0 Greenpeace Afrique<\/strong>, ces constats traduisent une r\u00e9alit\u00e9 syst\u00e9mique. <em>\u00ab Ce que nous entendons dans ces t\u00e9moignages n\u2019est pas une exception locale. C\u2019est un syst\u00e8me o\u00f9 le consentement \u00e9clair\u00e9 des communaut\u00e9s est contourn\u00e9 au profit d\u2019int\u00e9r\u00eats \u00e9conomiques. Quand une terre est arrach\u00e9e \u00e0 ses occupants l\u00e9gitimes et ancestraux, des vies sont boulevers\u00e9es et la m\u00e9moire collective menac\u00e9e \u00bb<\/em>, souligne-t-elle.<\/p>\n\n<p>Le rapport met \u00e9galement en lumi\u00e8re la vuln\u00e9rabilit\u00e9 accrue des femmes, des jeunes et des peuples autochtones, confront\u00e9s \u00e0 des violences, \u00e0 l\u2019exclusion de l\u2019acc\u00e8s \u00e0 la terre et \u00e0 l\u2019\u00e9rosion de leurs droits coutumiers. Pour finir, une s\u00e9rie de <a href=\"https:\/\/cedcameroun.org\/actualite\/crimes-environnementaux-au-cameroun-les-communautes-rurales-brisent-le-silence\/\">recommandations<\/a> est formul\u00e9e, en faveur d\u2019une gouvernance fonci\u00e8re plus \u00e9quitable, notamment \u00e0 travers la r\u00e9forme du cadre l\u00e9gal et le respect des droits des communaut\u00e9s locales. <em>\u00ab Le silence des communaut\u00e9s rurales face \u00e0 la spoliation de leurs terres a trop longtemps \u00e9t\u00e9 confondu avec un consentement. La r\u00e9forme fonci\u00e8re ne peut plus \u00eatre diff\u00e9r\u00e9e si l\u2019on veut garantir la justice sociale et environnementale \u00bb<\/em>, conclut Stella Tchoukep.<\/p>\n\n<p class=\"has-beige-100-background-color has-background\"><strong>CONTACT PRESSE :<\/strong><br><br><strong>Stella Tchoukep, Chargee de la Campagne Foret. <\/strong><a href=\"mailto:tmerline@greenpeace.org\"><strong>tmerline@greenpeace.org<\/strong><\/a>, +237694590679<br><br><strong>Luchelle Feukeng Tabo, Charg\u00e9e de la Communication et du storytelling, <\/strong>Greenpeace Afrique\u00a0 <a href=\"mailto:lfeukeng@greenpeace.org\">lfeukeng@greenpeace.org<\/a>, +237656463545<\/p>\n","protected":false},"excerpt":{"rendered":"<p>\u00c0 l\u2019issue d\u2019un atelier tenu en avril 2026 \u00e0 Yaound\u00e9, le Centre pour l\u2019Environnement et le D\u00e9veloppement (CED) alerte\u00a0 sur les impacts des investissements fonciers.<\/p>\n","protected":false},"author":83,"featured_media":60503,"comment_status":"closed","ping_status":"closed","sticky":false,"template":"","format":"standard","meta":{"_acf_changed":false,"ep_exclude_from_search":false,"p4_og_title":"","p4_og_description":"","p4_og_image":"","p4_og_image_id":"","p4_seo_canonical_url":"","p4_campaign_name":"","p4_local_project":"","p4_basket_name":"","p4_department":"","footnotes":""},"categories":[52],"tags":[42,56,54,60],"p4-page-type":[51],"class_list":["post-60500","post","type-post","status-publish","format-standard","has-post-thumbnail","hentry","category-proteger-lenvironnement","tag-greenpeaceafrique","tag-cameroun","tag-forets","tag-agriculture","p4-page-type-communiques-de-presse"],"acf":[],"_links":{"self":[{"href":"https:\/\/www.greenpeace.org\/africa\/fr\/wp-json\/wp\/v2\/posts\/60500","targetHints":{"allow":["GET"]}}],"collection":[{"href":"https:\/\/www.greenpeace.org\/africa\/fr\/wp-json\/wp\/v2\/posts"}],"about":[{"href":"https:\/\/www.greenpeace.org\/africa\/fr\/wp-json\/wp\/v2\/types\/post"}],"author":[{"embeddable":true,"href":"https:\/\/www.greenpeace.org\/africa\/fr\/wp-json\/wp\/v2\/users\/83"}],"replies":[{"embeddable":true,"href":"https:\/\/www.greenpeace.org\/africa\/fr\/wp-json\/wp\/v2\/comments?post=60500"}],"version-history":[{"count":1,"href":"https:\/\/www.greenpeace.org\/africa\/fr\/wp-json\/wp\/v2\/posts\/60500\/revisions"}],"predecessor-version":[{"id":60505,"href":"https:\/\/www.greenpeace.org\/africa\/fr\/wp-json\/wp\/v2\/posts\/60500\/revisions\/60505"}],"wp:featuredmedia":[{"embeddable":true,"href":"https:\/\/www.greenpeace.org\/africa\/fr\/wp-json\/wp\/v2\/media\/60503"}],"wp:attachment":[{"href":"https:\/\/www.greenpeace.org\/africa\/fr\/wp-json\/wp\/v2\/media?parent=60500"}],"wp:term":[{"taxonomy":"category","embeddable":true,"href":"https:\/\/www.greenpeace.org\/africa\/fr\/wp-json\/wp\/v2\/categories?post=60500"},{"taxonomy":"post_tag","embeddable":true,"href":"https:\/\/www.greenpeace.org\/africa\/fr\/wp-json\/wp\/v2\/tags?post=60500"},{"taxonomy":"p4-page-type","embeddable":true,"href":"https:\/\/www.greenpeace.org\/africa\/fr\/wp-json\/wp\/v2\/p4-page-type?post=60500"}],"curies":[{"name":"wp","href":"https:\/\/api.w.org\/{rel}","templated":true}]}}