{"id":6108,"date":"2018-11-26T09:35:33","date_gmt":"2018-11-26T09:35:33","guid":{"rendered":"https:\/\/www.greenpeace.org\/africa\/?p=6108"},"modified":"2019-11-06T08:22:13","modified_gmt":"2019-11-06T08:22:13","slug":"reactive-sur-le-changement-du-statut-de-conservation-des-gorilles-des-montagnes","status":"publish","type":"post","link":"https:\/\/www.greenpeace.org\/africa\/fr\/communiques-de-presse\/6108\/reactive-sur-le-changement-du-statut-de-conservation-des-gorilles-des-montagnes\/","title":{"rendered":"R\u00e9active sur le changement du statut de conservation des gorilles des montagnes"},"content":{"rendered":"<p><span style=\"font-weight: 400;\">Faisant suite \u00e0 l\u2019annonce de l\u2019Union Internationale pour la Conservation de la Nature (UICN) sur le statut de conservation des gorilles des montagnes qui est pass\u00e9 de <\/span><i><span style=\"font-weight: 400;\">\u00ab en danger critique \u00bb<\/span><\/i><span style=\"font-weight: 400;\"> \u00e0 <\/span><i><span style=\"font-weight: 400;\">\u00ab en danger \u00bb, <\/span><\/i><span style=\"font-weight: 400;\">Raoul Monsembula, Coordonnateur R\u00e9gional de l\u2019Afrique Centrale de Greenpeace Afrique, a d\u00e9clar\u00e9 ce qui suit :<\/span><\/p>\n<p><span style=\"font-weight: 400;\">\u201cNous saluons le changement du statut des gorilles des montagnes, suite \u00e0 l\u2019augmentation de leur nombre dans les for\u00eats du bassin du Congo, et plus pr\u00e9cis\u00e9ment dans le parc national des Virunga en RDC, et nous encourageons \u00e9galement les efforts de conservation consentis ces derni\u00e8res ann\u00e9es, qui ont largement contribu\u00e9 \u00e0 la protection de cette sous-esp\u00e8ce du gorille de l\u2019est.<\/span><\/p>\n<p><span style=\"font-weight: 400;\">\u201cEn m\u00eame temps, nous interpellons sur le fait que les menaces sur ces grands singes demeurent et se sont m\u00eame accrues en 2018, \u00e0 cause notamment de la d\u00e9cision du gouvernement congolais de d\u00e9classifier et de d\u00e9saffecter, au b\u00e9n\u00e9fice de l\u2019exploitation du p\u00e9trole, une partie du parc national des Virunga, sanctuaire des gorilles des montagnes \u00e0 l\u2019est de la RDC. <\/span><\/p>\n<p><span style=\"font-weight: 400;\">\u201cGreenpeace Afrique trouve d\u00e9plorable que le gouvernement congolais, jusqu&#8217;\u00e0 ce jour, n\u2019ait pas officiellement abandonn\u00e9 ce projet, qui concerne \u00e9galement le parc national de la Salonga, apr\u00e8s que plusieurs organisations de la soci\u00e9t\u00e9 civile aient d\u00e9nonc\u00e9 publiquement cette initiative destructrice de tout un \u00e9cosyst\u00e8me. Bien que le gouvernement avance une raison de croissance \u00e9conomique, les industries extractives n\u2019ont jamais contribu\u00e9 \u00e0 un essor quelconque en RDC. Cette exploitation p\u00e9troli\u00e8re ne b\u00e9n\u00e9ficiera qu&#8217;\u00e0 un petit groupe de personnes cupides.<\/span><\/p>\n<p><span style=\"font-weight: 400;\">\u201cEn outre, la r\u00e9gion de l\u2019est de la RDC est \u00e9galement touch\u00e9e par l&#8217;\u00e9pid\u00e9mie d\u2019Ebola. La proximit\u00e9 entre le parc national des Virunga et l&#8217;\u00e9picentre de la maladie constitue une autre menace. Nous compatissons avec les populations touch\u00e9es et, encore une fois, nous en appelons au gouvernement congolais de doubler les efforts de lutte contre Ebola, en mettant les plus de ressources possibles et en contenant l\u2019expansion de la maladie dans d\u2019autres provinces de la RDC\u201d.<\/span><\/p>\n<p><b>Contact media <\/b><span style=\"font-weight: 400;\">:<\/span><\/p>\n<p><span style=\"font-weight: 400;\">Afy Malungu, charg\u00e9e de communication &#8211; Greenpeace Afrique, Campagne For\u00eat Bassin du Congo,\u00a0<a href=\"mailto:amalungu@greenpeace.org\">amalungu@greenpeace.org<\/a>, +243991521250\u00a0<\/span><\/p>\n","protected":false},"excerpt":{"rendered":"<p>Faisant suite \u00e0 l\u2019annonce de l\u2019Union Internationale pour la Conservation de la Nature (UICN) sur le statut de conservation des gorilles des montagnes qui est pass\u00e9 de \u00ab en danger&hellip;<\/p>\n","protected":false},"author":27,"featured_media":6109,"comment_status":"open","ping_status":"open","sticky":false,"template":"","format":"standard","meta":{"_acf_changed":false,"ep_exclude_from_search":false,"p4_og_title":"","p4_og_description":"","p4_og_image":"","p4_og_image_id":"","p4_seo_canonical_url":"","p4_campaign_name":"","p4_local_project":"","p4_basket_name":"","p4_department":"","footnotes":""},"categories":[52],"tags":[54,55,61],"p4-page-type":[51],"class_list":["post-6108","post","type-post","status-publish","format-standard","has-post-thumbnail","hentry","category-proteger-lenvironnement","tag-forets","tag-rdc","tag-biodiversite","p4-page-type-communiques-de-presse"],"acf":[],"_links":{"self":[{"href":"https:\/\/www.greenpeace.org\/africa\/fr\/wp-json\/wp\/v2\/posts\/6108","targetHints":{"allow":["GET"]}}],"collection":[{"href":"https:\/\/www.greenpeace.org\/africa\/fr\/wp-json\/wp\/v2\/posts"}],"about":[{"href":"https:\/\/www.greenpeace.org\/africa\/fr\/wp-json\/wp\/v2\/types\/post"}],"author":[{"embeddable":true,"href":"https:\/\/www.greenpeace.org\/africa\/fr\/wp-json\/wp\/v2\/users\/27"}],"replies":[{"embeddable":true,"href":"https:\/\/www.greenpeace.org\/africa\/fr\/wp-json\/wp\/v2\/comments?post=6108"}],"version-history":[{"count":2,"href":"https:\/\/www.greenpeace.org\/africa\/fr\/wp-json\/wp\/v2\/posts\/6108\/revisions"}],"predecessor-version":[{"id":6112,"href":"https:\/\/www.greenpeace.org\/africa\/fr\/wp-json\/wp\/v2\/posts\/6108\/revisions\/6112"}],"wp:featuredmedia":[{"embeddable":true,"href":"https:\/\/www.greenpeace.org\/africa\/fr\/wp-json\/wp\/v2\/media\/6109"}],"wp:attachment":[{"href":"https:\/\/www.greenpeace.org\/africa\/fr\/wp-json\/wp\/v2\/media?parent=6108"}],"wp:term":[{"taxonomy":"category","embeddable":true,"href":"https:\/\/www.greenpeace.org\/africa\/fr\/wp-json\/wp\/v2\/categories?post=6108"},{"taxonomy":"post_tag","embeddable":true,"href":"https:\/\/www.greenpeace.org\/africa\/fr\/wp-json\/wp\/v2\/tags?post=6108"},{"taxonomy":"p4-page-type","embeddable":true,"href":"https:\/\/www.greenpeace.org\/africa\/fr\/wp-json\/wp\/v2\/p4-page-type?post=6108"}],"curies":[{"name":"wp","href":"https:\/\/api.w.org\/{rel}","templated":true}]}}