{"id":6181,"date":"2018-12-03T16:07:03","date_gmt":"2018-12-03T16:07:03","guid":{"rendered":"https:\/\/www.greenpeace.org\/africa\/?p=6181"},"modified":"2019-11-06T08:22:12","modified_gmt":"2019-11-06T08:22:12","slug":"les-parties-prenantes-de-lenvironnement-interrogent-sudcam","status":"publish","type":"post","link":"https:\/\/www.greenpeace.org\/africa\/fr\/communiques-de-presse\/6181\/les-parties-prenantes-de-lenvironnement-interrogent-sudcam\/","title":{"rendered":"Les parties prenantes de l&#8217;environnement interrogent SUDCAM"},"content":{"rendered":"<p><span style=\"font-weight: 400;\">Yaound\u00e9, 22 novembre 2018- Les r\u00e9percussions socio-\u00e9conomiques et environnementales n\u00e9gatives des activit\u00e9s de Sudcam dans le sud du Cameroun ont incit\u00e9 les acteurs du gouvernement et de la soci\u00e9t\u00e9 civile \u00e0 entreprendre un travail de terrain dans les zones de concession de Sudcam. La visite des villages de Bitye, Edjom, Ndibessong, Zoumeyo et Ekok a mis en lumi\u00e8re la d\u00e9tresse des communaut\u00e9s locales et autochtones et la d\u00e9forestation non r\u00e9glement\u00e9e \u00e0 grande \u00e9chelle qui se d\u00e9roule au Cameroun.<\/span><\/p>\n<p><span style=\"font-weight: 400;\">Le R\u00e9seau camerounais des organisations de d\u00e9fense des droits de l&#8217;homme (RECODH), le Conseil des Eglises protestantes du Cameroun (CEPCA), des s\u00e9nateurs, des parlementaires, des repr\u00e9sentants des autorit\u00e9s traditionnelles et Greenpeace Afrique ont particip\u00e9 \u00e0 ce voyage.<\/span><\/p>\n<p><span style=\"font-weight: 400;\">\u00ab Nous avons assist\u00e9 \u00e0 une r\u00e9alit\u00e9 inqui\u00e9tante de communaut\u00e9s locales et autochtones priv\u00e9es de leurs droits humains fondamentaux par une grande et puissante entreprise. Les Baka ont \u00e9t\u00e9 d\u00e9plac\u00e9s de leur campements et priv\u00e9s de leurs moyens de subsistance sans compensation juste et ad\u00e9quate. En refusant de r\u00e9pondre aux pr\u00e9occupations sociales qui touchent les communaut\u00e9s riveraines, Sudcam nourrit une bombe \u00e0 retardement \u00bb a d\u00e9clar\u00e9 Joseph Zebaze, le coordinateur national du RECODH.<\/span><\/p>\n<p><span style=\"font-weight: 400;\">Le gouvernement camerounais et Sudcam n&#8217;ont pas proc\u00e9d\u00e9 \u00e0 un consentement libre, pr\u00e9alable et \u00e9clair\u00e9 (CLIP) ni \u00e0 aucune consultation appropri\u00e9e entre le gouvernement, Sudcam et les communaut\u00e9s locales avant l&#8217;acquisition et le d\u00e9veloppement du terrain. En cons\u00e9quence, les communaut\u00e9s locales ont exprim\u00e9 leur m\u00e9contentement \u00e0 mesure que Sudcam s\u2019\u00e9tend, leur enlevant leurs terres et leur identit\u00e9.<\/span><\/p>\n<p><span style=\"font-weight: 400;\">\u00ab Il est de notre responsabilit\u00e9 collective, en tant que chr\u00e9tiens de bonne volont\u00e9, de mettre en garde contre les conflits \u00e9vitables \u00bb, a d\u00e9clar\u00e9 M. Mbagna Francis du CEPCA. \u00ab Les t\u00e9moignages que nous avons receuillis aupr\u00e8s des communaut\u00e9s locales et autochtones touch\u00e9es dans les villages concern\u00e9s sont d\u00e9plorables. Il est imp\u00e9ratif de mettre fin aux activit\u00e9s n\u00e9gatives de Sudcam et je suis heureux que nous soyons sur le terrain avec des s\u00e9nateurs et des parlementaires. J&#8217;esp\u00e8re qu&#8217;ils r\u00e9soudront ces probl\u00e8mes au niveau legislative \u00bb, a ajout\u00e9 M. Mbagna.<\/span><\/p>\n<p><span style=\"font-weight: 400;\">Il n&#8217;y a pas de m\u00e9canismes adapt\u00e9s de r\u00e8glement des diff\u00e9rends en place pour traiter les griefs des membres des collectivit\u00e9s locales affect\u00e9es. Il est all\u00e9gu\u00e9 que les plaintes aupr\u00e8s des autorit\u00e9s administratives ne sont pas enregistr\u00e9es ou entra\u00eenent des menaces de la part de l&#8217;entreprise et de ses promoteurs.<\/span><\/p>\n<p><span style=\"font-weight: 400;\">\u00ab Sudcam est recouverte d&#8217;une toile complexe con\u00e7ue pour cacher ses ma\u00eetres. Il est all\u00e9gu\u00e9 que 20% de la soci\u00e9t\u00e9 est d\u00e9tenue par un membre du gouvernement camerounais dont l&#8217;identit\u00e9 reste un myst\u00e8re \u00bb, a d\u00e9clar\u00e9 Eric Ini, responsable de la campagne foresti\u00e8re pour Greenpeace Afrique.<\/span><\/p>\n<p><span style=\"font-weight: 400;\">\u00ab Nous demandons \u00e0 Sudcam de suspendre imm\u00e9diatement tout nouveau d\u00e9frichement et de s&#8217;engager dans un processus de r\u00e9solution des conflits avec les communaut\u00e9s locales et autochtones, en s&#8217;attaquant aux violations des droits et en offrant des r\u00e9parations pour les dommages caus\u00e9s par les d\u00e9placements physiques et \u00e9conomiques. Ils doivent donner la priorit\u00e9 \u00e0 la restitution et \u00e0 la restauration des terres. En outre, SUDCAM devrait rendre publics tous les documents relatifs \u00e0 sa propri\u00e9t\u00e9, \u00e0 son processus d&#8217;acquisition des terres et \u00e0 toute \u00e9tude d&#8217;impact environnemental et social qu&#8217;il a realise \u00bb a conclu Ini.<\/span><\/p>\n<p><span style=\"font-weight: 400;\">Contact pour les medias :<\/span><\/p>\n<p><span style=\"font-weight: 400;\">Nchemty M. Ozongashu,\u00a0<\/span>Charg\u00e9 de la Communication &#8211; Greenpeace Afrique,\u00a0<span>677-345-612,\u00a0<\/span><a href=\"mailto:nmetimio@greenpeace.org\"><span>nmetimio@greenpeace.org<\/span><\/a><\/p>\n","protected":false},"excerpt":{"rendered":"<p>Yaound\u00e9, 22 novembre 2018- Les r\u00e9percussions socio-\u00e9conomiques et environnementales n\u00e9gatives des activit\u00e9s de Sudcam dans le sud du Cameroun ont incit\u00e9 les acteurs du gouvernement et de la soci\u00e9t\u00e9 civile&hellip;<\/p>\n","protected":false},"author":27,"featured_media":6182,"comment_status":"open","ping_status":"open","sticky":false,"template":"","format":"standard","meta":{"_acf_changed":false,"ep_exclude_from_search":false,"p4_og_title":"","p4_og_description":"","p4_og_image":"","p4_og_image_id":"","p4_seo_canonical_url":"","p4_campaign_name":"","p4_local_project":"","p4_basket_name":"","p4_department":"","footnotes":""},"categories":[52],"tags":[54,56,61],"p4-page-type":[51],"class_list":["post-6181","post","type-post","status-publish","format-standard","has-post-thumbnail","hentry","category-proteger-lenvironnement","tag-forets","tag-cameroun","tag-biodiversite","p4-page-type-communiques-de-presse"],"acf":[],"_links":{"self":[{"href":"https:\/\/www.greenpeace.org\/africa\/fr\/wp-json\/wp\/v2\/posts\/6181","targetHints":{"allow":["GET"]}}],"collection":[{"href":"https:\/\/www.greenpeace.org\/africa\/fr\/wp-json\/wp\/v2\/posts"}],"about":[{"href":"https:\/\/www.greenpeace.org\/africa\/fr\/wp-json\/wp\/v2\/types\/post"}],"author":[{"embeddable":true,"href":"https:\/\/www.greenpeace.org\/africa\/fr\/wp-json\/wp\/v2\/users\/27"}],"replies":[{"embeddable":true,"href":"https:\/\/www.greenpeace.org\/africa\/fr\/wp-json\/wp\/v2\/comments?post=6181"}],"version-history":[{"count":2,"href":"https:\/\/www.greenpeace.org\/africa\/fr\/wp-json\/wp\/v2\/posts\/6181\/revisions"}],"predecessor-version":[{"id":6185,"href":"https:\/\/www.greenpeace.org\/africa\/fr\/wp-json\/wp\/v2\/posts\/6181\/revisions\/6185"}],"wp:featuredmedia":[{"embeddable":true,"href":"https:\/\/www.greenpeace.org\/africa\/fr\/wp-json\/wp\/v2\/media\/6182"}],"wp:attachment":[{"href":"https:\/\/www.greenpeace.org\/africa\/fr\/wp-json\/wp\/v2\/media?parent=6181"}],"wp:term":[{"taxonomy":"category","embeddable":true,"href":"https:\/\/www.greenpeace.org\/africa\/fr\/wp-json\/wp\/v2\/categories?post=6181"},{"taxonomy":"post_tag","embeddable":true,"href":"https:\/\/www.greenpeace.org\/africa\/fr\/wp-json\/wp\/v2\/tags?post=6181"},{"taxonomy":"p4-page-type","embeddable":true,"href":"https:\/\/www.greenpeace.org\/africa\/fr\/wp-json\/wp\/v2\/p4-page-type?post=6181"}],"curies":[{"name":"wp","href":"https:\/\/api.w.org\/{rel}","templated":true}]}}