{"id":6227,"date":"2018-12-11T10:32:43","date_gmt":"2018-12-11T10:32:43","guid":{"rendered":"https:\/\/www.greenpeace.org\/africa\/?p=6227"},"modified":"2019-11-06T08:22:11","modified_gmt":"2019-11-06T08:22:11","slug":"greenpeace-afrique-et-des-artistes-camerounais-lancent-une-campagne-contre-laccaparement-des-terres","status":"publish","type":"post","link":"https:\/\/www.greenpeace.org\/africa\/fr\/communiques-de-presse\/6227\/greenpeace-afrique-et-des-artistes-camerounais-lancent-une-campagne-contre-laccaparement-des-terres\/","title":{"rendered":"Greenpeace Afrique et des artistes camerounais lancent une campagne contre l\u2019accaparement des terres"},"content":{"rendered":"<p><span style=\"font-weight: 400;\">Douala, le 11 d\u00e9cembre 2018 &#8211; Greenpeace Afrique, en partenariat avec Nsang Dilong, Fredy Kristel et Alenne Menget lance aujourd\u2019hui une campagne contre l\u2019accaparement des terres en utilisant des vid\u00e9os, une <a href=\"https:\/\/act.greenpeace.org\/page\/35422\/petition\/1\" target=\"_blank\" rel=\"noopener noreferrer\">p\u00e9tition<\/a>\u00a0en ligne et hors ligne au Cameroun. Le lancement de la campagne \u00e0 Douala, intervient apr\u00e8s une visite de terrain dans les villages de Bitye, Edjom, Ndibessong, Zoumeyo et Ekok, qui a mis en lumi\u00e8re le sort des communaut\u00e9s locales et autochtones et l\u2019accaparement des terres non r\u00e9glement\u00e9 au Cameroun.<\/span><span style=\"font-weight: 400;\"><br \/>\n<\/span><span style=\"font-weight: 400;\"><br \/>\n<\/span><span style=\"font-weight: 400;\">\u00ab Les cons\u00e9quences socio\u00e9conomiques de l\u2019accaparement des terres dans nos communaut\u00e9s locales sont de grande port\u00e9e \u00bb, a d\u00e9clar\u00e9 Nsang Dilong. \u00ab Nous pr\u00eatons notre voix \u00e0 cette campagne de Greenpeace Afrique en tant que Camerounais et artistes engag\u00e9s. Nous utilisons nos vid\u00e9os pour soutenir les communaut\u00e9s locales dans la lutte contre les m\u00e9faits des entreprises de caoutchouc telles que Sudcam, une filiale de Halcyon Agri. Nous voulons que les droits coutumiers sur les terres de ces communaut\u00e9s soient respect\u00e9s et que la for\u00eat dont elles d\u00e9pendent pour leur subsistance soit prot\u00e9g\u00e9e \u00bb, a ajout\u00e9 Dilong.<\/span><span style=\"font-weight: 400;\"><br \/>\n<\/span><span style=\"font-weight: 400;\"><br \/>\n<\/span><span style=\"font-weight: 400;\">Les vid\u00e9os et les sketches humoristiques constituent un moyen utilis\u00e9 par les acteurs tels que Nsang Dilong, Fredy Kristel et Alenne Menget pour pr\u00e9senter le grave probl\u00e8me de l&#8217;accaparement des terres d&#8217;une mani\u00e8re compr\u00e9hensible pour tous les Camerounais. Les vid\u00e9os peuvent \u00eatre visionn\u00e9es via ce lien. Aussi, un l\u2019appel est lanc\u00e9 \u00e0 tous les Camerounais en particulier, et aux Africains en g\u00e9n\u00e9ral, pour qu&#8217;ils agissent contre le probl\u00e8me de l&#8217;accaparement des terres en signant cette <a href=\"https:\/\/act.greenpeace.org\/page\/35422\/petition\/1\" target=\"_blank\" rel=\"noopener noreferrer\">p\u00e9tition<\/a>\u00a0en ligne contre Sudcam, un cas classique d&#8217;accaparement des terres.<\/span><span style=\"font-weight: 400;\"><br \/>\n<\/span> <span style=\"font-weight: 400;\"><br \/>\n<\/span><span style=\"font-weight: 400;\">\u00ab Les activit\u00e9s de Sudcam nous privent de notre gagne-pain et nous n\u2019avons aucune institution fiable pour traiter nos griefs \u00bb, a d\u00e9clar\u00e9 Mekoulou Ondo Thomas, de la communaut\u00e9 Edjom. \u00ab Nous travaillons en partenariat avec Greenpeace et d\u2019autres artistes dans le cadre de cette campagne contre l\u2019accaparement des terres, car nous savons que plus nous avons de personnes \u00e0 nos c\u00f4t\u00e9s, plus nous avons de chances de faire entendre notre voix et d\u2019amener les autorit\u00e9s comp\u00e9tentes \u00e0 agir. Nous en appelons \u00e0 nos s\u00e9nateurs et nos parlementaires \u00e0 adopter des lois appropri\u00e9es pour nous prot\u00e9ger des activit\u00e9s de Sudcam \u00bb, a ajout\u00e9 Mekoulou.<\/span><span style=\"font-weight: 400;\"><br \/>\n<\/span><span style=\"font-weight: 400;\"><br \/>\n<\/span><span style=\"font-weight: 400;\">La soci\u00e9t\u00e9 a d\u00e9frich\u00e9 plus de 10 000 hectares de for\u00eat pour y planter l\u2019h\u00e9v\u00e9a. Il s\u2019ensuit que certaines communaut\u00e9s locales et autochtones de la r\u00e9gion du sud ont \u00e9t\u00e9 d\u00e9plac\u00e9es et ne sont pas encore indemnis\u00e9es de mani\u00e8re ad\u00e9quate pour leurs terres. \u00a0Il y a \u00e9galement une acquisition et une gestion irresponsables des terres pour la culture du caoutchouc naturel et le non-respect des droits fonciers coutumiers, ce qui compromet l\u2019approvisionnement alimentaire des communaut\u00e9s locales et autochtones.<\/span><span style=\"font-weight: 400;\"><br \/>\n<\/span><span style=\"font-weight: 400;\"><br \/>\n<\/span><span style=\"font-weight: 400;\">\u00ab Greenpeace Afrique est pr\u00e9occup\u00e9e par les activit\u00e9s d\u2019accaparement des terres men\u00e9es par des multinationales telles que Sudcam dans le Sud Cameroun. Avec le lancement de cette campagne, nous appelons Sudcam \u00e0 s\u2019engager dans un processus de r\u00e9solution de conflit avec les communaut\u00e9s locales et autochtones, et \u00e0 mettre un terme \u00e0 la d\u00e9forestation. Sudcam doit accorder la priorit\u00e9 \u00e0 la restitution des terres, et d\u00e9dommager de mani\u00e8re ad\u00e9quate les communaut\u00e9s d\u00e9plac\u00e9es. L\u2019entreprise devrait \u00e9galement divulguer publiquement tous les documents relatifs \u00e0 sa propri\u00e9t\u00e9, au processus d\u2019acquisition des terres et \u00e0 l\u2019\u00e9tude d\u2019impact environnemental et social qu\u2019elle a r\u00e9alis\u00e9e \u00bb, a d\u00e9clar\u00e9 Eric Ini, charg\u00e9 de la campagne pour la for\u00eat chez Greenpeace Afrique.<\/span><span style=\"font-weight: 400;\"><br \/>\n<\/span><span style=\"font-weight: 400;\"><br \/>\n<\/span><span style=\"font-weight: 400;\">Contact M\u00e9dia:<\/span><span style=\"font-weight: 400;\"><br \/>\n<\/span><span style=\"font-weight: 400;\"> Nchemty M. Ozongashu,\u00a0<\/span><span style=\"font-weight: 400;\">Responsable Communications &#8211; Greenpeace Afrique,\u00a0<\/span><span style=\"font-weight: 400;\">677-345-612, <a href=\"mailto:nmetimio@greenpeace.org\">nmetimio@greenpeace.org<\/a><\/span><\/p>\n","protected":false},"excerpt":{"rendered":"<p>Douala, le 11 d\u00e9cembre 2018 &#8211; Greenpeace Afrique, en partenariat avec Nsang Dilong, Freddy Kristel et Alene Menget lance aujourd\u2019hui une campagne contre l\u2019accaparement des terres en utilisant des vid\u00e9os,&hellip;<\/p>\n","protected":false},"author":27,"featured_media":6228,"comment_status":"open","ping_status":"open","sticky":false,"template":"","format":"standard","meta":{"_acf_changed":false,"ep_exclude_from_search":false,"p4_og_title":"","p4_og_description":"","p4_og_image":"","p4_og_image_id":"","p4_seo_canonical_url":"","p4_campaign_name":"","p4_local_project":"","p4_basket_name":"","p4_department":"","footnotes":""},"categories":[52],"tags":[54,56,61],"p4-page-type":[51],"class_list":["post-6227","post","type-post","status-publish","format-standard","has-post-thumbnail","hentry","category-proteger-lenvironnement","tag-forets","tag-cameroun","tag-biodiversite","p4-page-type-communiques-de-presse"],"acf":[],"_links":{"self":[{"href":"https:\/\/www.greenpeace.org\/africa\/fr\/wp-json\/wp\/v2\/posts\/6227","targetHints":{"allow":["GET"]}}],"collection":[{"href":"https:\/\/www.greenpeace.org\/africa\/fr\/wp-json\/wp\/v2\/posts"}],"about":[{"href":"https:\/\/www.greenpeace.org\/africa\/fr\/wp-json\/wp\/v2\/types\/post"}],"author":[{"embeddable":true,"href":"https:\/\/www.greenpeace.org\/africa\/fr\/wp-json\/wp\/v2\/users\/27"}],"replies":[{"embeddable":true,"href":"https:\/\/www.greenpeace.org\/africa\/fr\/wp-json\/wp\/v2\/comments?post=6227"}],"version-history":[{"count":6,"href":"https:\/\/www.greenpeace.org\/africa\/fr\/wp-json\/wp\/v2\/posts\/6227\/revisions"}],"predecessor-version":[{"id":8260,"href":"https:\/\/www.greenpeace.org\/africa\/fr\/wp-json\/wp\/v2\/posts\/6227\/revisions\/8260"}],"wp:featuredmedia":[{"embeddable":true,"href":"https:\/\/www.greenpeace.org\/africa\/fr\/wp-json\/wp\/v2\/media\/6228"}],"wp:attachment":[{"href":"https:\/\/www.greenpeace.org\/africa\/fr\/wp-json\/wp\/v2\/media?parent=6227"}],"wp:term":[{"taxonomy":"category","embeddable":true,"href":"https:\/\/www.greenpeace.org\/africa\/fr\/wp-json\/wp\/v2\/categories?post=6227"},{"taxonomy":"post_tag","embeddable":true,"href":"https:\/\/www.greenpeace.org\/africa\/fr\/wp-json\/wp\/v2\/tags?post=6227"},{"taxonomy":"p4-page-type","embeddable":true,"href":"https:\/\/www.greenpeace.org\/africa\/fr\/wp-json\/wp\/v2\/p4-page-type?post=6227"}],"curies":[{"name":"wp","href":"https:\/\/api.w.org\/{rel}","templated":true}]}}