{"id":6301,"date":"2019-01-24T13:53:52","date_gmt":"2019-01-24T13:53:52","guid":{"rendered":"https:\/\/master.k8s.p4.greenpeace.org\/africa\/?p=6301"},"modified":"2019-11-06T08:22:10","modified_gmt":"2019-11-06T08:22:10","slug":"greenpeace-afrique-alerte-sur-le-lancement-de-la-phase-2-du-projet-congopeat-par-la-republique-du-congo","status":"publish","type":"post","link":"https:\/\/www.greenpeace.org\/africa\/fr\/communiques-de-presse\/6301\/greenpeace-afrique-alerte-sur-le-lancement-de-la-phase-2-du-projet-congopeat-par-la-republique-du-congo\/","title":{"rendered":"Greenpeace Afrique alerte sur le lancement de la phase 2 du Projet CongoPeat par la R\u00e9publique du Congo"},"content":{"rendered":"<p><span style=\"font-weight: 400;\">Faisant suite \u00e0 l\u2019annonce du lancement de la deuxi\u00e8me phase du projet CongoPeat par la ministre congolaise de l\u2019Environnement, Arlette Soudan-Nonault, Victorine Che Thoener, responsable du projet de la campagne Bassin du Congo de Greenpeace Afrique, a d\u00e9clar\u00e9 ce qui suit :<\/span><\/p>\n<p><span style=\"font-weight: 400;\">\u201cC\u2019est avec amertume que nous avons appris le lancement de cette deuxi\u00e8me phase qui consiste en une \u00e9tude scientifique des zones de tourbi\u00e8res. Cette \u00e9tude sera utilis\u00e9e pour \u00e9valuer, entre autres, l\u2019impact d\u2019\u00e9ventuels \u201cd\u00e9versements du p\u00e9trole\u201d, ou de \u201cl\u2019abattage s\u00e9lectif\u201d ou encore de \u201cla conversion de la for\u00eat de tourbe en plantation industrielle\u201d[1] dans une zone des tourbi\u00e8res qui stocke environs 30 milliards de tonnes de carbone !<\/span><\/p>\n<p><span style=\"font-weight: 400;\">\u201cLe 8 novembre dernier, Greenpeace a expos\u00e9 le greenwashing effr\u00e9n\u00e9 que m\u00e8nent les autorit\u00e9s congolaises au moment o\u00f9 elles mettent aux ench\u00e8res trois blocs p\u00e9troliers au coeur des tourbi\u00e8res.[2] <\/span><\/p>\n<p><span style=\"font-weight: 400;\">\u201cNous r\u00e9it\u00e9rons notre demande au gouvernement de la R\u00e9publique du Congo d\u2019annuler imm\u00e9diatement ces appels d\u2019offres ainsi que des contrats des quatre blocs d\u00e9j\u00e0 attribu\u00e9s dans la m\u00eame zone\u201d.<\/span><\/p>\n<p><span style=\"font-weight: 400;\">Notes :<\/span><\/p>\n<p><span style=\"font-weight: 400;\">[1] <\/span><a href=\"http:\/\/www.tourisme-environnement.gouv.cg\/congopeat-communique-de-presse\/\"><span style=\"font-weight: 400;\">http:\/\/www.tourisme-environnement.gouv.cg\/congopeat-communique-de-presse\/<\/span><\/a><\/p>\n<p><span style=\"font-weight: 400;\">[2] <\/span><a href=\"https:\/\/www.greenpeace.org\/archive-africa\/fr\/Presse\/Greenpeace-Afrique-denonce-la-campagne-de-greenwashing-de-la-Republique-du-Congo-lors-de-la-Semaine-africaine-du-petrole\/\"><span style=\"font-weight: 400;\">https:\/\/www.greenpeace.org\/archive-africa\/fr\/Presse\/Greenpeace-Afrique-denonce-la-campagne-de-greenwashing-de-la-Republique-du-Congo-lors-de-la-Semaine-africaine-du-petrole\/<\/span><\/a><span style=\"font-weight: 400;\"> \u00a0<\/span><\/p>\n<p><b>Contact m\u00e9dia:<\/b><\/p>\n<ul>\n<li style=\"font-weight: 400;\"><span style=\"font-weight: 400;\">Afy Malungu, Charg\u00e9e de communication, Bassin du Congo &#8211; Greenpeace Afrique, +243991521250<\/span><span style=\"font-weight: 400;\">, <\/span><span style=\"font-weight: 400;\"><a href=\"mailto:amalungu@greenpeace.org\">amalungu@greenpeace.org<\/a><\/span><\/li>\n<li style=\"font-weight: 400;\">Victorine Che Th\u00f6ner, Project Leader du Projet Bassin du Congo &#8211; Greenpeace Afrique, +49 15779598983, <a href=\"mailto:vchethoe@greenpeace.org\">vchethoe@greenpeace.org<\/a><\/li>\n<\/ul>\n","protected":false},"excerpt":{"rendered":"<p>Faisant suite \u00e0 l\u2019annonce du lancement de la deuxi\u00e8me phase du projet CongoPeat par la ministre congolaise de l\u2019Environnement, Arlette Soudan-Nonault, Victorine Che Thoener, responsable du projet de la campagne&hellip;<\/p>\n","protected":false},"author":30,"featured_media":6319,"comment_status":"open","ping_status":"open","sticky":false,"template":"","format":"standard","meta":{"_acf_changed":false,"ep_exclude_from_search":false,"p4_og_title":"","p4_og_description":"","p4_og_image":"","p4_og_image_id":"","p4_seo_canonical_url":"","p4_campaign_name":"","p4_local_project":"","p4_basket_name":"","p4_department":"","footnotes":""},"categories":[17],"tags":[54],"p4-page-type":[51],"class_list":["post-6301","post","type-post","status-publish","format-standard","has-post-thumbnail","hentry","category-non-classifiee","tag-forets","p4-page-type-communiques-de-presse"],"acf":[],"_links":{"self":[{"href":"https:\/\/www.greenpeace.org\/africa\/fr\/wp-json\/wp\/v2\/posts\/6301","targetHints":{"allow":["GET"]}}],"collection":[{"href":"https:\/\/www.greenpeace.org\/africa\/fr\/wp-json\/wp\/v2\/posts"}],"about":[{"href":"https:\/\/www.greenpeace.org\/africa\/fr\/wp-json\/wp\/v2\/types\/post"}],"author":[{"embeddable":true,"href":"https:\/\/www.greenpeace.org\/africa\/fr\/wp-json\/wp\/v2\/users\/30"}],"replies":[{"embeddable":true,"href":"https:\/\/www.greenpeace.org\/africa\/fr\/wp-json\/wp\/v2\/comments?post=6301"}],"version-history":[{"count":10,"href":"https:\/\/www.greenpeace.org\/africa\/fr\/wp-json\/wp\/v2\/posts\/6301\/revisions"}],"predecessor-version":[{"id":6373,"href":"https:\/\/www.greenpeace.org\/africa\/fr\/wp-json\/wp\/v2\/posts\/6301\/revisions\/6373"}],"wp:featuredmedia":[{"embeddable":true,"href":"https:\/\/www.greenpeace.org\/africa\/fr\/wp-json\/wp\/v2\/media\/6319"}],"wp:attachment":[{"href":"https:\/\/www.greenpeace.org\/africa\/fr\/wp-json\/wp\/v2\/media?parent=6301"}],"wp:term":[{"taxonomy":"category","embeddable":true,"href":"https:\/\/www.greenpeace.org\/africa\/fr\/wp-json\/wp\/v2\/categories?post=6301"},{"taxonomy":"post_tag","embeddable":true,"href":"https:\/\/www.greenpeace.org\/africa\/fr\/wp-json\/wp\/v2\/tags?post=6301"},{"taxonomy":"p4-page-type","embeddable":true,"href":"https:\/\/www.greenpeace.org\/africa\/fr\/wp-json\/wp\/v2\/p4-page-type?post=6301"}],"curies":[{"name":"wp","href":"https:\/\/api.w.org\/{rel}","templated":true}]}}