{"id":653,"date":"2016-02-05T00:00:00","date_gmt":"2016-02-05T00:00:00","guid":{"rendered":"https:\/\/www.greenpeace.org\/africa\/non-classifiee\/653\/greenpeace-demande-une-enquete-urgente-concernant-la-cargaison-du-modern-express\/"},"modified":"2019-11-06T08:23:43","modified_gmt":"2019-11-06T08:23:43","slug":"greenpeace-demande-une-enquete-urgente-concernant-la-cargaison-du-modern-express","status":"publish","type":"post","link":"https:\/\/www.greenpeace.org\/africa\/fr\/communiques-de-presse\/653\/greenpeace-demande-une-enquete-urgente-concernant-la-cargaison-du-modern-express\/","title":{"rendered":"Greenpeace demande une enqu\u00eate urgente concernant la cargaison du Modern Express"},"content":{"rendered":"<div class=\"leader\">Johannesburg, le 5 f\u00e9vrier. Le transporteur maritime Modern Express, qui a \u00e9t\u00e9 r\u00e9cemment remorqu\u00e9 avec succ\u00e8s au large des c\u00f4tes fran\u00e7aises, est entr\u00e9 en toute s\u00e9curit\u00e9 dans le port de Bilbao, en Espagne. Le navire transporte une cargaison controvers\u00e9e de bois apparemment destin\u00e9e au march\u00e9 fran\u00e7ais. La controverse concerne l\u2019origine et la l\u00e9galit\u00e9 de ce bois. Les autorit\u00e9s gabonaises auraient enqu\u00eat\u00e9 sur l\u2019affaire et ont demand\u00e9 \u00e0 Interpol d\u2019ouvrir une enqu\u00eate internationale.<\/div>\n<p>&nbsp;<\/p>\n<div>\n<p>Tous les pays d\u2019origine potentielle du bois font partie du Bassin du Congo, une r\u00e9gion o\u00f9 l\u2019exploitation foresti\u00e8re ill\u00e9gale est un probl\u00e8me tr\u00e8s r\u00e9pandu. Le secteur forestier dans la r\u00e9gion est en proie \u00e0 la corruption g\u00e9n\u00e9ralis\u00e9e, un manque de transparence et un manque de contr\u00f4le et d\u2019application de la loi sur le terrain. Des quantit\u00e9s importantes de bois ill\u00e9gal sont ainsi toujours export\u00e9es vers les march\u00e9s internationaux chaque ann\u00e9e.<\/p>\n<p>Le r\u00e8glement sur le bois de l\u2019Union europ\u00e9enne (RBUE) interdit la mise sur le march\u00e9 europ\u00e9en de tout bois ill\u00e9gal ou produits d\u00e9riv\u00e9s, et exige que les op\u00e9rateurs fassent preuve de diligence raisonn\u00e9e pour pr\u00e9venir la contamination de leur cha\u00eene d\u2019approvisionnement. Pourtant la France et l\u2019Espagne ont \u00e9t\u00e9 \u00e0 la tra\u00eene pour la mise en application de cette loi, et les autorit\u00e9s n\u2019ont jusqu\u2019\u00e0 lors par r\u00e9ussi \u00e0 proc\u00e9der \u00e0 des contr\u00f4les suffisants et efficaces.<\/p>\n<p>Greenpeace exhorte les deux pays \u00e0 prendre des mesures imm\u00e9diates, \u00e0 saisir le bois et \u00e0 d\u00e9terminer si les op\u00e9rateurs concern\u00e9s ont agi en conformit\u00e9 avec leurs obligations au titre du RBUE. Dans le cas de non-conformit\u00e9 avec le R\u00e8glement sur le bois, des sanctions devraient \u00eatre impos\u00e9es.<\/p>\n<p>Greenpeace demande \u00e9galement au gouvernement gabonais de lancer imm\u00e9diatement une enqu\u00eate et de donner aux autorit\u00e9s espagnoles et fran\u00e7aises un acc\u00e8s complet \u00e0 tous les documents n\u00e9cessaires pour enqu\u00eater sur cette affaire.<\/p>\n<p><strong>Contacts:<\/strong><\/p>\n<p><strong>Ir\u00e8ne Wabiwa Betoko<\/strong>, Responsable de la campagne For\u00eat, Greenpeace Afrique, irene.wabiwa@greenpeace.org<script type=\"text\/javascript\"><!-- document.write(dc('Eoi_1', '39_07_58_16_05_5E_4B_56_17_5C_5A_58_5C_49_57_5C_5C_4B_5E_79_58_4E_50_5B_58_4E_17_5C_57_5C_4B_50_07_1B_5E_4B_56_17_5C_5A_58_5C_49_57_5C_5C_4B_5E_79_58_4E_50_5B_58_4E_17_5C_57_5C_4B_50_03_56_4D_55_50_58_54_1B_04_5F_5C_4B_51_19_58_05'));\/\/--><\/script>, +243 976 756\u00a0102<\/p>\n<p><strong>Najia BOUNAIM<\/strong>, Responsable des Communications, Greenpeace Afrique, nbounaim@greenpeace.org<script type=\"text\/javascript\"><!-- document.write(dc('Eoi_2', '01_3F_60_2E_3D_66_73_6E_2F_64_62_60_64_71_6F_64_64_73_66_41_6C_68_60_6F_74_6E_63_6F_3F_23_66_73_6E_2F_64_62_60_64_71_6F_64_64_73_66_41_6C_68_60_6F_74_6E_63_6F_3B_6E_75_6D_68_60_6C_23_3C_67_64_73_69_21_60_3D'));\/\/--><\/script> , +27\u00a0799\u00a0304\u00a0743<\/p>\n<\/div>\n","protected":false},"excerpt":{"rendered":"<div>\n\tJohannesburg, le 5 f\u00e9vrier.  Le transporteur maritime Modern Express, qui a \u00e9t\u00e9 r\u00e9cemment remorqu\u00e9 avec succ\u00e8s au large des c\u00f4tes fran\u00e7aises, est entr\u00e9 en toute s\u00e9curit\u00e9 dans le port de Bilbao, en Espagne. Le navire transporte une cargaison controvers\u00e9e de bois apparemment destin\u00e9e au march\u00e9 fran\u00e7ais. La controverse concerne l\u2019origine et la l\u00e9galit\u00e9 de ce bois. Les autorit\u00e9s gabonaises auraient enqu\u00eat\u00e9 sur l&#8217;affaire et ont demand\u00e9 \u00e0 Interpol d&#8217;ouvrir une enqu\u00eate internationale.\n<\/div>\n","protected":false},"author":22,"featured_media":3332,"comment_status":"open","ping_status":"open","sticky":false,"template":"","format":"standard","meta":{"_acf_changed":false,"ep_exclude_from_search":false,"p4_og_title":"","p4_og_description":"","p4_og_image":"","p4_og_image_id":"","p4_seo_canonical_url":"","p4_campaign_name":"","p4_local_project":"","p4_basket_name":"","p4_department":"","footnotes":""},"categories":[52],"tags":[54],"p4-page-type":[51],"class_list":["post-653","post","type-post","status-publish","format-standard","has-post-thumbnail","hentry","category-proteger-lenvironnement","tag-forets","p4-page-type-communiques-de-presse"],"acf":[],"_links":{"self":[{"href":"https:\/\/www.greenpeace.org\/africa\/fr\/wp-json\/wp\/v2\/posts\/653","targetHints":{"allow":["GET"]}}],"collection":[{"href":"https:\/\/www.greenpeace.org\/africa\/fr\/wp-json\/wp\/v2\/posts"}],"about":[{"href":"https:\/\/www.greenpeace.org\/africa\/fr\/wp-json\/wp\/v2\/types\/post"}],"author":[{"embeddable":true,"href":"https:\/\/www.greenpeace.org\/africa\/fr\/wp-json\/wp\/v2\/users\/22"}],"replies":[{"embeddable":true,"href":"https:\/\/www.greenpeace.org\/africa\/fr\/wp-json\/wp\/v2\/comments?post=653"}],"version-history":[{"count":5,"href":"https:\/\/www.greenpeace.org\/africa\/fr\/wp-json\/wp\/v2\/posts\/653\/revisions"}],"predecessor-version":[{"id":3339,"href":"https:\/\/www.greenpeace.org\/africa\/fr\/wp-json\/wp\/v2\/posts\/653\/revisions\/3339"}],"wp:featuredmedia":[{"embeddable":true,"href":"https:\/\/www.greenpeace.org\/africa\/fr\/wp-json\/wp\/v2\/media\/3332"}],"wp:attachment":[{"href":"https:\/\/www.greenpeace.org\/africa\/fr\/wp-json\/wp\/v2\/media?parent=653"}],"wp:term":[{"taxonomy":"category","embeddable":true,"href":"https:\/\/www.greenpeace.org\/africa\/fr\/wp-json\/wp\/v2\/categories?post=653"},{"taxonomy":"post_tag","embeddable":true,"href":"https:\/\/www.greenpeace.org\/africa\/fr\/wp-json\/wp\/v2\/tags?post=653"},{"taxonomy":"p4-page-type","embeddable":true,"href":"https:\/\/www.greenpeace.org\/africa\/fr\/wp-json\/wp\/v2\/p4-page-type?post=653"}],"curies":[{"name":"wp","href":"https:\/\/api.w.org\/{rel}","templated":true}]}}