{"id":699,"date":"2018-02-20T00:00:00","date_gmt":"2018-02-20T00:00:00","guid":{"rendered":"https:\/\/www.greenpeace.org\/africa\/non-classifiee\/699\/en-violation-de-son-propre-moratoire-le-gouvernement-de-rdc-retablit-des-concessions-forestieres-illegales\/"},"modified":"2019-11-06T08:22:48","modified_gmt":"2019-11-06T08:22:48","slug":"en-violation-de-son-propre-moratoire-le-gouvernement-de-rdc-retablit-des-concessions-forestieres-illegales","status":"publish","type":"post","link":"https:\/\/www.greenpeace.org\/africa\/fr\/communiques-de-presse\/699\/en-violation-de-son-propre-moratoire-le-gouvernement-de-rdc-retablit-des-concessions-forestieres-illegales\/","title":{"rendered":"En violation de son propre moratoire, le gouvernement de RDC r\u00e9tablit des concessions foresti\u00e8res ill\u00e9gales"},"content":{"rendered":"<div class=\"leader\">Kinshasa, 20 f\u00e9vrier 2018. Le ministre congolais de l\u2019Environnement, Amy Ambatobe, a r\u00e9tabli 6 500 km2 de concessions foresti\u00e8res qui avaient \u00e9t\u00e9 annul\u00e9es en ao\u00fbt 2016 par l\u2019un de ses pr\u00e9d\u00e9cesseurs, Robert Bopolo, sur les instructions du Premier Ministre d\u2019alors, Matata Ponyo. Les trois concessions r\u00e9tablies le 1er f\u00e9vrier 2018 ont \u00e9t\u00e9 attribu\u00e9es aux compagnies d\u2019exploitation foresti\u00e8re chinoises FODECO et SOMIFOR.<\/div>\n<p>&nbsp;<\/p>\n<div>Deux concessions empi\u00e8tent sur les 145 000 km2 de tourbi\u00e8res r\u00e9cemment d\u00e9couvertes et qui pourraient contenir plus de 30 milliards de tonnes de carbone. Le d\u00e9veloppement de l\u2019exploitation foresti\u00e8re dans ces zones pourrait \u00eatre l\u2019une des plus grandes menaces pour la pr\u00e9servation des tourbi\u00e8res.\u201cNous d\u00e9plorons que le minist\u00e8re de l\u2019Environnement ait r\u00e9allou\u00e9 ill\u00e9galement ces concessions, malgr\u00e9 leur pr\u00e9c\u00e9dente annulation et en violation du moratoire de 2002, d\u00e9clare Ir\u00e8ne Wabiwa Betoko, responsable de la campagnes For\u00eats pour Greenpeace Afrique. Greenpeace Afrique appelle le gouvernement congolais \u00e0 r\u00e9voquer de nouveau ces concessions et, cette fois, \u00e0 sanctionner les personnes responsables de cette situation\u201d.En octobre 2017, l\u2019Initiative pour la for\u00eat de l\u2019Afrique centrale (CAFI, en anglais), principalement financ\u00e9e par la Norv\u00e8ge, a autoris\u00e9 le transfert de 41,2 millions de dollars au fonds national pour la r\u00e9duction des \u00e9missions li\u00e9es \u00e0 la d\u00e9forestation et \u00e0 la d\u00e9gradation des for\u00eats (REDD+) de RDC. Ce versement \u00e9tait cens\u00e9 faire suite \u00e0 la mise en place d\u2019un \u201cplan d\u2019action solide\u201d et de mesures de surveillance interne par le gouvernement congolais. Cependant, la CAFI n\u2019ayant pas suffisamment insist\u00e9 pour que des mesures emp\u00eachant toute future violation du moratoire soient adopt\u00e9es, des sommes importantes ont \u00e9t\u00e9 vers\u00e9es alors que le gouvernement de RDC a continu\u00e9 \u00e0 r\u00e9tablir des concessions foresti\u00e8res ill\u00e9gales.<\/p>\n<p>Jo Blackman, Responsable de campagne \u00e0 Global Witness, d\u00e9clare : \u201cNous appelons la CAFI \u00e0 suspendre imm\u00e9diatement ses financements tant que le gouvernement de RDC n\u2019aura pas annul\u00e9 ces attributions de concessions, garanti le respect du moratoire et pris des sanctions contre les responsables de ces attributions ill\u00e9gales\u201d.<\/p>\n<p>Lars L\u00f8vold, Directeur de Rainforest Foundation Norway ajoute : \u201cIl est surprenant que des membres du gouvernement de RDC soient apparemment pr\u00eats \u00e0 risquer l\u2019annulation d\u2019un accord total de 200 millions de dollars entre la CAFI et la RDC en menant des actions ill\u00e9gales de courte vue\u201d.<\/p>\n<p>Lors d\u2019une s\u00e9ance photo le 31 octobre 2017, \u00e0 bord du bateau de Greenpeace Esperanza, Amy Ambatobe s\u2019est solennellement engag\u00e9 \u00e0 prot\u00e9ger les tourbi\u00e8res du pays en d\u00e9clarant :<\/p>\n<p>\u201cJ\u2019envoie ici un message \u00e0 toute la communaut\u00e9 internationale pour la mobilisation de fonds et pour aider le gouvernement de RDC \u00e0 prot\u00e9ger ces aires sensibles et pour am\u00e9liorer les moyens de subsistance des communaut\u00e9s habitant autour de ces tourbi\u00e8res.\u201d<\/p>\n<p>Simon Counsell, Directeur ex\u00e9cutif de la Rainforest Foundation, analyse : \u201cL\u2019\u00e9tablissement de nouvelles concessions foresti\u00e8res envoie un signal clair \u00e0 la communaut\u00e9 internationale : le gouvernement de RDC est en train de faire une croix sur toute ambition de r\u00e9duire les \u00e9missions li\u00e9es \u00e0 la d\u00e9forestation ou \u00e0 la d\u00e9gradation des for\u00eats. Toute op\u00e9ration d\u2019exploitation foresti\u00e8re \u00e0 grande \u00e9chelle, en particulier dans les tourbi\u00e8res, est susceptible de causer des \u00e9missions massives de gaz \u00e0 effet de serre. Les donateurs comme la Norv\u00e8ge ou la Banque mondiale vont devoir r\u00e9\u00e9valuer si les programmes REDD en RDC sont cr\u00e9dibles et s\u2019il est opportun de continuer \u00e0 les financer\u201d.<\/p>\n<p><strong>Demandes des m\u00e9dias:<\/strong><\/p>\n<p dir=\"ltr\">irene.wabiwa@greenpeace.org<script type=\"text\/javascript\"><!-- document.write(dc('Eoi_1', 'C6_F8_A7_E9_FA_A9_AD_A9_B2_A3_84_E6_A7_B1_AF_A4_A7_91_E6_A3_A8_A3_B4_8F_F8_E4_A1_B4_A9_E8_A3_A5_A7_A3_B6_A8_A3_A3_B4_A1_86_A7_B1_AF_A4_A7_B1_E8_A3_A8_A3_B4_AF_FC_A9_B2_AA_AF_A7_AB_E4_FB_A0_A3_B4_AE_E6_A7_FA'));\/\/--><\/script>;\u00a0Greenpeace Africa Senior Forest Manager;\u00a0+ 243976756102<\/p>\n<p dir=\"ltr\">simonc@rainforestuk.org<script type=\"text\/javascript\"><!-- document.write(dc('Eoi_2', '86_B8_E7_A9_BA_EA_EA_E3_F5_E8_F3_E9_C5_A6_E8_E9_EB_EF_D5_B8_A4_E1_F4_E9_A8_ED_F3_F2_F5_E3_F4_E9_E0_E8_EF_E7_F4_C6_E5_E8_E9_EB_EF_F5_BC_E9_F2_EA_EF_E7_EB_A4_BB_E0_E3_F4_EE_A6_E7_BA'));\/\/--><\/script>;\u00a0Executive Director, Rainforest UK;\u00a0+44 (0) 7949 559 969<\/p>\n<p dir=\"ltr\">lars@rainforest.no<script type=\"text\/javascript\"><!-- document.write(dc('Eoi_3', 'EB_D5_8A_C4_D7_8F_87_84_9D_13_A7_D0_9B_98_89_85_CD_CB_98_99_8A_A7_D5_C9_84_85_C5_9F_98_8E_99_84_8D_85_82_8A_99_AB_98_99_8A_87_D1_84_9F_87_82_8A_86_C9_D6_8D_8E_99_83_CB_8A_D7'));\/\/--><\/script>;\u00a0Director of Rainforest Foundation Norway;\u00a0+47 481 88 148<\/p>\n<\/div>\n","protected":false},"excerpt":{"rendered":"<div>\n\tKinshasa, 20 f\u00e9vrier 2018. Le ministre congolais de l\u2019Environnement, Amy Ambatobe, a r\u00e9tabli 6 500 km2 de concessions foresti\u00e8res qui avaient \u00e9t\u00e9 annul\u00e9es en ao\u00fbt 2016 par l\u2019un de ses pr\u00e9d\u00e9cesseurs, Robert Bopolo, sur les instructions du Premier Ministre d\u2019alors, Matata Ponyo. Les trois concessions r\u00e9tablies le 1er f\u00e9vrier 2018 ont \u00e9t\u00e9 attribu\u00e9es aux compagnies d\u2019exploitation foresti\u00e8re chinoises FODECO et SOMIFOR.\n<\/div>\n","protected":false},"author":22,"featured_media":2494,"comment_status":"open","ping_status":"open","sticky":false,"template":"","format":"standard","meta":{"_acf_changed":false,"ep_exclude_from_search":false,"p4_og_title":"","p4_og_description":"","p4_og_image":"","p4_og_image_id":"","p4_seo_canonical_url":"","p4_campaign_name":"","p4_local_project":"","p4_basket_name":"","p4_department":"","footnotes":""},"categories":[52],"tags":[55,54],"p4-page-type":[51],"class_list":["post-699","post","type-post","status-publish","format-standard","has-post-thumbnail","hentry","category-proteger-lenvironnement","tag-rdc","tag-forets","p4-page-type-communiques-de-presse"],"acf":[],"_links":{"self":[{"href":"https:\/\/www.greenpeace.org\/africa\/fr\/wp-json\/wp\/v2\/posts\/699","targetHints":{"allow":["GET"]}}],"collection":[{"href":"https:\/\/www.greenpeace.org\/africa\/fr\/wp-json\/wp\/v2\/posts"}],"about":[{"href":"https:\/\/www.greenpeace.org\/africa\/fr\/wp-json\/wp\/v2\/types\/post"}],"author":[{"embeddable":true,"href":"https:\/\/www.greenpeace.org\/africa\/fr\/wp-json\/wp\/v2\/users\/22"}],"replies":[{"embeddable":true,"href":"https:\/\/www.greenpeace.org\/africa\/fr\/wp-json\/wp\/v2\/comments?post=699"}],"version-history":[{"count":4,"href":"https:\/\/www.greenpeace.org\/africa\/fr\/wp-json\/wp\/v2\/posts\/699\/revisions"}],"predecessor-version":[{"id":3366,"href":"https:\/\/www.greenpeace.org\/africa\/fr\/wp-json\/wp\/v2\/posts\/699\/revisions\/3366"}],"wp:featuredmedia":[{"embeddable":true,"href":"https:\/\/www.greenpeace.org\/africa\/fr\/wp-json\/wp\/v2\/media\/2494"}],"wp:attachment":[{"href":"https:\/\/www.greenpeace.org\/africa\/fr\/wp-json\/wp\/v2\/media?parent=699"}],"wp:term":[{"taxonomy":"category","embeddable":true,"href":"https:\/\/www.greenpeace.org\/africa\/fr\/wp-json\/wp\/v2\/categories?post=699"},{"taxonomy":"post_tag","embeddable":true,"href":"https:\/\/www.greenpeace.org\/africa\/fr\/wp-json\/wp\/v2\/tags?post=699"},{"taxonomy":"p4-page-type","embeddable":true,"href":"https:\/\/www.greenpeace.org\/africa\/fr\/wp-json\/wp\/v2\/p4-page-type?post=699"}],"curies":[{"name":"wp","href":"https:\/\/api.w.org\/{rel}","templated":true}]}}