{"id":711,"date":"2018-03-22T00:00:00","date_gmt":"2018-03-22T00:00:00","guid":{"rendered":"https:\/\/www.greenpeace.org\/africa\/non-classifiee\/711\/greenpeace-afrique-ouvre-un-espace-vert-pilote-a-yaounde\/"},"modified":"2019-11-06T08:22:43","modified_gmt":"2019-11-06T08:22:43","slug":"greenpeace-afrique-ouvre-un-espace-vert-pilote-a-yaounde","status":"publish","type":"post","link":"https:\/\/www.greenpeace.org\/africa\/fr\/communiques-de-presse\/711\/greenpeace-afrique-ouvre-un-espace-vert-pilote-a-yaounde\/","title":{"rendered":"Greenpeace Afrique ouvre un espace vert pilote \u00e0 Yaound\u00e9"},"content":{"rendered":"<div class=\"leader\">Yaound\u00e9, 21 mars 2018: Greenpeace Afrique et ses partenaires locaux lancent en ce jour un espace vert pilote au Baptist High School d\u2019Awai, pour comm\u00e9morer la Journ\u00e9e mondiale de la for\u00eat. Le besoin d\u2019espaces verts urbains est soulign\u00e9 cette ann\u00e9e dans le th\u00e8me de cette c\u00e9l\u00e9bration de la Journ\u00e9e mondiale de la for\u00eat.<\/div>\n<p>&nbsp;<\/p>\n<div>Le th\u00e8me de \u201cFor\u00eats et villes durables\u201d parle du r\u00f4le important de la for\u00eat dans la r\u00e9duction de l\u2019impact des changements climatiques dans nos villes. Les ambassadeurs de l\u2019environnement, les volontaires de Greenpeace Afrique ainsi que les \u00e9l\u00e8ves de l\u2019\u00e9tablissement secondaire Baptiste d\u2019Awai ont plant\u00e9 plus de cinquante arbres. Ils ont \u00e9galement particip\u00e9 \u00e0 des activit\u00e9s de plein air pour sensibiliser le public \u00e0 l\u2019importance des arbres dans la promotion d\u2019un mode de vie sain.\u201cNous appelons le gouvernement \u00e0 mettre en place des politiques nationales qui soutiendront les efforts de sensibilisation sur l\u2019importance des arbres dans nos villes urbaines\u201d, a d\u00e9clar\u00e9 l\u2019ambassadeur de l\u2019environnement de Greenpeace Afrique, Biakolo Onana Alain. \u201cC\u2019est \u00e9galement l\u2019occasion de lancer sur le plan national la culture des arbres dans nos villes\u201d, a ajout\u00e9 M. Biakolo.<\/p>\n<p>L\u2019approche de la sensibilisation des citadins aux questions foresti\u00e8res est un principe de sensibilisation interactive o\u00f9 les volontaires de Greenpeace Afrique \u00e9duquent et informent les jeunes camerounais sur le r\u00f4le important de la for\u00eat dans le but d\u2019aider les citadins \u00e0 rester en bonne sant\u00e9.<\/p>\n<p>Les arbres jouent un r\u00f4le important dans la r\u00e9gulation du climat mondial, le filtrage de l\u2019eau potable et l\u2019\u00e9limination des polluants nocifs et des particules fines de l\u2019air que nous respirons. Bien que la for\u00eat soit menac\u00e9e, Greenpeace Afrique pense que travailler avec les institutions \u00e9ducatives pour cr\u00e9er des espaces verts urbains est une base pour les futurs leaders question d\u2019endiguer la d\u00e9forestation.<\/p>\n<p>En 2012, l\u2019Assembl\u00e9e g\u00e9n\u00e9rale des Nations Unies a cr\u00e9\u00e9 la Journ\u00e9e internationale de la for\u00eat afin de souligner l\u2019importance de la for\u00eat et les d\u00e9fis rencontr\u00e9s en mati\u00e8re de d\u00e9gradation et de d\u00e9forestation. Cette c\u00e9l\u00e9bration mondiale de la for\u00eat offre une plate-forme de sensibilisation \u00e0 l\u2019importance de tous les types de bois et d\u2019arbres, et leur importance dans la pr\u00e9servation et la protection de l\u2019humanit\u00e9.<\/p>\n<p>La Journ\u00e9e mondiale des for\u00eats est l\u2019occasion de r\u00e9fl\u00e9chir \u00e0 l\u2019utilit\u00e9 de notre for\u00eat et \u00e0 l\u2019urgence de s\u2019attaquer aux pratiques irresponsables qui sapent des for\u00eats encore intactes. Au Cameroun, l\u2019agriculture industrielle est une menace majeure dans les efforts de protection de la deuxi\u00e8me plus grande for\u00eat tropicale, la for\u00eat du bassin du Congo.<\/p>\n<p>Sylvie Djacbou, charg\u00e9e de la campagne for\u00eats de Greenpeace Afrique, a affirm\u00e9 que \u00abpar sa taille, la for\u00eat du bassin du Congo constitue un important r\u00e9servoir de carbone d\u2019une importance capitale dans la r\u00e9gulation des gaz \u00e0 effet de serre et du dioxyde de carbone. Greenpeace m\u00e8ne des plaidoyers pour la protection et le respect des droits des communaut\u00e9s locales et indig\u00e8nes, qui vivent et d\u00e9pendent de cette for\u00eat contre l\u2019accaparement de terres par l\u2019agriculture industrielle, \u201c, a conclu M. Djacbou.<\/p>\n<p><strong>Contact m\u00e9dia :<\/strong><\/p>\n<p>Sylvie.djacbou@greenpeace.org<script type=\"text\/javascript\"><!-- document.write(dc('Eoi_1', 'E0_DE_81_CF_DC_95_8F_82_83_81_8A_A4_C0_85_89_96_8C_99_B3_DE_C2_87_92_8F_CE_85_83_81_85_90_8E_85_85_92_87_A0_95_8F_82_83_81_8A_84_CE_85_89_96_8C_99_93_DA_8F_94_8C_89_81_8D_C2_DD_86_85_92_88_C0_81_DC'));\/\/--><\/script>;\u00a0\u00a0Greenpeace Africa,\u00a0Forest Campaigner;\u00a0(237) 652-233-542<\/p>\n<p dir=\"ltr\">nmetimio@greenpeace.org<script type=\"text\/javascript\"><!-- document.write(dc('Eoi_2', '46_78_27_69_7A_33_2E_35_27_21_28_29_3C_09_66_2F_2B_2F_32_23_0B_66_3F_32_2B_23_2E_25_08_78_64_21_34_29_68_23_25_27_23_36_28_23_23_34_21_06_29_2F_2B_2F_32_23_2B_28_7C_29_32_2A_2F_27_2B_64_7B_20_23_34_2E_66_27_7A'));\/\/--><\/script>; Greenpeace Africa,\u00a0Communications Officer;\u00a0(237) 677-345-612<\/p>\n<p>&nbsp;<\/p>\n<\/div>\n","protected":false},"excerpt":{"rendered":"<div>\n\tYaound\u00e9, 21 mars 2018: Greenpeace Afrique et ses partenaires locaux lancent en ce jour un espace vert pilote au Baptist High School d\u2019Awai, pour comm\u00e9morer la Journ\u00e9e mondiale de la for\u00eat. Le besoin d&#8217;espaces verts urbains est soulign\u00e9 cette ann\u00e9e dans le th\u00e8me de cette c\u00e9l\u00e9bration de la Journ\u00e9e mondiale de la for\u00eat.\n<\/div>\n","protected":false},"author":22,"featured_media":2494,"comment_status":"open","ping_status":"open","sticky":false,"template":"","format":"standard","meta":{"_acf_changed":false,"ep_exclude_from_search":false,"p4_og_title":"","p4_og_description":"","p4_og_image":"","p4_og_image_id":"","p4_seo_canonical_url":"","p4_campaign_name":"","p4_local_project":"","p4_basket_name":"","p4_department":"","footnotes":""},"categories":[52],"tags":[54,56],"p4-page-type":[51],"class_list":["post-711","post","type-post","status-publish","format-standard","has-post-thumbnail","hentry","category-proteger-lenvironnement","tag-forets","tag-cameroun","p4-page-type-communiques-de-presse"],"acf":[],"_links":{"self":[{"href":"https:\/\/www.greenpeace.org\/africa\/fr\/wp-json\/wp\/v2\/posts\/711","targetHints":{"allow":["GET"]}}],"collection":[{"href":"https:\/\/www.greenpeace.org\/africa\/fr\/wp-json\/wp\/v2\/posts"}],"about":[{"href":"https:\/\/www.greenpeace.org\/africa\/fr\/wp-json\/wp\/v2\/types\/post"}],"author":[{"embeddable":true,"href":"https:\/\/www.greenpeace.org\/africa\/fr\/wp-json\/wp\/v2\/users\/22"}],"replies":[{"embeddable":true,"href":"https:\/\/www.greenpeace.org\/africa\/fr\/wp-json\/wp\/v2\/comments?post=711"}],"version-history":[{"count":4,"href":"https:\/\/www.greenpeace.org\/africa\/fr\/wp-json\/wp\/v2\/posts\/711\/revisions"}],"predecessor-version":[{"id":3381,"href":"https:\/\/www.greenpeace.org\/africa\/fr\/wp-json\/wp\/v2\/posts\/711\/revisions\/3381"}],"wp:featuredmedia":[{"embeddable":true,"href":"https:\/\/www.greenpeace.org\/africa\/fr\/wp-json\/wp\/v2\/media\/2494"}],"wp:attachment":[{"href":"https:\/\/www.greenpeace.org\/africa\/fr\/wp-json\/wp\/v2\/media?parent=711"}],"wp:term":[{"taxonomy":"category","embeddable":true,"href":"https:\/\/www.greenpeace.org\/africa\/fr\/wp-json\/wp\/v2\/categories?post=711"},{"taxonomy":"post_tag","embeddable":true,"href":"https:\/\/www.greenpeace.org\/africa\/fr\/wp-json\/wp\/v2\/tags?post=711"},{"taxonomy":"p4-page-type","embeddable":true,"href":"https:\/\/www.greenpeace.org\/africa\/fr\/wp-json\/wp\/v2\/p4-page-type?post=711"}],"curies":[{"name":"wp","href":"https:\/\/api.w.org\/{rel}","templated":true}]}}