{"id":7363,"date":"2019-07-04T07:38:45","date_gmt":"2019-07-04T07:38:45","guid":{"rendered":"https:\/\/www.greenpeace.org\/africa\/?p=7363"},"modified":"2021-12-01T12:45:45","modified_gmt":"2021-12-01T12:45:45","slug":"importation-par-le-senegal-de-dechets-plastiques-venant-des-etats-unis-greenpeace-afrique-deplore-une-decision-contraire-aux-ambitions-du-chef-de-letat","status":"publish","type":"post","link":"https:\/\/www.greenpeace.org\/africa\/fr\/communiques-de-presse\/7363\/importation-par-le-senegal-de-dechets-plastiques-venant-des-etats-unis-greenpeace-afrique-deplore-une-decision-contraire-aux-ambitions-du-chef-de-letat\/","title":{"rendered":"Importation par le S\u00e9n\u00e9gal de d\u00e9chets plastiques venant des Etats Unis: Greenpeace Afrique d\u00e9plore une d\u00e9cision contraire aux ambitions du Chef de l\u2019Etat"},"content":{"rendered":"<p><b>Dakar, le 3 Juillet 2019:<\/b><span style=\"font-weight: 400;\"> Dans un article publi\u00e9 r\u00e9cemment, le journal anglais, <\/span><span style=\"font-weight: 400;\">&nbsp;<\/span><a href=\"https:\/\/www.theguardian.com\/us-news\/2019\/jun\/17\/recycled-plastic-america-global-crisis?CMP=share_btn_tw\"><span style=\"font-weight: 400;\">The Guardian<\/span><\/a> <span style=\"font-weight: 400;\">r\u00e9v\u00e9lait que le S\u00e9n\u00e9gal figurait parmi les onze pays dans le monde o\u00f9 des centaines de milliers de tonnes de plastique sont exp\u00e9di\u00e9es chaque ann\u00e9e, en provenance des Etats Unis d&#8217;Am\u00e9rique. Le S\u00e9n\u00e9gal aurait, \u00e0 lui seul, import\u00e9 mille tonnes de d\u00e9chets plastiques par mois au cours des trois premiers mois de cette ann\u00e9e. Une d\u00e9cision qui, selon la m\u00eame source, fait suite \u00e0 l\u2019interdiction d\u2019entr\u00e9e des d\u00e9chets plastiques en provenance des Etats Unis, par la &nbsp; Chine.<\/span><\/p>\n<p><span style=\"font-weight: 400;\">R\u00e9agissant \u00e0 cette information, Greenpeace Afrique d\u00e9clare:<\/span><\/p>\n<p><span style=\"font-weight: 400;\">\u201cC\u2019est avec un grand int\u00e9r\u00eat que Greenpeace Afrique avait salu\u00e9 l\u2019appel du Pr\u00e9sident de la R\u00e9publique, Monsieur Macky Sall, \u00e0 une mobilisation g\u00e9n\u00e9rale pour forger l\u2019image d\u2019un nouveau S\u00e9n\u00e9gal avec z\u00e9ro d\u00e9chet. Mais aujourd\u2019hui, nous sommes tr\u00e8s surpris d\u2019apprendre l\u2019importation de d\u00e9chets venant des Etats Unis par le S\u00e9n\u00e9gal. Nous&nbsp; d\u00e9plorons cette d\u00e9cision qui est contraire aux ambitions du Chef de l\u2019Etat s\u00e9n\u00e9galais <\/span><span style=\"font-weight: 400;\">et \u00e0 la loi 2015-09 du 21 avril 2015 relative \u00e0 l\u2019interdiction de la production, de l\u2019importation, de la d\u00e9tention, de la distribution, de l\u2019utilisation de sachets plastiques de faible micronnage et \u00e0 la gestion rationnelle de d\u00e9chets plastiques.<\/span><span style=\"font-weight: 400;\">.<\/span><\/p>\n<p><span style=\"font-weight: 400;\">Au S\u00e9n\u00e9gal,&nbsp; la probl\u00e9matique de la pollution plastique constitue une menace s\u00e9rieuse pour l\u2019\u00e9cosyst\u00e8me en g\u00e9n\u00e9ral avec des cons\u00e9quences graves sur la sant\u00e9 publique des s\u00e9n\u00e9galais. Pourtant, les industries responsables de la production massive de cette substance toxique continuent de d\u00e9velopper leurs activit\u00e9s.<\/span><\/p>\n<p><span style=\"font-weight: 400;\">Notre cadre de vie et le paysage urbain sont d\u00e9t\u00e9rior\u00e9s par la pr\u00e9sence des d\u00e9chets plastiques.&nbsp;<\/span><\/p>\n<p><span style=\"font-weight: 400;\">Nous assistons tous les jours \u00e0 des images inqui\u00e9tantes de plages couvertes de d\u00e9chets plastiques. L\u2019ampleur de la contamination du milieu marin par les d\u00e9chets plastiques est aussi \u00e9norme. C\u2019est pourquoi nous pensons que le gouvernement du S\u00e9n\u00e9gal devrait r\u00e9duire voire bannir le plastique au lieu d\u2019importer des tonnes de plastique d\u2019autres pays.&nbsp;<\/span><\/p>\n<p><span style=\"font-weight: 400;\">Greenpeace Afrique invite le S\u00e9n\u00e9gal \u00e0 prendre des mesures fortes qui conduiront \u00e0 l&#8217;\u00e9limination totale des plastiques dans le pays. Il faut inverser le cours de la pollution plastique en prenant des mesures pour emp\u00eacher sa production et\/ou son importation par les entreprises.&nbsp; Celles-ci doivent investir dans des syst\u00e8mes innovants de distribution plus durables permettant de r\u00e9duire le recours aux emballages en plastique.<\/span><\/p>\n<p><span style=\"font-weight: 400;\">Dans le cadre d\u2019un mouvement mondial #BreakFreeFromPlastic ou #Lib\u00e9ronsNousDuPlastique, Greenpeace et d\u2019autres organisations se mobilisent afin de cr\u00e9er le v\u00e9ritable changement dont nous avons besoin pour assurer un avenir sans plastique qui soit plus sain pour nos familles, nos communaut\u00e9s et les esp\u00e8ces qu\u2019abrite la plan\u00e8te\u201d.&nbsp;<\/span><\/p>\n<p><b>Contact pour les m\u00e9dias:<\/b><\/p>\n<p><span style=\"font-weight: 400;\">Bakary Coulibaly, Charg\u00e9 de communication &#8211; Greenpeace Afrique, <\/span><a href=\"mailto:bkouliba@greenpeace.org\"><span style=\"font-weight: 400;\">bkouliba@greenpeace.org<\/span><\/a><span style=\"font-weight: 400;\">, +221773336265<\/span><\/p>\n<div class=\"EmptyMessage\">Block content is empty. Check the block&#8217;s settings or remove it.<\/div>","protected":false},"excerpt":{"rendered":"<p>Dakar, le 3 Juillet 2019: Dans un article publi\u00e9 r\u00e9cemment, le journal anglais, \u00a0The Guardian r\u00e9v\u00e9lait que le S\u00e9n\u00e9gal figurait parmi les onze pays dans le monde o\u00f9 des centaines&hellip;<\/p>\n","protected":false},"author":27,"featured_media":7364,"comment_status":"open","ping_status":"open","sticky":false,"template":"","format":"standard","meta":{"_acf_changed":false,"ep_exclude_from_search":false,"p4_og_title":"","p4_og_description":"","p4_og_image":"","p4_og_image_id":"","p4_seo_canonical_url":"","p4_campaign_name":"not set","p4_local_project":"","p4_basket_name":"not set","p4_department":"","footnotes":""},"categories":[52],"tags":[96,77,62],"p4-page-type":[51],"class_list":["post-7363","post","type-post","status-publish","format-standard","has-post-thumbnail","hentry","category-proteger-lenvironnement","tag-oceans-fr","tag-senegal-fr","tag-plastiques","p4-page-type-communiques-de-presse"],"acf":[],"_links":{"self":[{"href":"https:\/\/www.greenpeace.org\/africa\/fr\/wp-json\/wp\/v2\/posts\/7363","targetHints":{"allow":["GET"]}}],"collection":[{"href":"https:\/\/www.greenpeace.org\/africa\/fr\/wp-json\/wp\/v2\/posts"}],"about":[{"href":"https:\/\/www.greenpeace.org\/africa\/fr\/wp-json\/wp\/v2\/types\/post"}],"author":[{"embeddable":true,"href":"https:\/\/www.greenpeace.org\/africa\/fr\/wp-json\/wp\/v2\/users\/27"}],"replies":[{"embeddable":true,"href":"https:\/\/www.greenpeace.org\/africa\/fr\/wp-json\/wp\/v2\/comments?post=7363"}],"version-history":[{"count":4,"href":"https:\/\/www.greenpeace.org\/africa\/fr\/wp-json\/wp\/v2\/posts\/7363\/revisions"}],"predecessor-version":[{"id":50093,"href":"https:\/\/www.greenpeace.org\/africa\/fr\/wp-json\/wp\/v2\/posts\/7363\/revisions\/50093"}],"wp:featuredmedia":[{"embeddable":true,"href":"https:\/\/www.greenpeace.org\/africa\/fr\/wp-json\/wp\/v2\/media\/7364"}],"wp:attachment":[{"href":"https:\/\/www.greenpeace.org\/africa\/fr\/wp-json\/wp\/v2\/media?parent=7363"}],"wp:term":[{"taxonomy":"category","embeddable":true,"href":"https:\/\/www.greenpeace.org\/africa\/fr\/wp-json\/wp\/v2\/categories?post=7363"},{"taxonomy":"post_tag","embeddable":true,"href":"https:\/\/www.greenpeace.org\/africa\/fr\/wp-json\/wp\/v2\/tags?post=7363"},{"taxonomy":"p4-page-type","embeddable":true,"href":"https:\/\/www.greenpeace.org\/africa\/fr\/wp-json\/wp\/v2\/p4-page-type?post=7363"}],"curies":[{"name":"wp","href":"https:\/\/api.w.org\/{rel}","templated":true}]}}