{"id":7387,"date":"2019-07-05T14:20:08","date_gmt":"2019-07-05T14:20:08","guid":{"rendered":"https:\/\/www.greenpeace.org\/africa\/?p=7387"},"modified":"2020-01-09T06:08:08","modified_gmt":"2020-01-09T06:08:08","slug":"les-concessions-forestieres-illegales-doivent-etre-urgemment-annulees-greenpeace-afrique","status":"publish","type":"post","link":"https:\/\/www.greenpeace.org\/africa\/fr\/communiques-de-presse\/7387\/les-concessions-forestieres-illegales-doivent-etre-urgemment-annulees-greenpeace-afrique\/","title":{"rendered":"Les concessions foresti\u00e8res ill\u00e9gales doivent \u00eatre urgemment annul\u00e9es, Greenpeace Afrique"},"content":{"rendered":"<p><b>Kinshasa, le 5 juillet 2019<\/b><span style=\"font-weight: 400;\"> &#8211; Les organisations de la soci\u00e9t\u00e9 civile environnementale, signataires d<\/span><span style=\"font-weight: 400;\">e la d\u00e9claration des OSC sur l&#8217;attribution de nouvelles concessions foresti\u00e8res par l&#8217;\u00c9tat<\/span><span style=\"font-weight: 400;\">, ont fait des recommandations au minist\u00e8re de l&#8217;Environnement et D\u00e9veloppement Durable demandant l&#8217;annulation des concessions foresti\u00e8res accord\u00e9es apr\u00e8s apr\u00e8s l&#8217;entr\u00e9e en vigueur de la r\u00e9glementation interdisant leur attribution. Faisant suite \u00e0 ces recommandations [1]<\/span><span style=\"font-weight: 400;\">, Greenpeace Afrique d\u00e9clare ce qui suit:<\/span><\/p>\n<p><span style=\"font-weight: 400;\">\u201cGreenpeace Afrique r\u00e9it\u00e8re le r\u00e9sultat de son analyse publi\u00e9e\u00a0 en avril dernier, intitul\u00e9e : <\/span><a href=\"https:\/\/www.greenpeace.org\/static\/planet4-africa-stateless\/2019\/04\/bc1196f4-briefer-final-english-v3.pdf\"><span style=\"font-weight: 400;\">\u201cExploitation industrielle du bois : 24 concessions nulles et non\u00a0 avenues doivent imm\u00e9diatement retourner \u00e0 l&#8217;\u00c9tat\u201d<\/span><\/a><span style=\"font-weight: 400;\">. Ce rapport montre que, depuis janvier 2019, plus de 20 contrats de concession foresti\u00e8re industrielle en R\u00e9publique D\u00e9mocratique du Congo (RDC), couvrant plus de 4 millions d&#8217;hectares, sont nuls et non avenus, car leurs concessionnaires n&#8217;ont pas obtenu l&#8217;approbation de leur plan d\u2019am\u00e9nagement dans les d\u00e9lais l\u00e9gaux, ou n&#8217;ont jamais d\u00e9pos\u00e9 de plan d\u2019am\u00e9nagement.<\/span><\/p>\n<p><span style=\"font-weight: 400;\">\u201cIl est plus qu&#8217;urgent que le nouveau gouvernement de la RDC assure la bonne gouvernance et l&#8217;application de la loi dans le secteur forestier. Greenpeace Afrique appelle ce nouveau gouvernement \u00e0 signer un d\u00e9cret rendant \u00e0 l&#8217;\u00c9tat les titres expir\u00e9s et \u00e0 entamer des poursuites judiciaires pour sanctionner toutes les entreprises et tous les fonctionnaires impliqu\u00e9s dans la violation de la loi.<\/span><\/p>\n<p><span style=\"font-weight: 400;\">\u201cUne v\u00e9rification ind\u00e9pendante des jalons de la lettre d\u2019intention sign\u00e9e entre l\u2019Initiative pour les for\u00eats d\u2019Afrique centrale (CAFI) et le gouvernement de la RDC est actuellement en cours. Cette v\u00e9rification fournira \u00e9galement des recommandations sur les \u00e9tapes \u00e0 prendre en compte pour la prochaine phase de l&#8217;accord, \u00e0 partir de 2021. Toutes ces attributions ill\u00e9gales devraient ressortir du processus de v\u00e9rification. Il est donc essentiel que CAFI conditionne la suite de la collaboration avec le gouvernement de la RDC \u00e0 la restitution imm\u00e9diate de toutes les concessions sans plan d\u2019am\u00e9nagement, ainsi que toutes les autres concessions ill\u00e9gales, en faisant une d\u00e9claration publique \u00e0 cet effet. De plus, CAFI doit renoncer \u00e0 tout projet visant \u00e0 financer tout programme favorisant les \u00e9missions de gaz \u00e0 effet de serre.\u201d<\/span><\/p>\n<p><strong>Notes:\u00a0<\/strong><\/p>\n<p>[1] <span style=\"font-weight: 400;\">\u00a0Agence Congolaise de Presse, <\/span><a href=\"https:\/\/acpcongo.com\/la-societe-civile-environnementale-recommande-larret-de-lattribution-des-concessions-forestieres\/\"><span style=\"font-weight: 400;\">La Soci\u00e9t\u00e9 civile environnementale recommande l\u2019arr\u00eat de l\u2019attribution des concessions foresti\u00e8res<\/span><\/a><span style=\"font-weight: 400;\">, 2 July 2019<\/span><\/p>\n<p><b>Media contact:<\/b><\/p>\n<p><span style=\"font-weight: 400;\">Afy Malungu, charg\u00e9e de communication pour la campagne for\u00eat du bassin du Congo &#8211; Greenpeace Afrique, <\/span><a href=\"mailto:amalungu@greenpeace.org\"><span style=\"font-weight: 400;\">amalungu@greenpeace.org<\/span><\/a><span style=\"font-weight: 400;\"> , +243810583517<\/span><\/p>\n","protected":false},"excerpt":{"rendered":"<p>Kinshasa, le 5 juillet 2019 &#8211; Les organisations de la soci\u00e9t\u00e9 civile environnementale, signataires de la d\u00e9claration des OSC sur l&#8217;attribution de nouvelles concessions foresti\u00e8res par l&#8217;\u00c9tat, ont fait des&hellip;<\/p>\n","protected":false},"author":27,"featured_media":7388,"comment_status":"open","ping_status":"open","sticky":false,"template":"","format":"standard","meta":{"_acf_changed":false,"ep_exclude_from_search":false,"p4_og_title":"","p4_og_description":"","p4_og_image":"","p4_og_image_id":"","p4_seo_canonical_url":"","p4_campaign_name":"not set","p4_local_project":"","p4_basket_name":"not set","p4_department":"","footnotes":""},"categories":[52],"tags":[54,55,61],"p4-page-type":[51],"class_list":["post-7387","post","type-post","status-publish","format-standard","has-post-thumbnail","hentry","category-proteger-lenvironnement","tag-forets","tag-rdc","tag-biodiversite","p4-page-type-communiques-de-presse"],"acf":[],"_links":{"self":[{"href":"https:\/\/www.greenpeace.org\/africa\/fr\/wp-json\/wp\/v2\/posts\/7387","targetHints":{"allow":["GET"]}}],"collection":[{"href":"https:\/\/www.greenpeace.org\/africa\/fr\/wp-json\/wp\/v2\/posts"}],"about":[{"href":"https:\/\/www.greenpeace.org\/africa\/fr\/wp-json\/wp\/v2\/types\/post"}],"author":[{"embeddable":true,"href":"https:\/\/www.greenpeace.org\/africa\/fr\/wp-json\/wp\/v2\/users\/27"}],"replies":[{"embeddable":true,"href":"https:\/\/www.greenpeace.org\/africa\/fr\/wp-json\/wp\/v2\/comments?post=7387"}],"version-history":[{"count":5,"href":"https:\/\/www.greenpeace.org\/africa\/fr\/wp-json\/wp\/v2\/posts\/7387\/revisions"}],"predecessor-version":[{"id":8812,"href":"https:\/\/www.greenpeace.org\/africa\/fr\/wp-json\/wp\/v2\/posts\/7387\/revisions\/8812"}],"wp:featuredmedia":[{"embeddable":true,"href":"https:\/\/www.greenpeace.org\/africa\/fr\/wp-json\/wp\/v2\/media\/7388"}],"wp:attachment":[{"href":"https:\/\/www.greenpeace.org\/africa\/fr\/wp-json\/wp\/v2\/media?parent=7387"}],"wp:term":[{"taxonomy":"category","embeddable":true,"href":"https:\/\/www.greenpeace.org\/africa\/fr\/wp-json\/wp\/v2\/categories?post=7387"},{"taxonomy":"post_tag","embeddable":true,"href":"https:\/\/www.greenpeace.org\/africa\/fr\/wp-json\/wp\/v2\/tags?post=7387"},{"taxonomy":"p4-page-type","embeddable":true,"href":"https:\/\/www.greenpeace.org\/africa\/fr\/wp-json\/wp\/v2\/p4-page-type?post=7387"}],"curies":[{"name":"wp","href":"https:\/\/api.w.org\/{rel}","templated":true}]}}