{"id":7889,"date":"2019-09-11T13:10:21","date_gmt":"2019-09-11T13:10:21","guid":{"rendered":"https:\/\/www.greenpeace.org\/africa\/?p=7889"},"modified":"2019-11-06T08:21:38","modified_gmt":"2019-11-06T08:21:38","slug":"greenpeace-afrique-appelle-les-etats-africains-a-travailler-pour-un-traite-mondial-ambitieux-pour-les-oceans","status":"publish","type":"post","link":"https:\/\/www.greenpeace.org\/africa\/fr\/communiques-de-presse\/7889\/greenpeace-afrique-appelle-les-etats-africains-a-travailler-pour-un-traite-mondial-ambitieux-pour-les-oceans\/","title":{"rendered":"Greenpeace Afrique appelle les Etats africains \u00e0 travailler pour un trait\u00e9 mondial ambitieux pour les oc\u00e9ans"},"content":{"rendered":"<p style=\"font-weight: 400;\"><strong>Dakar, le 11 septembre 2019 &#8211;<\/strong>\u00a0Aujourd&#8217;hui, Greenpeace a exhort\u00e9 les gouvernements africains \u00e0 \u0153uvrer pour l\u2019adoption d\u2019un trait\u00e9 mondial fort pour les oc\u00e9ans, qui pourrait contribuer \u00e0 prot\u00e9ger au moins 30% de la haute mer d\u2019ici \u00e0 2030. C&#8217;\u00e9tait \u00e0 l\u2019occasion d\u2019une rencontre avec des autorit\u00e9s s\u00e9n\u00e9galaises, \u00e0 bord de son bateau Arctic Sunrise, en escale au S\u00e9n\u00e9gal du 11 au 14 Septembre.<\/p>\n<p style=\"font-weight: 400;\">\n<p style=\"font-weight: 400;\">L\u2019espace maritime, au-del\u00e0 des Zones Economiques Exclusives (ZEE), constitue la Haute Mer qui repr\u00e9sente 43 % de la surface du globe et 70% de l\u2019espace vital disponible sur notre plan\u00e8te, terres et mers comprises, soit une superficie de 230 millions de kilom\u00e8tres carr\u00e9s. Cet immense espace abrite un monde marin complexe dote\u0301 d\u2019une biodiversit\u00e9\u0301 aussi riche que celle des eaux c\u00f4ti\u00e8res et des zones terrestres. Ces \u00e9cosyst\u00e8mes marins sont la pompe biologique des oc\u00e9ans, ils captent le dioxyde de carbone en surface et le stockent dans les profondeurs. Sans ce service essentiel, notre atmosph\u00e8re contiendrait 50 % de gaz carbonique en plus, et la hausse des temp\u00e9ratures rendrait le monde inhabitable.<\/p>\n<p style=\"font-weight: 400;\">\n<p style=\"font-weight: 400;\">Prot\u00e9ger la haute mer revient donc \u00e0 prot\u00e9ger non seulement nos activit\u00e9s c\u00f4ti\u00e8res mais aussi l\u2019humanit\u00e9 enti\u00e8re du r\u00e9chauffement climatique. Ce serait \u00e9galement une mesure de pr\u00e9caution pour la pr\u00e9servation de la biodiversit\u00e9 dont des \u00e9tudes r\u00e9centes recommandent que 30% soit mis en r\u00e9serve.<\/p>\n<p style=\"font-weight: 400;\">\n<p style=\"font-weight: 400;\">\u201cA nos jours, la p\u00eache en haute mer et l\u2019\u00e9mergence des activit\u00e9s d\u2019exploitation mini\u00e8re en eaux profondes men\u00e9es par une poign\u00e9e de pays, riches pour l\u2019essentiel, viennent allonger la liste des menaces pesant d\u00e9j\u00e0\u0300 sur les oc\u00e9ans. Il s\u2019agit entre autres du changement climatique, de l\u2019acidification des oc\u00e9ans, la pollution plastique, la surp\u00eache, l\u2019industrie de la farine de poisson, la rar\u00e9faction des ressources&#8230;\u201d, a alerte\u0301, Dr Ibrahima CISSE, responsable de la campagne oc\u00e9ans de Greenpeace Afrique.<\/p>\n<p style=\"font-weight: 400;\">\n<p style=\"font-weight: 400;\">\u201cLes ressources biologiques et non biologiques, que renferme ce monde marin de la haute mer devraient \u00eatre un patrimoine prot\u00e9g\u00e9 de l\u2019humanit\u00e9. L\u2019adoption d\u2019un trait\u00e9 fort donnera l\u2019occasion aux gouvernements de r\u00e9parer les d\u00e9faillances de la gouvernance mondiale actuelle des oc\u00e9ans qui a entra\u00een\u00e9 la perte de la biodiversit\u00e9 dans la plupart des \u00e9cosyst\u00e8mes marins et de continuer \u00e0 garantir la biodiversit\u00e9, l\u2019emploi et la s\u00e9curit\u00e9 alimentaire de millions de personnes\u201d, ajoute Dr Ciss\u00e9.<\/p>\n<p style=\"font-weight: 400;\">\n<p style=\"font-weight: 400;\">Greenpeace\u00a0a entam\u00e9\u00a0cette ann\u00e9e une exp\u00e9dition allant du P\u00f4le Nord au P\u00f4le Sud. Le but de cette campagne \u00e9tant de conscientiser les d\u00e9cideurs et la communaut\u00e9 internationale sur la n\u00e9cessit\u00e9 de prot\u00e9ger\u00a0au moins 30 % des oc\u00e9ans d\u2019ici 2030 et\u00a0de sauvegarder la biodiversit\u00e9 et de fait assurer la durabilit\u00e9 de l\u2019exploitation des ressources dont d\u00e9pendent une grande partie des populations les plus pauvres et les plus vuln\u00e9rables de notre plan\u00e8te.<\/p>\n<p style=\"font-weight: 400;\"><strong>\u00a0<\/strong><\/p>\n<p style=\"font-weight: 400;\"><strong>\u00a0<\/strong><\/p>\n<p style=\"font-weight: 400;\"><strong>\u00a0<\/strong><\/p>\n<p style=\"font-weight: 400;\"><strong>Notes :<\/strong><\/p>\n<p style=\"font-weight: 400;\">\n<p style=\"font-weight: 400;\">Exp\u00e9dition de Greenpeace : prot\u00e9geons au moins 30 % des oc\u00e9ans d\u2019ici \u00e0 2030<a href=\"https:\/\/www.greenpeace.fr\/protegeons-nos-oceans\/\" data-saferedirecturl=\"https:\/\/www.google.com\/url?q=https:\/\/www.greenpeace.fr\/protegeons-nos-oceans\/&amp;source=gmail&amp;ust=1568289235743000&amp;usg=AFQjCNGl3oPoK1n6HYI-nRY0sNJy9fEtuA\">\u00a0<\/a><a href=\"https:\/\/www.greenpeace.fr\/protegeons-nos-oceans\/\" data-saferedirecturl=\"https:\/\/www.google.com\/url?q=https:\/\/www.greenpeace.fr\/protegeons-nos-oceans\/&amp;source=gmail&amp;ust=1568289235743000&amp;usg=AFQjCNGl3oPoK1n6HYI-nRY0sNJy9fEtuA\">https:\/\/www.greenpeace.fr\/protegeons-nos-oceans\/<\/a><\/p>\n<p style=\"font-weight: 400;\">Voir CECAF (2016). Rapport de la vingt-et-uni\u00e8me session du Comit\u00e9 des p\u00eaches pour l\u2019Atlantique Centre-Est.<\/p>\n<p style=\"font-weight: 400;\"><a href=\"http:\/\/doczz.fr\/doc\/1925821\/report-of-the-twenty-first-session-of-the-fishery-committ%E2%80%A6\" data-saferedirecturl=\"https:\/\/www.google.com\/url?q=http:\/\/doczz.fr\/doc\/1925821\/report-of-the-twenty-first-session-of-the-fishery-committ%25E2%2580%25A6&amp;source=gmail&amp;ust=1568289235743000&amp;usg=AFQjCNGAp4r6hKbO_iFTmS9NSDHHJLhPdA\">http:\/\/doczz.fr\/doc\/1925821\/report-of-the-twenty-first-session-of-the-fishery-committ\u2026<\/a><\/p>\n<p style=\"font-weight: 400;\"><sup>]<\/sup><a href=\"https:\/\/publications.europa.eu\/en\/publication-detail\/-\/publication\/08e725d1-5a8f-11e9-9151-01aa75ed71a1\" data-saferedirecturl=\"https:\/\/www.google.com\/url?q=https:\/\/publications.europa.eu\/en\/publication-detail\/-\/publication\/08e725d1-5a8f-11e9-9151-01aa75ed71a1&amp;source=gmail&amp;ust=1568289235743000&amp;usg=AFQjCNGfcbmJJ-4HGV7gQ7tlUCKPHej3tQ\">https:\/\/publications.europa.eu\/en\/publication-detail\/-\/publication\/08e725d1-5a8f-11e9-9151-01aa75ed71a1<\/a><\/p>\n<p style=\"font-weight: 400;\">Oc\u00e9an Action Hub (2017). Pr\u00e9sentation du S\u00e9n\u00e9gal : Pr\u00e9sentation du secteur de la p\u00eache.\u00a0<u><a href=\"http:\/\/www.oceanactionhub.org\/presentation-du-senegal-presentation-de-la-secteur-de-la-peche\" data-saferedirecturl=\"https:\/\/www.google.com\/url?q=http:\/\/www.oceanactionhub.org\/presentation-du-senegal-presentation-de-la-secteur-de-la-peche&amp;source=gmail&amp;ust=1568289235743000&amp;usg=AFQjCNF7_bmsenmEr7Ekj0DiBZPVtN2Zqw\">www.oceanactionhub.org\/presentation-du-senegal-presentation-de-la-secteur-de-la-peche<\/a><\/u><\/p>\n<p style=\"font-weight: 400;\">FAO (2018). La situation mondiale des p\u00eaches et de l\u2019aquaculture.<a href=\"http:\/\/www.fao.org\/documents\/card\/fr\/c\/I9540FR\" data-saferedirecturl=\"https:\/\/www.google.com\/url?q=http:\/\/www.fao.org\/documents\/card\/fr\/c\/I9540FR&amp;source=gmail&amp;ust=1568289235743000&amp;usg=AFQjCNFmLcT1LfEAgc1sLpKBiems0bj9WA\">\u00a0<\/a><a href=\"http:\/\/www.fao.org\/documents\/card\/fr\/c\/I9540FR\" data-saferedirecturl=\"https:\/\/www.google.com\/url?q=http:\/\/www.fao.org\/documents\/card\/fr\/c\/I9540FR&amp;source=gmail&amp;ust=1568289235743000&amp;usg=AFQjCNFmLcT1LfEAgc1sLpKBiems0bj9WA\">http:\/\/www.fao.org\/documents\/card\/fr\/c\/I9540FR<\/a><\/p>\n<p style=\"font-weight: 400;\"><sup>\u00a0<\/sup><\/p>\n<p style=\"font-weight: 400;\"><strong>Contacts pour les m\u00e9dias :<\/strong><\/p>\n<p style=\"font-weight: 400;\"><strong>\u00a0<\/strong><\/p>\n<ul>\n<li style=\"font-weight: 400;\">Dr. Ibrahima Ciss\u00e9, Responsable de la Campagne Oc\u00e9ans de Greenpeace Afrique,\u00a0<a href=\"mailto:icisse@greenpeace.org\">icisse@greenpeace.org<\/a>; +221770998842<\/li>\n<\/ul>\n<p style=\"font-weight: 400;\">\n<ul>\n<li style=\"font-weight: 400;\">Bakary Coulibaly, Charg\u00e9\u00a0de Communication, Greenpeace Afrique;\u00a0<a href=\"mailto:bkouliba@greenpeace.org\">bkouliba@greenpeace.org<\/a><u>;\u00a0<\/u>+221773336265<\/li>\n<\/ul>\n<p style=\"font-weight: 400;\"><strong>\u00a0<\/strong><\/p>\n<p style=\"font-weight: 400;\"><strong>Photos<\/strong>\u00a0:<a href=\"https:\/\/media.greenpeace.org\/collection\/27MZIFJ82G50O\" data-saferedirecturl=\"https:\/\/www.google.com\/url?q=https:\/\/media.greenpeace.org\/collection\/27MZIFJ82G50O&amp;source=gmail&amp;ust=1568289235743000&amp;usg=AFQjCNH2FL9qXrbzYJumLfGEuGL435u6qA\">\u00a0<\/a><a href=\"https:\/\/media.greenpeace.org\/collection\/27MZIFJ82G50O\" data-saferedirecturl=\"https:\/\/www.google.com\/url?q=https:\/\/media.greenpeace.org\/collection\/27MZIFJ82G50O&amp;source=gmail&amp;ust=1568289235743000&amp;usg=AFQjCNH2FL9qXrbzYJumLfGEuGL435u6qA\">https:\/\/media.greenpeace.org\/collection\/27MZIFJ82G50O<\/a><\/p>\n<p style=\"font-weight: 400;\"><strong>Vid\u00e9os :<\/strong><a href=\"https:\/\/media.greenpeace.org\/shoot\/27MZIFJ888VVU\" data-saferedirecturl=\"https:\/\/www.google.com\/url?q=https:\/\/media.greenpeace.org\/shoot\/27MZIFJ888VVU&amp;source=gmail&amp;ust=1568289235744000&amp;usg=AFQjCNG5j1uVHp68QDnALnvqag0EDinieQ\"><strong>\u00a0<\/strong><\/a><a href=\"https:\/\/media.greenpeace.org\/shoot\/27MZIFJ888VVU\" data-saferedirecturl=\"https:\/\/www.google.com\/url?q=https:\/\/media.greenpeace.org\/shoot\/27MZIFJ888VVU&amp;source=gmail&amp;ust=1568289235744000&amp;usg=AFQjCNG5j1uVHp68QDnALnvqag0EDinieQ\"><strong>https:\/\/media.greenpeace.org\/shoot\/27MZIFJ888VVU<\/strong><\/a><\/p>\n<p style=\"font-weight: 400;\">\u00a0\u00a0\u00a0\u00a0\u00a0\u00a0\u00a0\u00a0\u00a0\u00a0\u00a0\u00a0\u00a0\u00a0\u00a0<a href=\"https:\/\/media.greenpeace.org\/collection\/27MZIFJ8WWPPX\" data-saferedirecturl=\"https:\/\/www.google.com\/url?q=https:\/\/media.greenpeace.org\/collection\/27MZIFJ8WWPPX&amp;source=gmail&amp;ust=1568289235744000&amp;usg=AFQjCNFW9_HwafBqrzcGY-mCH8hmOYWIcg\">https:\/\/media.greenpeace.org\/collection\/27MZIFJ8WWPPX<\/a><\/p>\n","protected":false},"excerpt":{"rendered":"<p>Dakar, le 11 septembre 2019 &#8211;\u00a0Aujourd&#8217;hui, Greenpeace a exhort\u00e9 les gouvernements africains \u00e0 \u0153uvrer pour l\u2019adoption d\u2019un trait\u00e9 mondial fort pour les oc\u00e9ans, qui pourrait contribuer \u00e0 prot\u00e9ger au moins&hellip;<\/p>\n","protected":false},"author":30,"featured_media":7890,"comment_status":"open","ping_status":"open","sticky":false,"template":"","format":"standard","meta":{"_acf_changed":false,"ep_exclude_from_search":false,"p4_og_title":"","p4_og_description":"","p4_og_image":"","p4_og_image_id":"","p4_seo_canonical_url":"","p4_campaign_name":"","p4_local_project":"","p4_basket_name":"","p4_department":"","footnotes":""},"categories":[103,52],"tags":[28,40,50],"p4-page-type":[51],"class_list":["post-7889","post","type-post","status-publish","format-standard","has-post-thumbnail","hentry","category-issues-fr","category-proteger-lenvironnement","tag-oceans","tag-conservation","tag-senegal","p4-page-type-communiques-de-presse"],"acf":[],"_links":{"self":[{"href":"https:\/\/www.greenpeace.org\/africa\/fr\/wp-json\/wp\/v2\/posts\/7889","targetHints":{"allow":["GET"]}}],"collection":[{"href":"https:\/\/www.greenpeace.org\/africa\/fr\/wp-json\/wp\/v2\/posts"}],"about":[{"href":"https:\/\/www.greenpeace.org\/africa\/fr\/wp-json\/wp\/v2\/types\/post"}],"author":[{"embeddable":true,"href":"https:\/\/www.greenpeace.org\/africa\/fr\/wp-json\/wp\/v2\/users\/30"}],"replies":[{"embeddable":true,"href":"https:\/\/www.greenpeace.org\/africa\/fr\/wp-json\/wp\/v2\/comments?post=7889"}],"version-history":[{"count":4,"href":"https:\/\/www.greenpeace.org\/africa\/fr\/wp-json\/wp\/v2\/posts\/7889\/revisions"}],"predecessor-version":[{"id":7895,"href":"https:\/\/www.greenpeace.org\/africa\/fr\/wp-json\/wp\/v2\/posts\/7889\/revisions\/7895"}],"wp:featuredmedia":[{"embeddable":true,"href":"https:\/\/www.greenpeace.org\/africa\/fr\/wp-json\/wp\/v2\/media\/7890"}],"wp:attachment":[{"href":"https:\/\/www.greenpeace.org\/africa\/fr\/wp-json\/wp\/v2\/media?parent=7889"}],"wp:term":[{"taxonomy":"category","embeddable":true,"href":"https:\/\/www.greenpeace.org\/africa\/fr\/wp-json\/wp\/v2\/categories?post=7889"},{"taxonomy":"post_tag","embeddable":true,"href":"https:\/\/www.greenpeace.org\/africa\/fr\/wp-json\/wp\/v2\/tags?post=7889"},{"taxonomy":"p4-page-type","embeddable":true,"href":"https:\/\/www.greenpeace.org\/africa\/fr\/wp-json\/wp\/v2\/p4-page-type?post=7889"}],"curies":[{"name":"wp","href":"https:\/\/api.w.org\/{rel}","templated":true}]}}