{"id":8426,"date":"2019-11-07T09:43:16","date_gmt":"2019-11-07T09:43:16","guid":{"rendered":"https:\/\/www.greenpeace.org\/africa\/?p=8426"},"modified":"2019-11-07T09:49:44","modified_gmt":"2019-11-07T09:49:44","slug":"greenpeace-afrique-sur-les-inondations-dans-plusieurs-pays-du-continent-sans-action-pour-le-climat-nous-ferons-la-queue-pour-larche-de-noe","status":"publish","type":"post","link":"https:\/\/www.greenpeace.org\/africa\/fr\/communiques-de-presse\/8426\/greenpeace-afrique-sur-les-inondations-dans-plusieurs-pays-du-continent-sans-action-pour-le-climat-nous-ferons-la-queue-pour-larche-de-noe\/","title":{"rendered":"Greenpeace Afrique sur les inondations dans plusieurs pays du continent: &#8220;Sans Action pour le climat, nous ferons la queue pour l&#8217;Arche de No\u00e9&#8221;"},"content":{"rendered":"\n<p><strong>Nairobi, le 7 novembre 2019 &#8211; Greenpeace Afrique appelle les dirigeants \u00e0 agir pour la population et contre le changement climatique, en raison des inondations qui ont frapp\u00e9 au moins 16 pays africains.<\/strong><\/p>\n\n<p>Les pluies ont \u00e9t\u00e9 de plus en plus torrentielles ces derniers mois, frappant de vastes r\u00e9gions comme en Somalie, au Soudan du Sud, en Centrafrique et en C\u00f4te d\u2019ivoire. Les pluies frappent avec une intensit\u00e9 sans pr\u00e9c\u00e9dent depuis des d\u00e9cennies, faisant au moins des dizaines de morts et causant le d\u00e9placement de plus d\u2019un million de personnes. Greenpeace Afrique appelle les dirigeants africains \u00e0 apporter une aide imm\u00e9diate aux personnes touch\u00e9es, mais \u00e9galement \u00e0 prendre des mesures pour faire face \u00e0 la crise climatique.<\/p>\n\n<p>\u00abDes inondations \u00e0 la s\u00e9cheresse, les conditions m\u00e9t\u00e9orologiques extr\u00eames sont une cons\u00e9quence directe des mauvaises politiques \u00e9nerg\u00e9tiques, de la combustion insens\u00e9e de combustibles fossiles et de la destruction inconsid\u00e9r\u00e9e de nos for\u00eats\u00bb, a d\u00e9clar\u00e9 Amos Wemanya, charg\u00e9 de campagne \u00e0 Greenpeace Afrique.&nbsp;<\/p>\n\n<p>\u00abCe continent ne doit pas attendre un miracle pour \u00e9viter la prochaine inondation. Si nous ne rompons pas avec le charbon, ne prot\u00e9geons pas nos for\u00eats tropicales et nos oc\u00e9ans, ne transformons pas notre agriculture, et tant que&nbsp; les \u00c9tats-Unis ne respectent pas l\u2019Accord de Paris, nous finirons tous par faire la queue pour l\u2019Arche de No\u00e9 \u00bb, a conclu Wemanya.<\/p>\n\n<p>Avec des conditions m\u00e9t\u00e9orologiques plus extr\u00eames, Greenpeace Afrique continuera de faire la gr\u00e8ve avec les jeunes pour le climat. En pr\u00e9lude \u00e0 la journ\u00e9e du vendredi 29 novembre, d\u00e9nomm\u00e9e Fridays For the Future les jeunes leaders du climat au Kenya, au Cameroun, en Ouganda, au Nigeria et dans d&#8217;autres pays touch\u00e9s, vont utiliser les canaux de Greenpeace Afrique&nbsp; pour continuer \u00e0 demander \u00e0 leurs dirigeants de prendre des mesures urgentes<\/p>\n\n<p><strong>Contact pour des interviews et plus d&#8217;informations:<\/strong><\/p>\n\n<ul class=\"wp-block-list\"><li>Bakary Koulibaly, Communication Officer, +221-773336265 , <a href=\"mailto:bakary.koulibaly@greenpeace.org\">bakary.koulibaly@greenpeace.org<\/a><\/li><li>Tal Harris, Coordinateur des communications internationales, +221-774643195, <a href=\"mailto:tal.harris@greenpeace.org\">tal.harris@greenpeace.org<\/a><\/li><li>Greenpeace Afrique Newsdesk: <a href=\"mailto:nafrica@greenpeace.org\">nafrica@greenpeace.org<\/a><\/li><\/ul>\n\n<p><strong>Greenpeace Afrique dans les r\u00e9seaux sociaux:&nbsp;<\/strong><\/p>\n\n<p><a href=\"http:\/\/www.facebook.com\/GreenpeaceAfrica\">www.facebook.com\/GreenpeaceAfrica<\/a> ; <a href=\"http:\/\/www.instagram.com\/greenpeaceafrica\">www.instagram.com\/greenpeaceafrica<\/a><\/p>\n\n<p><a href=\"http:\/\/www.twitter.com\/Greenpeaceafric\">www.twitter.com\/Greenpeaceafric<\/a><br><\/p>\n","protected":false},"excerpt":{"rendered":"<p>Nairobi, le 7 novembre 2019 &#8211; Greenpeace Afrique appelle les dirigeants \u00e0 agir pour la population et contre le changement climatique, en raison des inondations qui ont frapp\u00e9 au moins&hellip;<\/p>\n","protected":false},"author":27,"featured_media":8429,"comment_status":"open","ping_status":"open","sticky":false,"template":"","format":"standard","meta":{"_acf_changed":false,"ep_exclude_from_search":false,"p4_og_title":"","p4_og_description":"","p4_og_image":"","p4_og_image_id":"","p4_seo_canonical_url":"","p4_campaign_name":"not set","p4_local_project":"","p4_basket_name":"not set","p4_department":"","footnotes":""},"categories":[52],"tags":[42,54,96],"p4-page-type":[51],"class_list":["post-8426","post","type-post","status-publish","format-standard","has-post-thumbnail","hentry","category-proteger-lenvironnement","tag-greenpeaceafrique","tag-forets","tag-oceans-fr","p4-page-type-communiques-de-presse"],"acf":[],"_links":{"self":[{"href":"https:\/\/www.greenpeace.org\/africa\/fr\/wp-json\/wp\/v2\/posts\/8426","targetHints":{"allow":["GET"]}}],"collection":[{"href":"https:\/\/www.greenpeace.org\/africa\/fr\/wp-json\/wp\/v2\/posts"}],"about":[{"href":"https:\/\/www.greenpeace.org\/africa\/fr\/wp-json\/wp\/v2\/types\/post"}],"author":[{"embeddable":true,"href":"https:\/\/www.greenpeace.org\/africa\/fr\/wp-json\/wp\/v2\/users\/27"}],"replies":[{"embeddable":true,"href":"https:\/\/www.greenpeace.org\/africa\/fr\/wp-json\/wp\/v2\/comments?post=8426"}],"version-history":[{"count":3,"href":"https:\/\/www.greenpeace.org\/africa\/fr\/wp-json\/wp\/v2\/posts\/8426\/revisions"}],"predecessor-version":[{"id":8432,"href":"https:\/\/www.greenpeace.org\/africa\/fr\/wp-json\/wp\/v2\/posts\/8426\/revisions\/8432"}],"wp:featuredmedia":[{"embeddable":true,"href":"https:\/\/www.greenpeace.org\/africa\/fr\/wp-json\/wp\/v2\/media\/8429"}],"wp:attachment":[{"href":"https:\/\/www.greenpeace.org\/africa\/fr\/wp-json\/wp\/v2\/media?parent=8426"}],"wp:term":[{"taxonomy":"category","embeddable":true,"href":"https:\/\/www.greenpeace.org\/africa\/fr\/wp-json\/wp\/v2\/categories?post=8426"},{"taxonomy":"post_tag","embeddable":true,"href":"https:\/\/www.greenpeace.org\/africa\/fr\/wp-json\/wp\/v2\/tags?post=8426"},{"taxonomy":"p4-page-type","embeddable":true,"href":"https:\/\/www.greenpeace.org\/africa\/fr\/wp-json\/wp\/v2\/p4-page-type?post=8426"}],"curies":[{"name":"wp","href":"https:\/\/api.w.org\/{rel}","templated":true}]}}