{"id":9060,"date":"2020-03-05T06:48:54","date_gmt":"2020-03-05T06:48:54","guid":{"rendered":"https:\/\/www.greenpeace.org\/africa\/?p=9060"},"modified":"2021-12-01T12:44:58","modified_gmt":"2021-12-01T12:44:58","slug":"le-ministre-congolais-de-lenvironnement-et-developpement-durable-doit-reagir-au-premier-grand-scandale-forestier-de-son-ministere","status":"publish","type":"post","link":"https:\/\/www.greenpeace.org\/africa\/fr\/communiques-de-presse\/9060\/le-ministre-congolais-de-lenvironnement-et-developpement-durable-doit-reagir-au-premier-grand-scandale-forestier-de-son-ministere\/","title":{"rendered":"Le ministre congolais de l&#8217;Environnement et D\u00e9veloppement Durable doit r\u00e9agir au premier grand scandale forestier de son minist\u00e8re."},"content":{"rendered":"\n<p><strong>Kinshasa, 04 mars 2020 &#8211; Suite aux informations selon lesquelles le ministre de l&#8217;Environnement et D\u00e9veloppement Durable de la RDC, Claude Nyamugabo, a sign\u00e9 au moins neuf contrats de concession foresti\u00e8re en janvier [1], Greenpeace Afrique se joint \u00e0 ses partenaires de la soci\u00e9t\u00e9 civile pour demander leur publication imm\u00e9diate ainsi que celle de tout document associ\u00e9 \u00e0 leur attribution.<\/strong><\/p>\n\n<p>Les neuf contrats, couvrant une superficie totale de pr\u00e8s de deux millions d&#8217;hectares, ont \u00e9t\u00e9 sign\u00e9s le 14 janvier avec deux soci\u00e9t\u00e9s chinoises, Congo King Baisheng Forestry Development, cr\u00e9\u00e9e le 3 janvier, et Congo Sunflower Forestry Development, dont la date de cr\u00e9ation n\u2019est pas connue. Les concessions concern\u00e9es se trouvent dans les provinces de la Mongala, de l\u2019Equateur, du Bas-Uele, de la Tshopo et de la Tshuapa. Pour le Minist\u00e8re, il ne s\u2019agit que de \u201ccessions\u201d de titres existants. [1]<\/p>\n\n<p>\u00abLa plus grande for\u00eat tropicale d\u2019Afrique n\u2019a jamais connu la transparence qu\u2019elle m\u00e9rite\u00bb, d\u00e9clare Ir\u00e8ne Wabiwa Betoko, chef de projet international a.i. pour la campagne for\u00eat de Greenpeace Afrique. \u00abLe ministre doit respecter ses promesses de transparence et publier sur le site du minist\u00e8re, d\u2019ici ce vendredi, tous les documents aff\u00e9rents \u00e0 ces attributions. Il s\u2019agit, pour chacun des neuf contrats, du contrat lui-m\u00eame, de l\u2019acte de cession conclu entre les concessionnaires, de la demande de cession adress\u00e9e au ministre, de l\u2019ancien contrat de concession, de l\u2019arr\u00eat\u00e9 autorisant la cession, ainsi que des accords des clauses sociales avec les communaut\u00e9s concern\u00e9es\u00bb, ajoute Mme Wabiwa Betoko.&nbsp;<\/p>\n\n<p>Aucun des contrats sign\u00e9s le 14 janvier n&#8217;a encore \u00e9t\u00e9 publi\u00e9 au Journal officiel. Le d\u00e9cret n\u00b011\/26 du 12 mai 2011 exige la publication dans les 60 jours de tout contrat ayant pour objet les ressources naturelles.<\/p>\n\n<p>Ces contrats ont \u00e9t\u00e9 sign\u00e9s quelques semaines seulement apr\u00e8s l&#8217;approbation par l\u2019Initiative pour la For\u00eat de l\u2019Afrique Centrale (CAFI) du \u00abProgramme de gestion durable des for\u00eats\u00bb (PGDF) de l&#8217;Agence fran\u00e7aise de d\u00e9veloppement (AFD), un programme de 12 millions de dollars am\u00e9ricains dont le d\u00e9caissement semble avoir commenc\u00e9.<\/p>\n\n<p>\u00abLa for\u00eat n\u2019abrite pas seulement des milliers de communaut\u00e9s, mais aussi&nbsp; une riche biodiversit\u00e9 menac\u00e9e d&#8217;extinction. C\u2019est aussi un champ de bataille pour l\u2019avenir de la gouvernance dans ce pays. Le Pr\u00e9sident F\u00e9lix Tshisekedi a une obligation historique de garantir le respect de la loi congolaise et la protection de la for\u00eat \u00bb, a conclu Mme Wabiwa Betoko.<\/p>\n\n<p>[1] <a href=\"http:\/\/www.environews-rdc.org\/2020\/02\/24\/foret-9-concessions-octroyees-aux-entreprises-chinoises-lindignation-de-la-societe-civile\/#more-9602\">www.environews-rdc.org\/2020\/02\/24\/foret-9-concessions-octroyees-aux-entreprises-chinoises-lindignation-de-la-societe-civile\/#more-9602<\/a><\/p>\n\n<p>Contact :<\/p>\n\n<p>Ir\u00e8ne Wabiwa Betoko, chef de projet international par int\u00e9rim pour la campagne For\u00eat du Congo Basin, pour Greenpeace Afrique<\/p>\n\n<p>T\u00e9l\u00e9phone: +243 976 756 102, Email: <a href=\"mailto:irene.wabiwa@greenpeace.org\">irene.wabiwa@greenpeace.org<\/a><\/p>\n\n<p>Tal Harris, coordinateur des communications internationales pour Greenpeace Afrique<\/p>\n\n<p>T\u00e9l\u00e9phone: +221 774 64 31 95, Email: <a href=\"mailto:tal.harris@greenpeace.org\">tal.harris@greenpeace.org<\/a><br><\/p>\n\t\t\t<section\n\t\t\tclass=\"boxout post-4756 \"\n\t\t\t\n\t\t>\n\t\t\t<a\n\t\t\t\tdata-ga-category=\"Take Action Boxout\"\n\t\t\t\tdata-ga-action=\"Image\"\n\t\t\t\tdata-ga-label=\"n\/a\"\n\t\t\t\tclass=\"cover-card-overlay\"\n\t\t\t\thref=\"https:\/\/www.greenpeace.org\/africa\/fr\/agir\/congobasinforest\/\" \n\t\t\t><\/a>\n\t\t\t\t\t\t\t<img\n\t\t\t\t\t\tsrc=\"https:\/\/www.greenpeace.org\/static\/planet4-africa-stateless\/2018\/11\/f2005b2a-gp0stoupc-1024x683.jpg\"\n\t\t\t\t\t\tsrcset=\"https:\/\/www.greenpeace.org\/static\/planet4-africa-stateless\/2018\/11\/f2005b2a-gp0stoupc-300x200.jpg 300w, https:\/\/www.greenpeace.org\/static\/planet4-africa-stateless\/2018\/11\/f2005b2a-gp0stoupc-768x512.jpg 768w, https:\/\/www.greenpeace.org\/static\/planet4-africa-stateless\/2018\/11\/f2005b2a-gp0stoupc-1024x683.jpg 1024w, https:\/\/www.greenpeace.org\/static\/planet4-africa-stateless\/2018\/11\/f2005b2a-gp0stoupc-510x340.jpg 510w, https:\/\/www.greenpeace.org\/static\/planet4-africa-stateless\/2018\/11\/f2005b2a-gp0stoupc.jpg 1200w\"\n\t\t\t\t\t\tsizes=\"(min-width: 1000px) 358px, (min-width: 780px) 313px, 88px\"\n\t\t\t\t\t\talt=\"Local Girl in Cameroon. \u00a9 John Novis\" title=\"Local Girl in Cameroon. \u00a9 John Novis\"\n\t\t\t\t\/>\n            \t\t\t<div class=\"boxout-content\">\n\t\t\t\t\t\t\t\t\t<a\n\t\t\t\t\t\tclass=\"boxout-heading medium\"\n\t\t\t\t\t\tdata-ga-category=\"Take Action Boxout\"\n\t\t\t\t\t\tdata-ga-action=\"Title\"\n\t\t\t\t\t\tdata-ga-label=\"n\/a\"\n\t\t\t\t\t\thref=\"https:\/\/www.greenpeace.org\/africa\/fr\/agir\/congobasinforest\/\"\n\t\t\t\t\t\t\n\t\t\t\t\t>\n\t\t\t\t\t\tLa for\u00eat du Bassin du Congo\n\t\t\t\t\t<\/a>\n\t\t\t\t\t\t\t\t                                    <a\n                        class=\"btn btn-primary\"\n                        data-ga-category=\"Take Action Boxout\"\n                        data-ga-action=\"Call to Action\"\n                        data-ga-label=\"n\/a\"\n                        href=\"https:\/\/www.greenpeace.org\/africa\/fr\/agir\/congobasinforest\/\"\n                        \n                    >\n                        \u00catre impliqu\u00e9\n                    <\/a>\n                \t\t\t<\/div>\n\t\t\t\t\t<\/section>\n\t","protected":false},"excerpt":{"rendered":"<p>Kinshasa, 04 mars 2020 &#8211; Suite aux informations selon lesquelles le ministre de l&rsquo;Environnement et D\u00e9veloppement Durable de la RDC, Claude Nyamugabo, a sign\u00e9 au moins neuf contrats de concession&hellip;<\/p>\n","protected":false},"author":27,"featured_media":9061,"comment_status":"open","ping_status":"open","sticky":false,"template":"","format":"standard","meta":{"_acf_changed":false,"ep_exclude_from_search":false,"p4_og_title":"","p4_og_description":"","p4_og_image":"","p4_og_image_id":"","p4_seo_canonical_url":"","p4_campaign_name":"not set","p4_local_project":"","p4_basket_name":"not set","p4_department":"","footnotes":""},"categories":[52],"tags":[42,54,55],"p4-page-type":[51],"class_list":["post-9060","post","type-post","status-publish","format-standard","has-post-thumbnail","hentry","category-proteger-lenvironnement","tag-greenpeaceafrique","tag-forets","tag-rdc","p4-page-type-communiques-de-presse"],"acf":[],"_links":{"self":[{"href":"https:\/\/www.greenpeace.org\/africa\/fr\/wp-json\/wp\/v2\/posts\/9060","targetHints":{"allow":["GET"]}}],"collection":[{"href":"https:\/\/www.greenpeace.org\/africa\/fr\/wp-json\/wp\/v2\/posts"}],"about":[{"href":"https:\/\/www.greenpeace.org\/africa\/fr\/wp-json\/wp\/v2\/types\/post"}],"author":[{"embeddable":true,"href":"https:\/\/www.greenpeace.org\/africa\/fr\/wp-json\/wp\/v2\/users\/27"}],"replies":[{"embeddable":true,"href":"https:\/\/www.greenpeace.org\/africa\/fr\/wp-json\/wp\/v2\/comments?post=9060"}],"version-history":[{"count":3,"href":"https:\/\/www.greenpeace.org\/africa\/fr\/wp-json\/wp\/v2\/posts\/9060\/revisions"}],"predecessor-version":[{"id":50069,"href":"https:\/\/www.greenpeace.org\/africa\/fr\/wp-json\/wp\/v2\/posts\/9060\/revisions\/50069"}],"wp:featuredmedia":[{"embeddable":true,"href":"https:\/\/www.greenpeace.org\/africa\/fr\/wp-json\/wp\/v2\/media\/9061"}],"wp:attachment":[{"href":"https:\/\/www.greenpeace.org\/africa\/fr\/wp-json\/wp\/v2\/media?parent=9060"}],"wp:term":[{"taxonomy":"category","embeddable":true,"href":"https:\/\/www.greenpeace.org\/africa\/fr\/wp-json\/wp\/v2\/categories?post=9060"},{"taxonomy":"post_tag","embeddable":true,"href":"https:\/\/www.greenpeace.org\/africa\/fr\/wp-json\/wp\/v2\/tags?post=9060"},{"taxonomy":"p4-page-type","embeddable":true,"href":"https:\/\/www.greenpeace.org\/africa\/fr\/wp-json\/wp\/v2\/p4-page-type?post=9060"}],"curies":[{"name":"wp","href":"https:\/\/api.w.org\/{rel}","templated":true}]}}