{"id":9111,"date":"2020-03-19T12:11:06","date_gmt":"2020-03-19T12:11:06","guid":{"rendered":"https:\/\/www.greenpeace.org\/africa\/?p=9111"},"modified":"2021-12-01T12:44:44","modified_gmt":"2021-12-01T12:44:44","slug":"les-fausses-solutions-a-la-pollution-plastique","status":"publish","type":"post","link":"https:\/\/www.greenpeace.org\/africa\/fr\/les-blogs\/9111\/les-fausses-solutions-a-la-pollution-plastique\/","title":{"rendered":"Les \u201cfausses solutions\u201d \u00e0 la pollution plastique"},"content":{"rendered":"\n<figure class=\"wp-block-image size-large  caption-style-blue-overlay caption-alignment-center\"><img loading=\"lazy\" decoding=\"async\" width=\"974\" height=\"650\" src=\"https:\/\/www.greenpeace.org\/static\/planet4-africa-stateless\/2020\/03\/434449a3-picture1.png\" alt=\"\" class=\"wp-image-9112\" srcset=\"https:\/\/www.greenpeace.org\/static\/planet4-africa-stateless\/2020\/03\/434449a3-picture1.png 974w, https:\/\/www.greenpeace.org\/static\/planet4-africa-stateless\/2020\/03\/434449a3-picture1-300x200.png 300w, https:\/\/www.greenpeace.org\/static\/planet4-africa-stateless\/2020\/03\/434449a3-picture1-768x513.png 768w, https:\/\/www.greenpeace.org\/static\/planet4-africa-stateless\/2020\/03\/434449a3-picture1-510x340.png 510w\" sizes=\"auto, (max-width: 974px) 100vw, 974px\" \/><\/figure>\n\n<p>Par\nAwa Traor\u00e9, Charg\u00e9e de campagne oc\u00e9ans \u00e0 Greenpeace Afrique<\/p>\n\n<p>Ces\nderniers temps, je m\u2019aper\u00e7ois que le d\u00e9bat sur la pollution plastique prend\ndiff\u00e9rentes tournures. Lorsque certains acteurs de la soci\u00e9t\u00e9 civile\ns\u2019efforcent de trouver des alternatives de&nbsp;\nnettoyage, de recyclage, et de r\u00e9utilisation du plastique, d\u2019autres se\npenchent sur les alternatives traditionnelles telles que l\u2019utilisation des sacs\nalternatifs en pagne tiss\u00e9 ou rafia, ou l\u2019utilisation des calebasses, comme\npaniers de la m\u00e9nag\u00e8re qui, en son temps, constituaient le petit bijou de\nmarch\u00e9 de nos grands m\u00e8res et m\u00e8res de l\u2019\u00e9poque. <\/p>\n\n<p>Toutefois,\naujourd\u2019hui, il faut se rendre \u00e0 l\u2019\u00e9vidence. Malgr\u00e9 toutes ces bonnes volont\u00e9s,\nactions citoyennes et initiatives \u00e9coresponsables, force est de reconna\u00eetre que\ntoutes ces \u00e9nergies positives r\u00e9unies ne parviendront pas \u00e0 r\u00e9soudre seules et\nde mani\u00e8re effective ce p\u00e9ril du plastique. Tant que les entreprises\nresponsables de cette crise du plastique n\u2019y mettront pas des leurs en arr\u00eatant\nla production massive de cette substance toxique, la biodiversit\u00e9, le paysage urbain,\nles oc\u00e9ans, l\u2019\u00e9cosyst\u00e8me en g\u00e9n\u00e9ral continuera d\u2019\u00eatre menac\u00e9 et d\u00e9grad\u00e9.<\/p>\n\n<figure class=\"wp-block-image size-large  caption-style-blue-overlay caption-alignment-center\"><img loading=\"lazy\" decoding=\"async\" width=\"974\" height=\"650\" src=\"https:\/\/www.greenpeace.org\/static\/planet4-africa-stateless\/2020\/03\/688bb48e-picture2.png\" alt=\"\" class=\"wp-image-9114\" srcset=\"https:\/\/www.greenpeace.org\/static\/planet4-africa-stateless\/2020\/03\/688bb48e-picture2.png 974w, https:\/\/www.greenpeace.org\/static\/planet4-africa-stateless\/2020\/03\/688bb48e-picture2-300x200.png 300w, https:\/\/www.greenpeace.org\/static\/planet4-africa-stateless\/2020\/03\/688bb48e-picture2-768x513.png 768w, https:\/\/www.greenpeace.org\/static\/planet4-africa-stateless\/2020\/03\/688bb48e-picture2-510x340.png 510w\" sizes=\"auto, (max-width: 974px) 100vw, 974px\" \/><\/figure>\n\n<p>Actuellement,\ncertaines entreprises de produits de grande consommation tentent de r\u00e9soudre\nleur probl\u00e8me de plastique en faisant passer leurs emballages jetables du\nplastique au papier.<\/p>\n\n<p>Ces entreprises\nconsid\u00e8rent le remplacement du plastique par le papier comme \u00e9tant une\nalternative innovatrice et une action positive qui m\u00e9ritent de faire leurs\n\u00e9loges parce que le papier a longtemps \u00e9t\u00e9 consid\u00e9r\u00e9 comme un mat\u00e9riau\n\u00e9cologiquement durable. Cependant, en r\u00e9alit\u00e9, ce changement est probl\u00e9matique.<\/p>\n\n<p>Les\nfor\u00eats jouent un r\u00f4le unique en soutenant un vaste \u00e9ventail de biodiversit\u00e9, en\n\u00e9liminant et en stockant le carbone, en fournissant subsistance et moyens de\nsubsistance aux peuples autochtones et en fournissant toute une gamme de\nservices \u00e9cologiques permettant de pr\u00e9server la vie. <\/p>\n\n<p>L\u2019industrie\nde la p\u00e2te \u00e0 papier et du papier est responsable d\u2019impacts consid\u00e9rables sur\nl\u2019environnement, notamment le changement climatique, du fait que l\u2019exploitation\nforesti\u00e8re et les grandes plantations industrielles d\u2019arbres entra\u00eenent la\nd\u00e9gradation naturelle des for\u00eats, \u00e9mettant d\u2019\u00e9normes quantit\u00e9s de CO2. <\/p>\n\n<p>Dans\nla course pour limiter le r\u00e9chauffement climatique \u00e0 1,5 degr\u00e9s Celsius,\nr\u00e9duire les \u00e9missions ne suffit pas. Nous devrons \u00e9galement \u00e9liminer d\u2019\u00e9normes\nquantit\u00e9s de dioxyde de carbone de l\u2019atmosph\u00e8re. Les moyens les plus efficaces\nd&#8217;y parvenir sont de pr\u00e9server nos for\u00eats en \u00e9vitant toutes formes de\nd\u00e9forestation, restaurer les for\u00eats d\u00e9grad\u00e9es et de reboiser de grandes parties\ndes zones perdues dans le pass\u00e9. Ceci est fondamentalement incompatible avec\nune augmentation de l&#8217;exploitation foresti\u00e8re et des plantations industrielles.<\/p>\n\n<figure class=\"wp-block-image size-large  caption-style-blue-overlay caption-alignment-center\"><img loading=\"lazy\" decoding=\"async\" width=\"974\" height=\"650\" src=\"https:\/\/www.greenpeace.org\/static\/planet4-africa-stateless\/2020\/03\/c64d412f-picture3.png\" alt=\"\" class=\"wp-image-9116\" srcset=\"https:\/\/www.greenpeace.org\/static\/planet4-africa-stateless\/2020\/03\/c64d412f-picture3.png 974w, https:\/\/www.greenpeace.org\/static\/planet4-africa-stateless\/2020\/03\/c64d412f-picture3-300x200.png 300w, https:\/\/www.greenpeace.org\/static\/planet4-africa-stateless\/2020\/03\/c64d412f-picture3-768x513.png 768w, https:\/\/www.greenpeace.org\/static\/planet4-africa-stateless\/2020\/03\/c64d412f-picture3-510x340.png 510w\" sizes=\"auto, (max-width: 974px) 100vw, 974px\" \/><\/figure>\n\n<p>Bien\nque le papier soit recycl\u00e9 depuis des si\u00e8cles, les syst\u00e8mes actuels de\nrecyclage du papier ne parviennent pas \u00e0 fournir suffisamment de fibres\nrecycl\u00e9es de qualit\u00e9 dans de nombreux pays, en partie \u00e0 cause de la\ncontamination du flux de recyclage, ce qui incite les municipalit\u00e9s \u00e0 incin\u00e9rer\nou \u00e0 mettre en d\u00e9charge de grandes quantit\u00e9s de papier collect\u00e9es pour le\nrecyclage.<\/p>\n\n<p>Les\ngrandes entreprises de produits de grande consommation qui ont annonc\u00e9 le\npassage aux emballages en papier ne semblent pas au courant de ces limitations;\naucune d&#8217;entre elles ne s&#8217;est engag\u00e9e \u00e0 s&#8217;approvisionner exclusivement en\nfibres recycl\u00e9es post-consommation, et beaucoup ignorent m\u00eame la recyclabilit\u00e9\nfuture de leurs emballages en papier.<\/p>\n\n<p>C\u2019est\ndonc dire que le passage du plastique \u00e0 d&#8217;autres formes d&#8217;emballage \u00e0 usage\nunique ne r\u00e9soudra pas la crise de la pollution plastique. Pour faire face \u00e0\ncette crise mondiale, des entreprises telles que Nestl\u00e9, PepsiCo, Procter &amp;\nGamble, Coca Cola, etc. doivent de toute urgence r\u00e9duire le nombre d&#8217;unit\u00e9s de\nconditionnement jetables qu&#8217;elles vendent.<\/p>\n\n<figure class=\"wp-block-image size-large  caption-style-blue-overlay caption-alignment-center\"><img loading=\"lazy\" decoding=\"async\" width=\"974\" height=\"547\" src=\"https:\/\/www.greenpeace.org\/static\/planet4-africa-stateless\/2020\/03\/ad7fc451-picture4.png\" alt=\"\" class=\"wp-image-9118\" srcset=\"https:\/\/www.greenpeace.org\/static\/planet4-africa-stateless\/2020\/03\/ad7fc451-picture4.png 974w, https:\/\/www.greenpeace.org\/static\/planet4-africa-stateless\/2020\/03\/ad7fc451-picture4-300x168.png 300w, https:\/\/www.greenpeace.org\/static\/planet4-africa-stateless\/2020\/03\/ad7fc451-picture4-768x431.png 768w, https:\/\/www.greenpeace.org\/static\/planet4-africa-stateless\/2020\/03\/ad7fc451-picture4-510x286.png 510w\" sizes=\"auto, (max-width: 974px) 100vw, 974px\" \/><\/figure>\n\n<p>Compostables,\nbiod\u00e9gradables, recyclables\u2026 depuis des ann\u00e9es, les entreprises affirment que\nces solutions \u00abinnovantes\u00bb r\u00e9pondent \u00e0 la pollution plastique \u00e0 laquelle nous\nsommes confront\u00e9s. Mais elles ont tort. Ce qu\u2019elles promettent sont des solutions\nfausses qui ne fonctionnent pas.<\/p>\n\n<p>Elles\ndoivent de toute urgence r\u00e9duire la quantit\u00e9 d&#8217;emballages jetables qu&#8217;elles\nvendent et investir dans la r\u00e9utilisation et le rechargeable\/remplissage en\n\u00e9liminant les emballages inutiles et excessifs tels que les capsules de caf\u00e9\npar exemple.<\/p>\n\n<p>Toute\nsolution \u00e0 la crise mondiale de la pollution plastique devrait contribuer \u00e0 une\n&#8220;transition juste&#8221; vers une \u00e9conomie sans plastique.<\/p>\n\n<p>Il\nest donc temps que ces entreprises qui d\u00e9clarent s\u2019engager dans la lutte contre\nla pollution plastique qu\u2019elles ont elles-m\u00eame contribu\u00e9 \u00e0 cr\u00e9er cessent\nd\u2019investir dans les \u00abmauvaises\u00bb solutions.<\/p>\n\n<p>Contacts:\nOceans Campaigner,<strong> Awa Traor\u00e9<\/strong><\/p>\n<div class=\"EmptyMessage\">Block content is empty. Check the block&#8217;s settings or remove it.<\/div>","protected":false},"excerpt":{"rendered":"<p>Par Awa Traor\u00e9, Charg\u00e9e de campagne oc\u00e9ans \u00e0 Greenpeace Afrique Ces derniers temps, je m\u2019aper\u00e7ois que le d\u00e9bat sur la pollution plastique prend diff\u00e9rentes tournures. Lorsque certains acteurs de la&hellip;<\/p>\n","protected":false},"author":29,"featured_media":8903,"comment_status":"open","ping_status":"open","sticky":false,"template":"","format":"standard","meta":{"_acf_changed":false,"ep_exclude_from_search":false,"p4_og_title":"","p4_og_description":"","p4_og_image":"","p4_og_image_id":"","p4_seo_canonical_url":"","p4_campaign_name":"not set","p4_local_project":"","p4_basket_name":"not set","p4_department":"","footnotes":""},"categories":[57,103],"tags":[42,62,96],"p4-page-type":[104],"class_list":["post-9111","post","type-post","status-publish","format-standard","has-post-thumbnail","hentry","category-inspirer-le-mouvement","category-issues-fr","tag-greenpeaceafrique","tag-plastiques","tag-oceans-fr","p4-page-type-les-blogs"],"acf":[],"_links":{"self":[{"href":"https:\/\/www.greenpeace.org\/africa\/fr\/wp-json\/wp\/v2\/posts\/9111","targetHints":{"allow":["GET"]}}],"collection":[{"href":"https:\/\/www.greenpeace.org\/africa\/fr\/wp-json\/wp\/v2\/posts"}],"about":[{"href":"https:\/\/www.greenpeace.org\/africa\/fr\/wp-json\/wp\/v2\/types\/post"}],"author":[{"embeddable":true,"href":"https:\/\/www.greenpeace.org\/africa\/fr\/wp-json\/wp\/v2\/users\/29"}],"replies":[{"embeddable":true,"href":"https:\/\/www.greenpeace.org\/africa\/fr\/wp-json\/wp\/v2\/comments?post=9111"}],"version-history":[{"count":2,"href":"https:\/\/www.greenpeace.org\/africa\/fr\/wp-json\/wp\/v2\/posts\/9111\/revisions"}],"predecessor-version":[{"id":50063,"href":"https:\/\/www.greenpeace.org\/africa\/fr\/wp-json\/wp\/v2\/posts\/9111\/revisions\/50063"}],"wp:featuredmedia":[{"embeddable":true,"href":"https:\/\/www.greenpeace.org\/africa\/fr\/wp-json\/wp\/v2\/media\/8903"}],"wp:attachment":[{"href":"https:\/\/www.greenpeace.org\/africa\/fr\/wp-json\/wp\/v2\/media?parent=9111"}],"wp:term":[{"taxonomy":"category","embeddable":true,"href":"https:\/\/www.greenpeace.org\/africa\/fr\/wp-json\/wp\/v2\/categories?post=9111"},{"taxonomy":"post_tag","embeddable":true,"href":"https:\/\/www.greenpeace.org\/africa\/fr\/wp-json\/wp\/v2\/tags?post=9111"},{"taxonomy":"p4-page-type","embeddable":true,"href":"https:\/\/www.greenpeace.org\/africa\/fr\/wp-json\/wp\/v2\/p4-page-type?post=9111"}],"curies":[{"name":"wp","href":"https:\/\/api.w.org\/{rel}","templated":true}]}}